{"id":79878,"date":"2025-05-06T17:58:06","date_gmt":"2025-05-06T17:58:06","guid":{"rendered":"https:\/\/www.europesays.com\/fr\/79878\/"},"modified":"2025-05-06T17:58:06","modified_gmt":"2025-05-06T17:58:06","slug":"russie-a-moscou-un-homme-saute-dun-pont-pour-protester-contre-vladimir-poutine","status":"publish","type":"post","link":"https:\/\/www.europesays.com\/fr\/79878\/","title":{"rendered":"Russie : \u00e0 Moscou, un homme saute d&rsquo;un pont pour protester contre Vladimir Poutine"},"content":{"rendered":"<p>Alors que Vladimir Poutine f\u00eate ses 25 ans \u00e0 la t\u00eate de la Russie, un moscovite a d\u00e9cid\u00e9 de d\u00e9fier le pouvoir.Il a brandi une pancarte \u00ab\u00a0Poutine Hitler\u00a0\u00bb et a saut\u00e9 du pont Bolcho\u00ef Moskvoretski, \u00e0 Moscou, en signe de protestation.<a href=\"https:\/\/www.tf1info.fr\/emission\/lci-midi-12179\/\" rel=\"noopener\" class=\"jsx-3118104007 Link jsx-1428418400 jsx-640816507\" target=\"_blank\"><\/p>\n<p style=\"font-weight:400\" class=\"jsx-1837267516\">Suivez la couverture compl\u00e8te<\/p>\n<p style=\"font-weight:800\" class=\"jsx-1837267516\">LCI Midi<\/p>\n<p><\/a><\/p>\n<p data-module=\"article-paragraph\" class=\"jsx-362436225 Paragraph\">Un acte courageux. Mardi 6 mai au matin, un moscovite de 68 ans a organis\u00e9 une manifestation, seul, sur le pont Bolcho\u00ef Moskvoretski de Moscou, en <a href=\"https:\/\/www.tf1info.fr\/international\/guerre-en-ukraine-la-russie-est-le-pays-qui-possede-le-plus-grand-arsenal-nucleaire-2369028.html\" target=\"_blank\" rel=\"noopener\">Russie<\/a>, rapporte Nexta TV, m\u00e9dia en ligne du B\u00e9larus. Il a brandi un panneau avec inscrit d&rsquo;un c\u00f4t\u00e9 \u00ab\u00a0<a href=\"https:\/\/www.tf1info.fr\/international\/guerre-ukraine-russie-des-francais-aux-cotes-des-troupes-du-kremlin-ce-que-l-on-sait-de-ces-affirmations-de-vladimir-poutine-2368572.html\" target=\"_blank\" rel=\"noopener\">Poutine <\/a>Hitler\u00a0\u00bb, et de l&rsquo;autre \u00ab\u00a0stop\u00a0\u00bb, suivi d&rsquo;une croix gamm\u00e9e.\u00a0<\/p>\n<p data-module=\"article-paragraph\" class=\"jsx-362436225 Paragraph Paragraph__End\">L&rsquo;activiste a ensuite jet\u00e9 sa pancarte dans l&rsquo;eau, retenue par une longue corde pour \u00e9viter qu&rsquo;elle ne d\u00e9rive, puis a plong\u00e9 dans la rivi\u00e8re. Il est rest\u00e9 un temps comme inanim\u00e9, imitant un cadavre, avant qu&rsquo;il ne soit sorti de l&rsquo;eau par les forces de l&rsquo;ordre. \u00a0\u00ab\u00a0Son \u00e9tat de sant\u00e9 actuel et le lieu o\u00f9 il se trouve ne sont pas connus\u00a0\u00bb, a indiqu\u00e9 le m\u00e9dia.<\/p>\n<p data-module=\"article-paragraph\" class=\"jsx-362436225 Paragraph\">Cet acte de protestation intervient quelques jours avant la c\u00e9l\u00e9bration des 80 ans de la victoire de la Russie sur l&rsquo;Allemagne nazie. Journ\u00e9e marqu\u00e9e par un d\u00e9fil\u00e9 militaire sur la Place Rouge de la capitale russe, o\u00f9 se rendront des personnalit\u00e9s politiques comme Xi Jinping, pr\u00e9sident chinois, ainsi que les dirigeants br\u00e9silien, kazakh, bi\u00e9lorusse, cubain et v\u00e9n\u00e9zu\u00e9lien.\u00a0<\/p>\n<p data-module=\"article-paragraph\" class=\"jsx-362436225 Paragraph Paragraph__End\">Cette c\u00e9l\u00e9bration intervient \u00e9galement autour du 25e anniversaire du sacre de Vladimir Poutine \u00e0 la t\u00eate du pays.\u00a0<\/p>\n<ul class=\"jsx-3657663356 ReadMoreArticle__List flex flex-column\">\n<li class=\"jsx-3657663356\"><a href=\"https:\/\/www.tf1info.fr\/international\/video-guerre-ukraine-russie-25-ans-de-poutine-au-kremlin-le-pouvoir-a-besoin-de-recourir-a-la-propagande-pour-rassurer-les-russes-estime-la-politologue-vera-grantseva-sur-lci-2368674.html\" rel=\"noopener\" class=\"jsx-4233824444 Link flex\" target=\"_blank\"><img decoding=\"async\" src=\"https:\/\/www.europesays.com\/fr\/wp-content\/uploads\/2025\/05\/vladimir-poutine-brics-23-octobre-2024-bd209b-0@1x.jpeg\" alt=\"Lire aussi\" loading=\"lazy\" importance=\"low\" fetchpriority=\"low\" class=\"\"\/>\n<p class=\"jsx-3657663356 ReadMoreArticle__Title\">Lire aussi<\/p>\n<p class=\"jsx-3657663356\">\u00ab\u00a0Le Kremlin a besoin de recourir \u00e0 la propagande\u00a0\u00bb : Poutine d\u00e9fend ses 25 ans de r\u00e8gne dans un documentaire <\/p>\n<p><\/a><\/li>\n<\/ul>\n<p data-module=\"article-paragraph\" class=\"jsx-362436225 Paragraph\">\u00ab\u00a0Vladimir Poutine veut tellement en faire une d\u00e9monstration de force, presque un d\u00e9fil\u00e9 de la victoire, que pour cet opposant, on imagine que c&rsquo;est le moment\u00a0\u00bb, analyse Magali Barth\u00e8s, \u00e9ditorialiste international LCI. \u00ab\u00a0Toutes les cam\u00e9ras sont sur la place rouge\u00a0\u00bb, c&rsquo;est donc le moment opportun pour \u00ab\u00a0essayer de se faire entendre et d&rsquo;appeler, en effet, \u00e0 la r\u00e9bellion\u00a0\u00bb.\u00a0<\/p>\n<p data-module=\"article-paragraph\" class=\"jsx-362436225 Paragraph Paragraph__End\">Et d&rsquo;ajouter : \u00ab\u00a0Que ce soit les opposants de l&rsquo;int\u00e9rieur ou les Ukrainiens, ils ont bien la volont\u00e9 d&rsquo;essayer de perturber le d\u00e9fil\u00e9 de vendredi.\u00a0\u00bb<\/p>\n<p>Ga\u00eblle SHEEHAN<\/p>\n","protected":false},"excerpt":{"rendered":"Alors que Vladimir Poutine f\u00eate ses 25 ans \u00e0 la t\u00eate de la Russie, un moscovite a d\u00e9cid\u00e9&hellip;\n","protected":false},"author":2,"featured_media":79879,"comment_status":"","ping_status":"","sticky":false,"template":"","format":"standard","meta":{"footnotes":""},"categories":[1591],"tags":[1111,11,1921,1887,1922,13646,1916,12,1885,1886,132,133,1920,135],"class_list":{"0":"post-79878","1":"post","2":"type-post","3":"status-publish","4":"format-standard","5":"has-post-thumbnail","7":"category-russie","8":"tag-actu","9":"tag-actualites","10":"tag-article-video","11":"tag-federation-de-russie","12":"tag-info","13":"tag-lci-midi","14":"tag-moscou","15":"tag-news","16":"tag-russia","17":"tag-russian-federation","18":"tag-russie","19":"tag-video","20":"tag-video-international","21":"tag-vladimir-poutine"},"share_on_mastodon":{"url":"https:\/\/pubeurope.com\/@fr\/114462189578811312","error":""},"_links":{"self":[{"href":"https:\/\/www.europesays.com\/fr\/wp-json\/wp\/v2\/posts\/79878","targetHints":{"allow":["GET"]}}],"collection":[{"href":"https:\/\/www.europesays.com\/fr\/wp-json\/wp\/v2\/posts"}],"about":[{"href":"https:\/\/www.europesays.com\/fr\/wp-json\/wp\/v2\/types\/post"}],"author":[{"embeddable":true,"href":"https:\/\/www.europesays.com\/fr\/wp-json\/wp\/v2\/users\/2"}],"replies":[{"embeddable":true,"href":"https:\/\/www.europesays.com\/fr\/wp-json\/wp\/v2\/comments?post=79878"}],"version-history":[{"count":0,"href":"https:\/\/www.europesays.com\/fr\/wp-json\/wp\/v2\/posts\/79878\/revisions"}],"wp:featuredmedia":[{"embeddable":true,"href":"https:\/\/www.europesays.com\/fr\/wp-json\/wp\/v2\/media\/79879"}],"wp:attachment":[{"href":"https:\/\/www.europesays.com\/fr\/wp-json\/wp\/v2\/media?parent=79878"}],"wp:term":[{"taxonomy":"category","embeddable":true,"href":"https:\/\/www.europesays.com\/fr\/wp-json\/wp\/v2\/categories?post=79878"},{"taxonomy":"post_tag","embeddable":true,"href":"https:\/\/www.europesays.com\/fr\/wp-json\/wp\/v2\/tags?post=79878"}],"curies":[{"name":"wp","href":"https:\/\/api.w.org\/{rel}","templated":true}]}}