{"id":798884,"date":"2026-03-14T19:19:16","date_gmt":"2026-03-14T19:19:16","guid":{"rendered":"https:\/\/www.europesays.com\/fr\/798884\/"},"modified":"2026-03-14T19:19:16","modified_gmt":"2026-03-14T19:19:16","slug":"il-faut-arreter-de-vouloir-nous-enterrer-depuis-six-ans-caroline-souffre-dun-covid-long-le-dauphine-libere","status":"publish","type":"post","link":"https:\/\/www.europesays.com\/fr\/798884\/","title":{"rendered":"\u00ab Il faut arr\u00eater de vouloir nous enterrer \u00bb : depuis six ans, Caroline souffre d&#039;un Covid long &#8211; Le Dauphin\u00e9 Lib\u00e9r\u00e9"},"content":{"rendered":"<ol>\n<li><a href=\"https:\/\/news.google.com\/rss\/articles\/CBMi6gFBVV95cUxPVUwteUpjNmVUM0NQU0lJb3BCVG9BZnBTZzNHcUNqaWdaVjFlbnZ6b3dxUkdtdkpUR2dYaFJyd3pIMVB3dVhrR0dsYW1RM1djLWhOQXBrNE1NeDE3ZnVYMmRSdFRWYkFCUlpxZjJmcmN2aloxcS1KWHZoYWRaMzlUd1cwSkdKU0hqX1ZYSmVMdG9EbFQ2ZGl0bnNSU0Z6bng0VnVvU0V4cjFGaXVtU19NcWowbUxsdWVHWF80aldDaVZ5WHpyaEJIQmZXcHFRYUhtMHJhenYyYWpidEdRS2kwVW9oMnlwTXVFZnc?oc=5\" target=\"_blank\" rel=\"nofollow noopener\">\u00ab Il faut arr\u00eater de vouloir nous enterrer \u00bb : depuis six ans, Caroline souffre d&rsquo;un Covid long<\/a>&nbsp;&nbsp;Le Dauphin\u00e9 Lib\u00e9r\u00e9<\/li>\n<li><a href=\"https:\/\/news.google.com\/rss\/articles\/CBMi1AFBVV95cUxNeGRGcUs1akRGVmJ3MlV3aGp2SnRXU2tUSmZab1FiR2hqM3NkSDZMeUlnVk9oMm94Y1BBemY3eUd6LV85Q1lkcV9nUG5rWEs2aXhzb2pzckdkRU1wYjNSNEdwbDZuMEJjelkxbGs1dVhBeHk2M0pLQmZ5RnpTMFh0TG0zd21zcVpOQ19OMmpuVEk5eV9TTGt3TWRSRWJhOFk4Q2Qyd3c5dndDQmhGa3dkR3FkakI1SS1peUpGNDZmdzl6dUwzNThDb1JIUnFhRjVYaGhtSg?oc=5\" target=\"_blank\" rel=\"nofollow noopener\">\u00ab\u00a0On vit au ralenti\u00a0\u00bb : des malades t\u00e9moignent \u00e0 l\u2019occasion de la journ\u00e9e mondiale du Covid long<\/a>&nbsp;&nbsp;ladepeche.fr<\/li>\n<li><a href=\"https:\/\/news.google.com\/rss\/articles\/CBMioAJBVV95cUxOY1lzMnNZbVdnanFnVmxvVnFwTS1iMERpTEo1b3dTQjZMd0UtOVgtRzlCeFRoUXFoOVU2bWVmZkFmeE5TbFl2TzNLclFFUC15ekJGSDFFc1diZ1pSLTQwV095eXZqVks4OUJZZ1VTeWc4R25xSzhGNmQ5TEZwLWdGU2lJcDJjNk1xakhuUWJ1SG9qbkNPQ1B1S2x5aVd0dW9XNDV0bHREWW84MGpsMWpJZGs3VjhkOGl2eWVMaGsxTTgwTjRMcEkzQXBrM2EtdERnUGhaN3NMOUJhWHlqdl9nRjg2bFJRdUpyeF9FQWZUOG5maGdoWW9BSmRTOC1oektaMlV3NDY0cWNnUHViS1BoeWJOMU5EeUlwT0tQcXhNUXo?oc=5\" target=\"_blank\" rel=\"nofollow noopener\">Un mois apr\u00e8s le suicide assist\u00e9 d&rsquo;un jeune atteint de Covid long, l&rsquo;association Covid long France alerte sur la dangerosit\u00e9 du virus<\/a>&nbsp;&nbsp;Sant\u00e9 Magazine<\/li>\n<li><a href=\"https:\/\/news.google.com\/rss\/articles\/CBMirAFBVV95cUxPUTQ1aEZLYm94ZU9mX0VadFlMVF9sTjB4VjFuSHJIaXB1NXJ2ek00QTNsZXNMeU9BV3J3QkExTFlGejJGTWllS193c2tNRTFSWGNiOHE5RE1oeXBOekk0TjUyWVlYQVgyZFQ5TzZ4c0JaeUpSNjQ0LW1mMnR4NWpodUN1UWsyTDlhT1Z3WjlWYmVYYTNvQTZ6OG1adUFOamZNUUZrWm15UTgtakpH?oc=5\" target=\"_blank\" rel=\"nofollow noopener\">[Tribune] Le covid n\u2019est pas un rhume, arr\u00eatons la banalisation !<\/a>&nbsp;&nbsp;Le T\u00e9l\u00e9gramme<\/li>\n<li><a href=\"https:\/\/news.google.com\/rss\/articles\/CBMiogFBVV95cUxPN3NNcmVvYUVBeVk5NVlIMHJ3bHI3a0pLeVJHZ1FQMkpaSi11NUY1QUxsZ1BHbW9CNVJPZ2lRWkNZVkRCTUpEZ0d3VkFzcFEtWnQ0SU1PeHpoUzNCTWQ2Tm9Nbk5SMWo4WGNlRERyVlktZnB5ZFBiWlFMb1dGU2ptcUVTUzJVbWViS05vQm91czFZb0lZVGZhd0djRWFTcUh4cXc?oc=5\" target=\"_blank\" rel=\"nofollow noopener\">Covid long : jusqu\u2019\u00e0 trente sympt\u00f4mes diff\u00e9rents, il raconte la maladie<\/a>&nbsp;&nbsp;Le Quotidien.lu<\/li>\n<\/ol>\n","protected":false},"excerpt":{"rendered":"\u00ab Il faut arr\u00eater de vouloir nous enterrer \u00bb : depuis six ans, Caroline souffre d&rsquo;un Covid long&nbsp;&nbsp;Le&hellip;\n","protected":false},"author":2,"featured_media":798885,"comment_status":"","ping_status":"","sticky":false,"template":"","format":"standard","meta":{"footnotes":"","_share_on_mastodon":"0"},"categories":[10],"tags":[25367,111,107,1011,27,72,108,87766,71,4604,106,27020],"class_list":["post-798884","post","type-post","status-publish","format-standard","has-post-thumbnail","category-sante","tag-covid-coronavirus","tag-edition-vienne-roussillon","tag-fil-info","tag-fr","tag-france","tag-health","tag-isere","tag-les-cotes-darey","tag-sante","tag-selection-abonne","tag-selection-de-la-redaction-38","tag-vallee-du-rhone"],"share_on_mastodon":{"url":"https:\/\/pubeurope.com\/@fr\/116229148959907544","error":""},"_links":{"self":[{"href":"https:\/\/www.europesays.com\/fr\/wp-json\/wp\/v2\/posts\/798884","targetHints":{"allow":["GET"]}}],"collection":[{"href":"https:\/\/www.europesays.com\/fr\/wp-json\/wp\/v2\/posts"}],"about":[{"href":"https:\/\/www.europesays.com\/fr\/wp-json\/wp\/v2\/types\/post"}],"author":[{"embeddable":true,"href":"https:\/\/www.europesays.com\/fr\/wp-json\/wp\/v2\/users\/2"}],"replies":[{"embeddable":true,"href":"https:\/\/www.europesays.com\/fr\/wp-json\/wp\/v2\/comments?post=798884"}],"version-history":[{"count":0,"href":"https:\/\/www.europesays.com\/fr\/wp-json\/wp\/v2\/posts\/798884\/revisions"}],"wp:featuredmedia":[{"embeddable":true,"href":"https:\/\/www.europesays.com\/fr\/wp-json\/wp\/v2\/media\/798885"}],"wp:attachment":[{"href":"https:\/\/www.europesays.com\/fr\/wp-json\/wp\/v2\/media?parent=798884"}],"wp:term":[{"taxonomy":"category","embeddable":true,"href":"https:\/\/www.europesays.com\/fr\/wp-json\/wp\/v2\/categories?post=798884"},{"taxonomy":"post_tag","embeddable":true,"href":"https:\/\/www.europesays.com\/fr\/wp-json\/wp\/v2\/tags?post=798884"}],"curies":[{"name":"wp","href":"https:\/\/api.w.org\/{rel}","templated":true}]}}