{"id":798911,"date":"2026-03-14T19:33:13","date_gmt":"2026-03-14T19:33:13","guid":{"rendered":"https:\/\/www.europesays.com\/fr\/798911\/"},"modified":"2026-03-14T19:33:13","modified_gmt":"2026-03-14T19:33:13","slug":"pourquoi-les-parcs-les-cimetieres-le-zoo-montmaur-et-la-reserve-du-lez-sont-fermes-a-montpellier","status":"publish","type":"post","link":"https:\/\/www.europesays.com\/fr\/798911\/","title":{"rendered":"Pourquoi les parcs, les cimeti\u00e8res, le zoo, Montmaur et la r\u00e9serve du Lez sont ferm\u00e9s \u00e0 Montpellier"},"content":{"rendered":"<p>                    Par<br \/>\n        <strong><br \/>\n            <a href=\"https:\/\/actu.fr\/auteur\/metropoop\" title=\"Consulter tous les articles de R\u00e9daction M\u00e9tropolitain\" rel=\"nofollow noopener\" target=\"_blank\">R\u00e9daction M\u00e9tropolitain<\/a><br \/>\n                    <\/strong><\/p>\n<p>        Publi\u00e9 le<\/p>\n<p>            14 mars 2026 \u00e0 19h27<br \/>\n        ; mis \u00e0 jour le 14 mars 2026 \u00e0 19h38    <\/p>\n<p>Le soleil devrait briller dans un ciel bleu bien d\u00e9gag\u00e9, ce dimanche 15 mars 2026 dans l\u2019<strong>H\u00e9rault<\/strong> et pour cause : <strong>M\u00e9t\u00e9o France<\/strong> pr\u00e9voit un \u00e9pisode de vents violents, avec des rafales pouvant atteindre les 80km\/h par endroits. Le d\u00e9partement pourrait \u00eatre plac\u00e9 en vigilance jaune vent violent.<\/p>\n<p class=\" wall-content\">\u00c0 <strong>Montpellier<\/strong>, la mairie prend des mesures pr\u00e9ventives : les parcs et jardins, le Bois de Montmaur, la R\u00e9serve naturelle du Lez, les cimeti\u00e8res, le zoo de Lunaret seront donc ferm\u00e9s ou interdits au public par principe de pr\u00e9caution, toute la journ\u00e9e de ce dimanche.<\/p>\n<p class=\" wall-content\">Par ailleurs, sur sa page Facebook, ce soir, le rendez-vous des\u00a0<strong>Dimanches du Peyrou<\/strong> avec brocante et guinguette dans les Jardins \u00e9ponymes \u00e0 Montpellier est annul\u00e9e.<\/p>\n<p class=\" wall-content\">Le vent souffle d\u00e9j\u00e0 assez fort depuis 17h30, ce samedi, notamment \u00e0 Montpellier et sur le littoral. \u00ab\u00a0Le pic de vent est attendu pour la journ\u00e9e de demain dimanche, avec des <strong>rafales en moyenne \u00e0 65km\/h, voire ponctuellement 75km\/h<\/strong> pour les plus violentes.\u00a0Des chutes d\u2019arbres sont \u00e0 craindre du fait de l\u2019\u00e9tat de saturation en eau des sols\u00a0\u00bb, indique ce samedi 14 mars la Ville de Montpellier, qui appelle \u00ab\u00a0les citoyens \u00e0 respecter les consignes de s\u00e9curit\u00e9 et \u00e0 rester vigilants, \u00e0 limiter leurs d\u00e9placements et \u00e0 se tenir inform\u00e9s de la situation\u00a0\u00bb.<\/p>\n<p>Vid\u00e9os : en ce moment sur ActuPour rester inform\u00e9<\/p>\n<p class=\" wall-content\">-Pr\u00e9fecture 34 (<a href=\"http:\/\/herault.gouv.fr\" rel=\"nofollow noopener\" target=\"_blank\">herault.gouv.fr<\/a>)<br \/>-M\u00e9t\u00e9o France (<a href=\"http:\/\/meteofrance.com\" rel=\"nofollow noopener\" target=\"_blank\">meteofrance.com<\/a>) : carte vigilance d\u00e9partementale et pr\u00e9visions m\u00e9t\u00e9orologiques Montpellier\u00a0<br \/>-Vigicrues (<a href=\"http:\/\/vigicrues.gouv.fr\" rel=\"nofollow noopener\" target=\"_blank\">vigicrues.gouv.fr<\/a>) : carte Territoire M\u00e9diterran\u00e9e Ouest<br \/>-La page d\u2019accueil du site <a href=\"http:\/\/montpellier.fr\" rel=\"nofollow noopener\" target=\"_blank\">montpellier.fr<\/a> et le Fil Twitter @montpellier_<\/p>\n<p>    <img   decoding=\"async\" loading=\"lazy\" src=\"https:\/\/www.europesays.com\/fr\/wp-content\/uploads\/2026\/03\/unnamed-960x379.jpg\" alt=\"Les conseils utiles en cas de vents violents \" width=\"960\" height=\"379\"\/><br \/>\n    Les conseils utiles en cas de vents violents (\u00a9Ville de Montpellier)<\/p>\n<p>Les \u00e9lections municipales 2026<\/p>\n<p>Suivez toutes les actualit\u00e9s des municipales 2026 dans une seule newsletter.<\/p>\n<p>    <a href=\"http:\/\/actu.fr\/newsletter\/#encampagne_preview\" class=\"ac-btn ac-btn--corner ac-btn--medium ac-btn--blue800\" rel=\"nofollow noopener\" target=\"_blank\">S&rsquo;inscrire<\/a><\/p>\n<p class=\" wall-content\">La page des risques majeurs du site montpellier.fr informe les usagers sur les risques majeurs, consignes, d\u00e9marches, et permet de consulter le document d\u2019information communal sur les risques majeurs et de s\u2019inscrire \u00e0 la T\u00e9l\u00e9alerte, pour \u00eatre alert\u00e9 en cas d\u2019\u00e9v\u00e9nement majeur connu sur le territoire.<\/p>\n<p class=\" wall-content\">Personnalisez votre actualit\u00e9 en ajoutant vos villes et m\u00e9dias en favori avec <a href=\"https:\/\/moncompte.actu.fr\" title=\"D\u00e9couvez Mon Actu\" rel=\"nofollow noopener\" data-trk=\"{&quot;cta&quot;:{&quot;action&quot;:&quot;https:\\\/\\\/moncompte.actu.fr&quot;,&quot;category&quot;:&quot;mon compte&quot;,&quot;from&quot;:&quot;article footer&quot;,&quot;name&quot;:&quot;Mon actu&quot;,&quot;type&quot;:&quot;cta&quot;}}\" target=\"_blank\">Mon Actu<\/a>.<\/p>\n","protected":false},"excerpt":{"rendered":"Par R\u00e9daction M\u00e9tropolitain Publi\u00e9 le 14 mars 2026 \u00e0 19h27 ; mis \u00e0 jour le 14 mars 2026&hellip;\n","protected":false},"author":2,"featured_media":798912,"comment_status":"","ping_status":"","sticky":false,"template":"","format":"standard","meta":{"footnotes":"","_share_on_mastodon":"0"},"categories":[9599],"tags":[1111,11,1777,674,1011,27,2487,2357,2208,12,2680,25,7919],"class_list":["post-798911","post","type-post","status-publish","format-standard","has-post-thumbnail","category-montpellier","tag-actu","tag-actualites","tag-eu","tag-europe","tag-fr","tag-france","tag-meteo","tag-meteo-france","tag-montpellier","tag-news","tag-occitanie","tag-republique-francaise","tag-vent"],"share_on_mastodon":{"url":"https:\/\/pubeurope.com\/@fr\/116229204150065909","error":""},"_links":{"self":[{"href":"https:\/\/www.europesays.com\/fr\/wp-json\/wp\/v2\/posts\/798911","targetHints":{"allow":["GET"]}}],"collection":[{"href":"https:\/\/www.europesays.com\/fr\/wp-json\/wp\/v2\/posts"}],"about":[{"href":"https:\/\/www.europesays.com\/fr\/wp-json\/wp\/v2\/types\/post"}],"author":[{"embeddable":true,"href":"https:\/\/www.europesays.com\/fr\/wp-json\/wp\/v2\/users\/2"}],"replies":[{"embeddable":true,"href":"https:\/\/www.europesays.com\/fr\/wp-json\/wp\/v2\/comments?post=798911"}],"version-history":[{"count":0,"href":"https:\/\/www.europesays.com\/fr\/wp-json\/wp\/v2\/posts\/798911\/revisions"}],"wp:featuredmedia":[{"embeddable":true,"href":"https:\/\/www.europesays.com\/fr\/wp-json\/wp\/v2\/media\/798912"}],"wp:attachment":[{"href":"https:\/\/www.europesays.com\/fr\/wp-json\/wp\/v2\/media?parent=798911"}],"wp:term":[{"taxonomy":"category","embeddable":true,"href":"https:\/\/www.europesays.com\/fr\/wp-json\/wp\/v2\/categories?post=798911"},{"taxonomy":"post_tag","embeddable":true,"href":"https:\/\/www.europesays.com\/fr\/wp-json\/wp\/v2\/tags?post=798911"}],"curies":[{"name":"wp","href":"https:\/\/api.w.org\/{rel}","templated":true}]}}