{"id":798997,"date":"2026-03-14T20:27:12","date_gmt":"2026-03-14T20:27:12","guid":{"rendered":"https:\/\/www.europesays.com\/fr\/798997\/"},"modified":"2026-03-14T20:27:12","modified_gmt":"2026-03-14T20:27:12","slug":"un-film-dhorreur-atypique-avec-josh-brolin-a-voir-sur-canal","status":"publish","type":"post","link":"https:\/\/www.europesays.com\/fr\/798997\/","title":{"rendered":"un film d\u2019horreur atypique avec Josh Brolin \u00e0 voir sur Canal+"},"content":{"rendered":"<p>Un matin, en arrivant dans sa classe, la jeune institutrice Justine d\u00e9couvre une salle vide de ses \u00e9l\u00e8ves. Enfin, presque\u00a0: seul Alex est assis comme d\u2019habitude \u00e0 sa place. On apprend que la veille au soir, \u00e0 une heure pr\u00e9cise, les 17\u00a0autres enfants se sont enfuis de chez eux en m\u00eame temps. Pourquoi\u00a0? Pour aller o\u00f9\u00a0? Que s\u2019est-il pass\u00e9\u00a0? C\u2019est tout le myst\u00e8re. Dans cette petite ville de Pennsylvanie, la professeure devient rapidement le bouc \u00e9missaire des parents des enfants disparus, attirant col\u00e8re et soup\u00e7ons.<\/p>\n<\/p>\n<p>        Entre horreur et humour<\/p>\n<p>C\u2019est en tout cas le d\u00e9but d\u2019\u00c9vanouis, qui semble d\u00e9marrer comme une banale enqu\u00eate sur fond de pression sociale. Mais le r\u00e9alisateur\u00a0Zach Cregger, qui signe ce film sorti \u00e0 l\u2019\u00e9t\u00e9 2025, nous emm\u00e8ne rapidement ailleurs. \u00c0 commencer par le d\u00e9coupage\u00a0: il alterne, en chapitrant son r\u00e9cit, entre les points de vue successifs de six diff\u00e9rents personnages qui se croisent\u00a0(l\u2019institutrice, le p\u00e8re d\u2019un enfant disparu, un policier\u2026). Les pi\u00e8ces du puzzle se remettent progressivement \u00e0 leur place, dans une ambiance tr\u00e8s \u00ab\u00a0<a href=\"https:\/\/www.ouest-france.fr\/leditiondusoir\/2025-10-07\/cet-auteur-est-l-un-des-plus-celebres-au-monde-il-est-aussi-le-plus-censure-aux-etats-unis-1ca558f3-361e-47f2-8c72-6129280365de\" target=\"_self\" rel=\"nofollow noopener\">Stephen Kinguesque<\/a>\u00a0\u00bb. Un certain malaise plane sur cette ville de banlieue qui semble, a priori, sans histoires.<\/p>\n<p><strong>Lire aussi\u00a0: <\/strong> <a href=\"https:\/\/www.ouest-france.fr\/cinema\/mais-pourquoi-les-comedies-et-les-films-dhorreur-sen-sortent-ils-mieux-au-cinema-cef72daa-ca0e-11f0-a0e6-83b9718ad3c0\" target=\"_self\" rel=\"nofollow noopener\">Mais pourquoi les com\u00e9dies et les films d\u2019horreur s\u2019en sortent-ils mieux au cin\u00e9ma\u00a0?<\/a><\/p>\n<p>Le r\u00e9cit oscille\u00a0entre le thriller psychologique et des jump scare tr\u00e8s efficaces, d\u00e9samorc\u00e9s par un sens pointu de l\u2019humour et de l\u2019ironie. Port\u00e9 par un casting impeccable\u00a0(Julia Garner, <a href=\"https:\/\/www.ouest-france.fr\/cinema\/cinema-gamin-jetais-fan-de-science-fiction-josh-brolin-revient-dans-dune-2-2fbe4056-d64b-11ee-96ef-9660257def44\" target=\"_self\" rel=\"nofollow noopener\">Josh Brolin<\/a>, Alden Ehrenreich\u2026), la recette finale fonctionne\u00a0: \u00c9vanouis nous maintient en haleine, nous fait rire et glace r\u00e9guli\u00e8rement le sang.\u00a0\u00c0 l\u2019approche de la fin, le myst\u00e8re et la tension se dissipent. Mais on ne peut que f\u00e9liciter le chemin emprunt\u00e9 pour y arriver.<\/p>\n<p> <a href=\"https:\/\/programmetv.ouest-france.fr\/chaines\/programme-tv-canalplus-34\/\" target=\"_self\" rel=\"nofollow noopener\">Canal+<\/a> , 21\u00a0h.<\/p>\n","protected":false},"excerpt":{"rendered":"Un matin, en arrivant dans sa classe, la jeune institutrice Justine d\u00e9couvre une salle vide de ses \u00e9l\u00e8ves.&hellip;\n","protected":false},"author":2,"featured_media":798998,"comment_status":"","ping_status":"","sticky":false,"template":"","format":"standard","meta":{"footnotes":"","_share_on_mastodon":"0"},"categories":[1354],"tags":[74853,10474,650,58,59,1346,87777,1011,27,1360,87776,252,96],"class_list":["post-798997","post","type-post","status-publish","format-standard","has-post-thumbnail","category-films","tag-actualite-en-continu","tag-canal","tag-cinema","tag-divertissement","tag-entertainment","tag-films","tag-films-a-la-television","tag-fr","tag-france","tag-movies","tag-my-canal","tag-television","tag-une"],"share_on_mastodon":{"url":"https:\/\/pubeurope.com\/@fr\/116229416463289328","error":""},"_links":{"self":[{"href":"https:\/\/www.europesays.com\/fr\/wp-json\/wp\/v2\/posts\/798997","targetHints":{"allow":["GET"]}}],"collection":[{"href":"https:\/\/www.europesays.com\/fr\/wp-json\/wp\/v2\/posts"}],"about":[{"href":"https:\/\/www.europesays.com\/fr\/wp-json\/wp\/v2\/types\/post"}],"author":[{"embeddable":true,"href":"https:\/\/www.europesays.com\/fr\/wp-json\/wp\/v2\/users\/2"}],"replies":[{"embeddable":true,"href":"https:\/\/www.europesays.com\/fr\/wp-json\/wp\/v2\/comments?post=798997"}],"version-history":[{"count":0,"href":"https:\/\/www.europesays.com\/fr\/wp-json\/wp\/v2\/posts\/798997\/revisions"}],"wp:featuredmedia":[{"embeddable":true,"href":"https:\/\/www.europesays.com\/fr\/wp-json\/wp\/v2\/media\/798998"}],"wp:attachment":[{"href":"https:\/\/www.europesays.com\/fr\/wp-json\/wp\/v2\/media?parent=798997"}],"wp:term":[{"taxonomy":"category","embeddable":true,"href":"https:\/\/www.europesays.com\/fr\/wp-json\/wp\/v2\/categories?post=798997"},{"taxonomy":"post_tag","embeddable":true,"href":"https:\/\/www.europesays.com\/fr\/wp-json\/wp\/v2\/tags?post=798997"}],"curies":[{"name":"wp","href":"https:\/\/api.w.org\/{rel}","templated":true}]}}