{"id":79921,"date":"2025-05-06T18:23:08","date_gmt":"2025-05-06T18:23:08","guid":{"rendered":"https:\/\/www.europesays.com\/fr\/79921\/"},"modified":"2025-05-06T18:23:08","modified_gmt":"2025-05-06T18:23:08","slug":"des-chercheurs-decouvrent-pourquoi-certaines-cellules-mutees-deviennent-cancereuses-et-dautres-pas","status":"publish","type":"post","link":"https:\/\/www.europesays.com\/fr\/79921\/","title":{"rendered":"Des chercheurs d\u00e9couvrent pourquoi certaines cellules mut\u00e9es deviennent canc\u00e9reuses&#8230; et d\u2019autres pas"},"content":{"rendered":"<p>Une \u00e9tude canadienne r\u00e9v\u00e8le que la rapidit\u00e9 avec laquelle une cellule se divise pourrait faire toute la diff\u00e9rence dans le d\u00e9clenchement d\u2019un cancer.<\/p>\n<p class=\"fig-paragraph\">Des millions de cellules dans notre corps poss\u00e8dent des mutations associ\u00e9es au\u00a0<a href=\"https:\/\/sante.lefigaro.fr\/sante\/maladie\/cancer-presentation-generale\/comment-apparait-cancer#:~:text=Un%20cancer%20correspond%20%C3%A0%20une,est%20n%C3%A9e%2C%20alt%C3%A9rant%20son%20fonctionnement.\" target=\"_blank\" data-fig-type=\"Keyword\" rel=\"noopener\" data-gtm-custom-categorie=\"navigation\" data-gtm-custom-action=\"crossclick\" data-gtm-custom-label=\"Contextuel\" data-gtm-event=\"customEventSPE\" data-fig-domain=\"SANTE\">cancer<\/a>, pourtant tr\u00e8s peu d\u2019entre elles finissent par former des tumeurs. Rappelons qu\u2019une tumeur devient un cancer\u00a0lorsque ses cellules anormales envahissent les tissus voisins, et qu\u2019elles peuvent ensuite se propager dans le corps. Une nouvelle \u00e9tude publi\u00e9e dans Nature par des chercheurs de l\u2019institut de recherche Lunenfeld-Tanenbaum \u00e0 Toronto (Canada) montre que la dur\u00e9e du\u00a0<a href=\"https:\/\/www.lefigaro.fr\/sciences\/2008\/05\/14\/01008-20080514ARTFIG00005-pourquoi-change-t-on-de-corps-tous-les-quinze-ans.php\" data-fig-type=\"Article\" data-gtm-custom-categorie=\"navigation\" data-gtm-custom-action=\"crossclick\" data-gtm-custom-label=\"Contextuel\" data-gtm-event=\"customEventSPE\" data-fig-domain=\"LEFIGARO\" target=\"_blank\" rel=\"noopener\">cycle cellulaire<\/a>\u00a0(c\u2019est-\u00e0-dire le temps que met une cellule \u00e0 se diviser) est un facteur cl\u00e9 pour pr\u00e9dire si une cellule mut\u00e9e deviendra canc\u00e9reuse ou non. \u00ab\u00c7a n\u2019a jamais \u00e9t\u00e9 d\u00e9montr\u00e9 \u00e0 ce niveau sur autant de cancers diff\u00e9rents\u00bb, insiste Rod Bremner, coauteur de l\u2019\u00e9tude et chercheur en canc\u00e9rologie.<\/p>\n<p class=\"fig-paragraph\">Il est aujourd\u2019hui \u00e9tabli que le cancer r\u00e9sulte de mutations dans des g\u00e8nes dits \u00aboncog\u00e8nes\u00bb, soit des g\u00e8nes \u00absuppresseur de tumeur\u00bb. Si ces g\u00e8nes sont mut\u00e9s et ne fonctionnent plus, la cellule peut devenir canc\u00e9reuse (c\u2019est-\u00e0-dire une cellule tumorale devenue agressive et probl\u00e9matique). Pourtant, des \u00e9tudes r\u00e9centes ont montr\u00e9 que de nombreuses cellules saines portent ces mutations, sans jamais former de tumeurs. La question soulev\u00e9e par les chercheurs est donc la suivante\u00a0: qu\u2019est-ce qui distingue les cellules qui d\u00e9clenchent un cancer de celles qui restent inoffensives, malgr\u00e9 la ou les mutations\u00a0?<\/p>\n<p>Cycle cellulaire sous la loupe<\/p>\n<p class=\"fig-paragraph\">L\u2019hypoth\u00e8se de l\u2019impact du temps de la division des cellules en question est rapidement venue sur la table. Les cellules se divisent de mani\u00e8re cyclique, passant par plusieurs \u00e9tapes, croissance, duplication de l\u2019ADN et division. \u00abOn sait que quand une cellule se sp\u00e9cialise (c\u2019est-\u00e0-dire qu\u2019elle perd la capacit\u00e9 de se transformer en un autre type de cellule, comme le font les cellules souches), son cycle devient plus long\u00bb, commente le chercheur. Pour confirmer cette hypoth\u00e8se et observer s\u2019il y a un lien entre le cycle cellulaire et le d\u00e9veloppement de cellules canc\u00e9reuses, les chercheurs ont modifi\u00e9 g\u00e9n\u00e9tiquement des souris pour pouvoir manuellement activer ou d\u00e9sactiver certains g\u00e8nes \u00abafin de cr\u00e9er une mutation canc\u00e9rig\u00e8ne\u00bb, d\u00e9crypte Rod Bremner.<\/p>\n<p class=\"fig-body-link\">\n            \u00c0 lire aussi<br \/>\n        <a class=\"fig-body-link__link\" href=\"http:\/\/sante.lefigaro.fr\/danemark-le-cancer-du-col-de-l-uterus-eradique-d-ici-2040-20250414\" data-fig-type=\"NewsFlash\" data-gtm-custom-categorie=\"navigation\" data-gtm-custom-action=\"crossclick\" data-gtm-custom-label=\"Contextuel\" data-gtm-event=\"customEventSPE\" data-fig-domain=\"SANTE\" target=\"_blank\" rel=\"noopener\">Danemark\u00a0: le cancer du col de l&rsquo;ut\u00e9rus \u00e9radiqu\u00e9 d&rsquo;ici 2040<br \/>\n    <\/a>\n<\/p>\n<p class=\"fig-paragraph\">Les chercheurs ont alors observ\u00e9 ce qu\u2019il se passait dans diff\u00e9rents tissus apr\u00e8s modification g\u00e9n\u00e9tique\u00a0: \u0153il, poumon et hypophyse (dans le cerveau). Pour mesurer la dur\u00e9e du cycle cellulaire, ils ont utilis\u00e9 une technique de double marquage qui permet de visualiser au microscope le moment o\u00f9 la cellule m\u00e8re se divise, afin de former deux cellules filles. De cette mani\u00e8re, ils ont pu calculer la dur\u00e9e du cycle cellulaire, et ensuite analyser le futur de ces cellules. \u00abPar exemple, dans le cas du cancer du poumon \u00e0 petites cellules (un type de cancer marqu\u00e9 par l\u2019inactivation des g\u00e8nes RB et p53), nous avons induit ces mutations \u00e0 la fois chez l\u2019embryon et chez des souris adultes, dans diff\u00e9rents types cellulaires, et dans les deux cas, lorsque le cycle cellulaire \u00e9tait plus court, cela a entra\u00een\u00e9 une croissance rapide de la tumeur chez ces cellules.\u00bb<\/p>\n<p class=\"fig-paragraph\">Le r\u00e9sultat observ\u00e9 sur la majorit\u00e9 des souris et la majorit\u00e9 des tissus est que la cellule qui se transforme en cellule canc\u00e9reuse apr\u00e8s division est toujours celle qui se divise le plus vite. Dans l\u2019\u0153il, par exemple, ce sont les cellules amacrines (des cellules de la r\u00e9tine) qui sont devenues canc\u00e9reuses. Leur cycle cellulaire ne durait que 26 heures, contre 77 \u00e0 143 heures pour d\u2019autres cellules voisines, pourtant \u00e9galement porteuses de mutations, mais qui n\u2019ont pas provoqu\u00e9 de cancer. \u00abCette \u00e9tude est tr\u00e8s int\u00e9ressante, mais elle soul\u00e8ve encore de nombreuses questions\u00a0: on ignore quelle \u00e9tape pr\u00e9cise du cycle cellulaire est impliqu\u00e9e dans le d\u00e9veloppement d\u2019une cellule canc\u00e9reuse\u00bb, temp\u00e8re Renata Basto, cheffe de l\u2019\u00e9quipe Biologie des centrosomes et de l\u2019instabilit\u00e9 g\u00e9n\u00e9tique \u00e0 l\u2019Institut Curie.<\/p>\n<p>Une solution\u00a0: ralentir les cycles cellulaires\u00a0?<\/p>\n<p class=\"fig-paragraph\">Les chercheurs ont ensuite modifi\u00e9 certains g\u00e8nes qui ralentissent le cycle cellulaire (en bloquant notamment des prot\u00e9ines qui permettent une division rapide). Et le r\u00e9sultat obtenu est bluffant\u00a0: aucune tumeur ne s\u2019est form\u00e9e, malgr\u00e9 les mutations canc\u00e9rig\u00e8nes toujours induisent par les chercheurs. \u00abOn a un petit peu cru \u00e0 une erreur, au d\u00e9but, t\u00e9moigne Rod Bremner. C\u2019est incroyable qu\u2019un tissu puisse contenir des cellules porteuses de mutations typiquement \u00e0 l\u2019origine d\u2019un cancer, sans pour autant former de tumeur. Je pense que c\u2019est r\u00e9v\u00e9lateur.\u00bb\u00a0<\/p>\n<p class=\"fig-paragraph\">La prochaine \u00e9tape sera \u00abde tester cette hypoth\u00e8se sur des cellules humaines in vitro\u00bb, annonce le chercheur. Le cycle cellulaire n\u2019est pas la seule raison de l\u2019apparition des cellules canc\u00e9reuses, \u00abil y a d\u2019autres causes communes tel que l\u2019inflammation\u00bb pr\u00e9cise Renata Basto. Selon la chercheuse, il serait compliqu\u00e9 d\u2019imaginer contr\u00f4ler de mani\u00e8re artificielle le cycle cellulaire de certaines cellules d\u2019un organe si on soup\u00e7onne un cancer. \u00abIl faudrait que ce soit tr\u00e8s bien contr\u00f4l\u00e9, et certains organes comme la peau ou l\u2019intestin n\u00e9cessite d\u2019avoir un renouvellement cellulaire rapide pour fonctionner correctement\u00bb, conclut-elle.<\/p>\n","protected":false},"excerpt":{"rendered":"Une \u00e9tude canadienne r\u00e9v\u00e8le que la rapidit\u00e9 avec laquelle une cellule se divise pourrait faire toute la diff\u00e9rence&hellip;\n","protected":false},"author":2,"featured_media":79922,"comment_status":"","ping_status":"","sticky":false,"template":"","format":"standard","meta":{"footnotes":""},"categories":[10],"tags":[237,101,232,231,234,228,1011,27,72,239,230,238,226,224,225,233,229,236,235,71,227],"class_list":{"0":"post-79921","1":"post","2":"type-post","3":"status-publish","4":"format-standard","5":"has-post-thumbnail","7":"category-sante","8":"tag-actualite-sur-les-maladies","9":"tag-cancer","10":"tag-cardiologie","11":"tag-cerveau","12":"tag-diabete","13":"tag-diagnostic","14":"tag-fr","15":"tag-france","16":"tag-health","17":"tag-info-sur-les-maladies","18":"tag-infographie","19":"tag-information-sur-les-maladies","20":"tag-maladie","21":"tag-medecine","22":"tag-medicament","23":"tag-obesite","24":"tag-pathologie","25":"tag-pediatrie","26":"tag-psychiatrie","27":"tag-sante","28":"tag-traitement"},"share_on_mastodon":{"url":"https:\/\/pubeurope.com\/@fr\/114462287674632721","error":""},"_links":{"self":[{"href":"https:\/\/www.europesays.com\/fr\/wp-json\/wp\/v2\/posts\/79921","targetHints":{"allow":["GET"]}}],"collection":[{"href":"https:\/\/www.europesays.com\/fr\/wp-json\/wp\/v2\/posts"}],"about":[{"href":"https:\/\/www.europesays.com\/fr\/wp-json\/wp\/v2\/types\/post"}],"author":[{"embeddable":true,"href":"https:\/\/www.europesays.com\/fr\/wp-json\/wp\/v2\/users\/2"}],"replies":[{"embeddable":true,"href":"https:\/\/www.europesays.com\/fr\/wp-json\/wp\/v2\/comments?post=79921"}],"version-history":[{"count":0,"href":"https:\/\/www.europesays.com\/fr\/wp-json\/wp\/v2\/posts\/79921\/revisions"}],"wp:featuredmedia":[{"embeddable":true,"href":"https:\/\/www.europesays.com\/fr\/wp-json\/wp\/v2\/media\/79922"}],"wp:attachment":[{"href":"https:\/\/www.europesays.com\/fr\/wp-json\/wp\/v2\/media?parent=79921"}],"wp:term":[{"taxonomy":"category","embeddable":true,"href":"https:\/\/www.europesays.com\/fr\/wp-json\/wp\/v2\/categories?post=79921"},{"taxonomy":"post_tag","embeddable":true,"href":"https:\/\/www.europesays.com\/fr\/wp-json\/wp\/v2\/tags?post=79921"}],"curies":[{"name":"wp","href":"https:\/\/api.w.org\/{rel}","templated":true}]}}