{"id":799279,"date":"2026-03-14T23:15:14","date_gmt":"2026-03-14T23:15:14","guid":{"rendered":"https:\/\/www.europesays.com\/fr\/799279\/"},"modified":"2026-03-14T23:15:14","modified_gmt":"2026-03-14T23:15:14","slug":"chatellerault-accroche-nantes-le-leader-dans-le-choc-des-extremes","status":"publish","type":"post","link":"https:\/\/www.europesays.com\/fr\/799279\/","title":{"rendered":"Ch\u00e2tellerault accroche Nantes, le leader, dans le choc des extr\u00eames"},"content":{"rendered":"<p>Ch\u00e2tellerault\u00a0&#8211; Nantes\u00a0: 1-1<\/p>\n<p>Choc des extr\u00eames \u00e0 La Mont\u00e9e-Rouge, samedi, entre des Ch\u00e2telleraudais bons derniers et une r\u00e9serve nantaise\u00a0solide leader invaincu depuis sept matchs.<\/p>\n<p>L\u2019entame \u00e9tait d\u2019ailleurs en\u00a0faveur des visiteurs qui ressortaient tr\u00e8s bien le ballon et usaient parfaitement de leurs fl\u00e8ches offensives. Malheureusement pour eux, les frappes en bonne position de Camara (6e) puis Djonda (8e et 24e) n\u2019\u00e9taient pas cadr\u00e9es. De plus, la perte sur blessure de Bodiang, jusqu\u2019alors virevoltant, coupait un peu l\u2019\u00e9lan des jeunes Canaris&#8230;. <\/p>\n<p>    Cet article a \u00e9t\u00e9 tronqu\u00e9. Abonnez-vous pour lire l&rsquo;article complet sur notre site.<\/p>\n<p style=\"margin: 0 !important; padding: 0 !important; font-size: 12px !important;\">Cet article a \u00e9t\u00e9 tronqu\u00e9. Abonnez-vous pour lire l&rsquo;article complet.<\/p>\n<p>    <a href=\"https:\/\/www.lanouvellerepublique.fr\/abonnements\" style=\"display: inline-block; margin-top: 5px !important; padding: 6px 12px !important; background: #cb1c27; color: white; text-decoration: none; border-radius: 4px; font-size: 12px !important;\" rel=\"nofollow noopener\" target=\"_blank\"><br \/>\n      S&rsquo;abonner<br \/>\n    <\/a><\/p>\n","protected":false},"excerpt":{"rendered":"Ch\u00e2tellerault\u00a0&#8211; Nantes\u00a0: 1-1 Choc des extr\u00eames \u00e0 La Mont\u00e9e-Rouge, samedi, entre des Ch\u00e2telleraudais bons derniers et une r\u00e9serve&hellip;\n","protected":false},"author":2,"featured_media":799280,"comment_status":"","ping_status":"","sticky":false,"template":"","format":"standard","meta":{"footnotes":"","_share_on_mastodon":"0"},"categories":[2818],"tags":[1111,11,19489,1777,674,63,1011,27,766,22485,12,2636,25,60,1584],"class_list":["post-799279","post","type-post","status-publish","format-standard","has-post-thumbnail","category-nantes","tag-actu","tag-actualites","tag-chatellerault","tag-eu","tag-europe","tag-football","tag-fr","tag-france","tag-nantes","tag-nationaux-football","tag-news","tag-pays-de-la-loire","tag-republique-francaise","tag-sports","tag-vienne"],"share_on_mastodon":{"url":"","error":""},"_links":{"self":[{"href":"https:\/\/www.europesays.com\/fr\/wp-json\/wp\/v2\/posts\/799279","targetHints":{"allow":["GET"]}}],"collection":[{"href":"https:\/\/www.europesays.com\/fr\/wp-json\/wp\/v2\/posts"}],"about":[{"href":"https:\/\/www.europesays.com\/fr\/wp-json\/wp\/v2\/types\/post"}],"author":[{"embeddable":true,"href":"https:\/\/www.europesays.com\/fr\/wp-json\/wp\/v2\/users\/2"}],"replies":[{"embeddable":true,"href":"https:\/\/www.europesays.com\/fr\/wp-json\/wp\/v2\/comments?post=799279"}],"version-history":[{"count":0,"href":"https:\/\/www.europesays.com\/fr\/wp-json\/wp\/v2\/posts\/799279\/revisions"}],"wp:featuredmedia":[{"embeddable":true,"href":"https:\/\/www.europesays.com\/fr\/wp-json\/wp\/v2\/media\/799280"}],"wp:attachment":[{"href":"https:\/\/www.europesays.com\/fr\/wp-json\/wp\/v2\/media?parent=799279"}],"wp:term":[{"taxonomy":"category","embeddable":true,"href":"https:\/\/www.europesays.com\/fr\/wp-json\/wp\/v2\/categories?post=799279"},{"taxonomy":"post_tag","embeddable":true,"href":"https:\/\/www.europesays.com\/fr\/wp-json\/wp\/v2\/tags?post=799279"}],"curies":[{"name":"wp","href":"https:\/\/api.w.org\/{rel}","templated":true}]}}