{"id":7996,"date":"2025-04-07T13:57:10","date_gmt":"2025-04-07T13:57:10","guid":{"rendered":"https:\/\/www.europesays.com\/fr\/7996\/"},"modified":"2025-04-07T13:57:10","modified_gmt":"2025-04-07T13:57:10","slug":"et-si-le-savon-invente-par-un-ado-pouvait-un-jour-traiter-le-cancer-ce-quen-dit-la-science","status":"publish","type":"post","link":"https:\/\/www.europesays.com\/fr\/7996\/","title":{"rendered":"Et si le savon invent\u00e9 par un ado pouvait un jour traiter le cancer\u00a0? Ce qu\u2019en dit la science"},"content":{"rendered":"<p>Un savon pour traiter le cancer de la peau. C\u2019est avec cette id\u00e9e que le jeune Heman Bekele, 15 ans, a remport\u00e9 le concours 3M des jeunes scientifiques. Val\u00e9rie Lannoy, post-doctorante en microbiologie \u00e0 l\u2019Inserm, pose un regard de scientifique sur son invention\u2026<\/p>\n<p>En\u00a02024, aux \u00c9tats-Unis, Heman Bekele, alors \u00e2g\u00e9 de 15 ans, est <a href=\"https:\/\/time.com\/6996507\/heman-bekele\/\" rel=\"nofollow noopener\" target=\"_blank\" class=\"color-ultramarine c-link\">nomm\u00e9 \u00ab\u00a0enfant de l\u2019ann\u00e9e\u00a0\u00bb par l\u2019hebdomadaire Time<\/a> pour avoir propos\u00e9 l\u2019id\u00e9e d\u2019un savon pour traiter le <a href=\"https:\/\/www.20minutes.fr\/dossier\/cancer_de_la_peau\" class=\"color-ultramarine c-link\" target=\"_blank\" rel=\"noopener\">cancer de la peau<\/a>, en particulier, le m\u00e9lanome qui est moins fr\u00e9quent \u2013 il repr\u00e9sente <a href=\"https:\/\/www.cancer.fr\/professionnels-de-sante\/prevention-et-depistages\/depistage-et-detection-precoce\/detection-precoce-des-cancers-de-la-peau\/epidemiologie\" rel=\"nofollow noopener\" target=\"_blank\" class=\"color-ultramarine c-link\">10\u00a0% des cancers cutan\u00e9s en France<\/a> \u2013 mais plus dangereux.<\/p>\n<\/p>\n<p>Heman Bekele est un adolescent am\u00e9ricano-\u00e9thiopien passionn\u00e9 de science depuis tout petit, arriv\u00e9 aux \u00c9tats-Unis \u00e0 l\u2019\u00e2ge de 4 ans. L\u2019un des souvenirs qu\u2019il a gard\u00e9 de son pays natal est celui d\u2019ouvriers travaillant des heures au soleil, sans protection. Son projet de savon pour traiter le m\u00e9lanome lui a valu de gagner, en\u00a02023, le Challenge 3M des jeunes scientifiques, organis\u00e9 notamment par l\u2019entreprise 3M, rendue c\u00e9l\u00e8bre pour le d\u00e9p\u00f4t de quelques marques comme Scotch ou Post-it.<\/p>\n<p>Le jeune homme a bien conscience que le chemin sera encore long et que dix ans peuvent s\u2019\u00e9couler avant que ce savon soit non seulement test\u00e9 mais, esp\u00e8re-t-il, brevet\u00e9 et approuv\u00e9 par la Food and Drug Administration (FDA), l\u2019autorit\u00e9 de sant\u00e9 en charge des m\u00e9dicaments et des aliments aux \u00c9tats-Unis. Mais son concept reste tr\u00e8s int\u00e9ressant. Comment pourrait fonctionner son savon\u00a0?<\/p>\n<p>L\u2019imiquimod, un principe actif d\u00e9j\u00e0 utilis\u00e9<\/p>\n<p>La mol\u00e9cule active qu\u2019Heman Bekele souhaite int\u00e9grer dans son savon est l\u2019imiquimod. L\u2019imiquimod est un traitement d\u00e9j\u00e0 connu et utilis\u00e9 contre certains types de <a href=\"https:\/\/www.20minutes.fr\/dossier\/cancer\" class=\"color-ultramarine c-link\" target=\"_blank\" rel=\"noopener\">cancers<\/a> de la peau. La <a href=\"https:\/\/base-donnees-publique.medicaments.gouv.fr\/extrait.php?specid=66916232\" rel=\"nofollow noopener\" target=\"_blank\" class=\"color-ultramarine c-link\">cr\u00e8me Aldara<\/a> \u00e0 appliquer directement sur la peau, contenant 5\u00a0% d\u2019imiquimod, est prescrite en cas de tumeurs b\u00e9nignes comme les verrues g\u00e9nitales.<\/p>\n<p>En\u00a02004, l\u2019entreprise 3M \u2013 organisatrice du challenge des jeunes scientifiques remport\u00e9 par Heman Bekele <a href=\"https:\/\/www.lesechos.fr\/2006\/11\/3m-cede-ses-medicaments-pour-21-milliards-de-dollars-585808\" rel=\"nofollow noopener\" target=\"_blank\" class=\"color-ultramarine c-link\">et qui commercialisait \u00e0 l\u2019\u00e9poque Aldara<\/a> \u2013 a obtenu <a href=\"https:\/\/journals.lww.com\/oncology-times\/fulltext\/2004\/08100\/fda_approval_for_aldara_cream_for_superficial.6.aspx\" target=\"_blank\" class=\"color-ultramarine c-link\" rel=\"noopener\">l\u2019approbation de la FDA<\/a> pour la mise sur le march\u00e9 de l\u2019imiquimod afin de traiter le <a href=\"https:\/\/www.sfdermato.org\/upload\/fiche\/241010095941_pathologie-carcinome-basocellulaire.pdf\" target=\"_blank\" class=\"color-ultramarine c-link\" rel=\"noopener\">carcinome basocellulaire<\/a>. Ce carcinome est le cancer de la peau le plus r\u00e9pandu et aussi le moins agressif.<\/p>\n<p>Dans le milieu des ann\u00e9es\u00a01980, ce sont les scientifiques de l\u2019entreprise 3M qui firent la toute premi\u00e8re d\u00e9couverte de la mol\u00e9cule imiquimod. Pourtant, au d\u00e9part, ce ne sont pas ses propri\u00e9t\u00e9s anticanc\u00e9reuses qui \u00e9taient recherch\u00e9es. La d\u00e9couverte de l\u2019imiquimod eut lieu dans le cadre d\u2019un <a href=\"https:\/\/www.thelancet.com\/journals\/laninf\/article\/PIIS1473-3099(15)00354-0\/abstract\" rel=\"nofollow noopener\" target=\"_blank\" class=\"color-ultramarine c-link\">programme pour lutter contre les infections induites par le virus de l\u2019herp\u00e8s<\/a>.<\/p>\n<p><a href=\"https:\/\/www.20minutes.fr\/sante\/4030967-20230406-cancer-peau-faut-savoir-melanome-cutane-mieux-premunir\" class=\"c-link c-btn c-btn--primary\" target=\"_blank\" rel=\"noopener\">Tout savoir sur le m\u00e9lanome<\/a><\/p>\n<p>En\u00a02015, un essai clinique a m\u00eame d\u00e9montr\u00e9 que l\u2019application sur la peau d\u2019une cr\u00e8me contenant de l\u2019imiquimod sur le site de la piq\u00fbre du vaccin contre la grippe <a href=\"https:\/\/www.thelancet.com\/journals\/laninf\/article\/PIIS1473-3099(15)00354-0\/abstract\" rel=\"nofollow noopener\" target=\"_blank\" class=\"color-ultramarine c-link\">am\u00e9liorait l\u2019immunit\u00e9 contre le virus grippal<\/a>. L\u2019imiquimod est bien connu pour <a href=\"https:\/\/pmc.ncbi.nlm.nih.gov\/articles\/PMC7151994\/\" rel=\"nofollow noopener\" target=\"_blank\" class=\"color-ultramarine c-link\">stimuler l\u2019immunit\u00e9 sp\u00e9cialis\u00e9e dans la lutte contre les virus<\/a>.<\/p>\n<p>Stimuler l\u2019immunit\u00e9 inn\u00e9e<\/p>\n<p>L\u2019imiquimod <a href=\"https:\/\/www.sciencedirect.com\/science\/article\/abs\/pii\/S0758188213000642\" rel=\"nofollow noopener\" target=\"_blank\" class=\"color-ultramarine c-link\">active l\u2019immunit\u00e9 antivirale<\/a>. Mais quels sont les m\u00e9canismes \u00e0 l\u2019\u0153uvre\u00a0? L\u2019imiquimod est d\u00e9tect\u00e9 par un r\u00e9cepteur qui intervient dans l\u2019immunit\u00e9 inn\u00e9e nomm\u00e9 le <a href=\"https:\/\/onlinelibrary.wiley.com\/doi\/10.1155\/2023\/2899271\" rel=\"nofollow noopener\" target=\"_blank\" class=\"color-ultramarine c-link\">TLR7.<\/a> L\u2019immunit\u00e9 inn\u00e9e est la toute premi\u00e8re ligne de d\u00e9fense du corps contre les microorganismes pathog\u00e8nes. Elle intervient en effet en seulement quelques minutes, <a href=\"https:\/\/www.inserm.fr\/c-est-quoi\/memoire-lymphocyte-c-est-quoi-etre-immunise\/\" rel=\"nofollow noopener\" target=\"_blank\" class=\"color-ultramarine c-link\">avant l\u2019immunisation<\/a> qui, elle, requiert plusieurs jours.<\/p>\n<p>L\u2019immunit\u00e9 inn\u00e9e ne repose pas sur la m\u00e9moire immunitaire (c\u2019est-\u00e0-dire la capacit\u00e9 pour le syst\u00e8me immunitaire de r\u00e9agir de mani\u00e8re plus importante lorsqu\u2019il est de nouveau en contact avec un agent infectieux d\u00e9j\u00e0 rencontr\u00e9, ndlr). N\u00e9anmoins, elle permet de reconna\u00eetre, gr\u00e2ce \u00e0 des r\u00e9cepteurs comme le TLR7, diff\u00e9rents types de microorganismes, tels que les bact\u00e9ries, virus, champignons ou parasites.<\/p>\n<p>\u00c9tant donn\u00e9 que l\u2019immunit\u00e9 inn\u00e9e est apparue au cours de l\u2019\u00e9volution bien avant l\u2019immunit\u00e9 adaptative (qui permet l\u2019immunisation), toutes les cellules de l\u2019organisme poss\u00e8dent les r\u00e9cepteurs de l\u2019immunit\u00e9 inn\u00e9e.<\/p>\n<p>Par exemple, les cellules des muqueuses ou les neurones les expriment, car ces cellules sont apparues plus t\u00f4t au cours de l\u2019\u00e9volution que les cellules \u00e0 m\u00e9moire immunitaire comme les lymphocytes.<\/p>\n<p>Un r\u00e9cepteur qui reconna\u00eet l\u2019ARN viral<\/p>\n<p>L\u2019imiquimod poss\u00e8de une structure chimique proche de celle d\u2019une des composantes de l\u2019ARN des virus. Le TLR7 est un r\u00e9cepteur de l\u2019immunit\u00e9 inn\u00e9e sp\u00e9cialis\u00e9 dans la reconnaissance de l\u2019ARN viral, ce qui explique qu\u2019il d\u00e9tecte l\u2019imiquimod. Cela peut para\u00eetre \u00e9tonnant, si l\u2019on se rappelle que l\u2019imiquimod a \u00e9t\u00e9 d\u00e9couvert dans le cadre d\u2019un projet pour lutter contre le virus de l\u2019herp\u00e8s virus qui, lui, est un virus \u00e0 ADN.<\/p>\n<p>En r\u00e9alit\u00e9, l\u2019imiquimod va stimuler une r\u00e9ponse antivirale et quel que soit le mat\u00e9riel g\u00e9n\u00e9tique du virus \u00e0 \u00e9radiquer, ADN ou ARN, une fois activ\u00e9e, l\u2019immunit\u00e9 antivirale cible tous les types de virus.<\/p>\n<p>Le TLR7 est ainsi un alli\u00e9 de poids contre les virus. Il est membre d\u2019une famille de r\u00e9cepteurs de l\u2019immunit\u00e9 inn\u00e9e appel\u00e9s les TLR, pr\u00e9sents dans toutes les cellules du corps. Les TLR appartiennent \u00e0 une immunit\u00e9 primitive apparue t\u00f4t dans l\u2019\u00e9volution des animaux, puisque c\u2019est une immunit\u00e9 que nous partageons avec les m\u00e9duses\u00a0! Ils sont localis\u00e9s \u00e0 la fois \u00e0 la surface de la membrane qui entoure les cellules et aussi \u00e0 l\u2019int\u00e9rieur (o\u00f9 ils sont appel\u00e9s TLR \u00ab\u00a0intracellulaires\u00a0\u00bb).<\/p>\n<p>Cette double localisation permet aux TLR membranaires de d\u00e9tecter les microbes \u00e0 l\u2019ext\u00e9rieur des cellules, comme les bact\u00e9ries ou les parasites. Elle permet \u00e9galement aux TLR intracellulaires de reconna\u00eetre les microorganismes qui se d\u00e9veloppent exclusivement \u00e0 l\u2019int\u00e9rieur des cellules, soit les virus. Le TLR7 antiviral est donc un r\u00e9cepteur intracellulaire.<\/p>\n<p>En\u00a02020, <a href=\"https:\/\/jamanetwork.com\/journals\/jama\/fullarticle\/2768926\" rel=\"nofollow noopener\" target=\"_blank\" class=\"color-ultramarine c-link\">il a \u00e9t\u00e9 montr\u00e9<\/a> que des mutations g\u00e9n\u00e9tiques inactivant le TLR7 diminuaient l\u2019immunit\u00e9 contre le coronavirus et favorisaient les formes graves du Covid-19. Lorsqu\u2019il d\u00e9tecte de l\u2019ARN viral ou de l\u2019imiquimod, le TLR7 s\u2019active et d\u00e9clenche la lib\u00e9ration par les cellules saines et immunitaires de mol\u00e9cules antivirales appel\u00e9es interf\u00e9rons. Les interf\u00e9rons favorisent notamment la mort des cellules infect\u00e9es, ce qui est la seule fa\u00e7on d\u2019\u00e9radiquer le virus dont la r\u00e9plication d\u00e9pend de l\u2019infection des cellules.<\/p>\n<p>Activer les cellules de l\u2019\u00e9piderme<\/p>\n<p>Les interf\u00e9rons antiviraux lib\u00e9r\u00e9s par l\u2019activation du TLR7 sont une r\u00e9ponse tr\u00e8s puissante pour tuer une cellule de l\u2019organisme devenue anormale, comme une cellule infect\u00e9e par un virus. De la m\u00eame mani\u00e8re, <a href=\"https:\/\/pmc.ncbi.nlm.nih.gov\/articles\/PMC5467995\/\" rel=\"nofollow noopener\" target=\"_blank\" class=\"color-ultramarine c-link\">les interf\u00e9rons sont mobilis\u00e9s pour tuer les cellules canc\u00e9reuses<\/a>, elles aussi devenues anormales. C\u2019est ce type de d\u00e9fense qui est d\u00e9clench\u00e9 par l\u2019imiquimod.<\/p>\n<p>Cette r\u00e9ponse immunitaire est \u00e0 distinguer de l\u2019immunit\u00e9 extracellulaire, qui ne cible pas les cellules devenues anormales mais les corps \u00e9trangers tels que les bact\u00e9ries. L\u2019une des raisons pour lesquelles l\u2019imiquimod est utilis\u00e9 pour traiter certaines formes du cancer de la peau est que les cellules de l\u2019\u00e9piderme expriment fortement le TLR7. La peau, bien que ce ne soit pas un organe immunitaire, est la toute premi\u00e8re barri\u00e8re de protection physique de notre corps.<\/p>\n<p>Ainsi, les cellules non immunitaires de la peau sont performantes dans la d\u00e9tection de l\u2019ARN viral ou autres mol\u00e9cules associ\u00e9es aux microbes, et sont facilement activ\u00e9es par l\u2019imiquimod. En tant que barri\u00e8re de protection importante, l\u2019\u00e9piderme regorge m\u00eame de cellules immunitaires comme les macrophages qui expriment aussi fortement le TLR7.<\/p>\n<p>Les macrophages de l\u2019\u00e9piderme ont \u00e9t\u00e9 d\u00e9couverts par le biologiste prussien Paul Langherans, d\u2019o\u00f9 leur nom de \u00ab\u00a0cellules de Langherans\u00a0\u00bb. Au cours d\u2019un cancer de la peau, <a href=\"https:\/\/www.sciencedirect.com\/science\/article\/abs\/pii\/S0008874917301272\" rel=\"nofollow noopener\" target=\"_blank\" class=\"color-ultramarine c-link\">l\u2019infiltration de la tumeur par les cellules de Langherans<\/a> est un <a href=\"https:\/\/www.sciencedirect.com\/science\/article\/abs\/pii\/S0008874917301272\" target=\"_blank\" class=\"color-ultramarine c-link\" rel=\"noopener\">marqueur d\u2019\u00e9volution b\u00e9n\u00e9fique pour le patient<\/a>, puisqu\u2019elles sont <a href=\"https:\/\/pmc.ncbi.nlm.nih.gov\/articles\/PMC2907490\/\" rel=\"nofollow noopener\" target=\"_blank\" class=\"color-ultramarine c-link\">capables de tuer les cellules canc\u00e9reuses<\/a>.<\/p>\n<p>Apr\u00e8s stimulation par l\u2019imiquimod, les cellules de Langherans pourraient ensuite migrer vers les ganglions lymphatiques, organes de l\u2019immunit\u00e9 adaptative, o\u00f9 elles activeraient les cellules immunitaires appel\u00e9es lymphocytes T gr\u00e2ce aux interf\u00e9rons.<\/p>\n<p>Gr\u00e2ce \u00e0 l\u2019imiquimod, plusieurs cellules immunitaires sont ainsi susceptibles de collaborer pour limiter la croissance de la tumeur, ce qui repr\u00e9sente l\u2019un des avantages de ce traitement.<\/p>\n<p>La pr\u00e9vention contre le m\u00e9lanome reste de mise<\/p>\n<p>Le savon du jeune Heman Bekele pour traiter le cancer de la peau est donc une id\u00e9e prometteuse, car elle propose une application plus pratique dans la vie quotidienne que les cr\u00e8mes qui existent d\u00e9j\u00e0 sur le march\u00e9.<\/p>\n<p>N\u00e9anmoins, cela ne doit pas nous faire perdre de vue que la meilleure fa\u00e7on de lutter contre ce cancer est la <a href=\"https:\/\/www.ameli.fr\/assure\/sante\/themes\/melanome\/prevention\" rel=\"nofollow noopener\" target=\"_blank\" class=\"color-ultramarine c-link\">pr\u00e9vention<\/a>.<\/p>\n<p>Se prot\u00e9ger des rayonnements du soleil avec des chapeaux et des v\u00eatements amples, ainsi qu\u2019une cr\u00e8me ou un spray solaires demeurent les mesures les plus efficaces.<\/p>\n<p><img loading=\"lazy\" decoding=\"async\" src=\"https:\/\/www.europesays.com\/fr\/wp-content\/uploads\/2025\/04\/1744034230_892_count.gif\" alt=\"The Conversation\" width=\"1\" height=\"1\" style=\"border:none !important;box-shadow:none !important;margin:0 !important;max-height:1px !important;max-width:1px !important;min-height:1px !important;min-width:1px !important;opacity:0 !important;outline:none !important;padding:0 !important\" referrerpolicy=\"no-referrer-when-downgrade\"\/> <\/p>\n","protected":false},"excerpt":{"rendered":"Un savon pour traiter le cancer de la peau. C\u2019est avec cette id\u00e9e que le jeune Heman Bekele,&hellip;\n","protected":false},"author":2,"featured_media":7997,"comment_status":"","ping_status":"","sticky":false,"template":"","format":"standard","meta":{"footnotes":""},"categories":[7],"tags":[101,1011,27,142,4281,71,43,40,41,39,42,44],"class_list":{"0":"post-7996","1":"post","2":"type-post","3":"status-publish","4":"format-standard","5":"has-post-thumbnail","7":"category-sciences-et-technologies","8":"tag-cancer","9":"tag-fr","10":"tag-france","11":"tag-high-tech","12":"tag-inserm","13":"tag-sante","14":"tag-science","15":"tag-science-and-technology","16":"tag-sciences","17":"tag-sciences-et-technologies","18":"tag-technologies","19":"tag-technology"},"share_on_mastodon":{"url":"https:\/\/pubeurope.com\/@fr\/114297034771808138","error":""},"_links":{"self":[{"href":"https:\/\/www.europesays.com\/fr\/wp-json\/wp\/v2\/posts\/7996","targetHints":{"allow":["GET"]}}],"collection":[{"href":"https:\/\/www.europesays.com\/fr\/wp-json\/wp\/v2\/posts"}],"about":[{"href":"https:\/\/www.europesays.com\/fr\/wp-json\/wp\/v2\/types\/post"}],"author":[{"embeddable":true,"href":"https:\/\/www.europesays.com\/fr\/wp-json\/wp\/v2\/users\/2"}],"replies":[{"embeddable":true,"href":"https:\/\/www.europesays.com\/fr\/wp-json\/wp\/v2\/comments?post=7996"}],"version-history":[{"count":0,"href":"https:\/\/www.europesays.com\/fr\/wp-json\/wp\/v2\/posts\/7996\/revisions"}],"wp:featuredmedia":[{"embeddable":true,"href":"https:\/\/www.europesays.com\/fr\/wp-json\/wp\/v2\/media\/7997"}],"wp:attachment":[{"href":"https:\/\/www.europesays.com\/fr\/wp-json\/wp\/v2\/media?parent=7996"}],"wp:term":[{"taxonomy":"category","embeddable":true,"href":"https:\/\/www.europesays.com\/fr\/wp-json\/wp\/v2\/categories?post=7996"},{"taxonomy":"post_tag","embeddable":true,"href":"https:\/\/www.europesays.com\/fr\/wp-json\/wp\/v2\/tags?post=7996"}],"curies":[{"name":"wp","href":"https:\/\/api.w.org\/{rel}","templated":true}]}}