{"id":799639,"date":"2026-03-15T03:09:24","date_gmt":"2026-03-15T03:09:24","guid":{"rendered":"https:\/\/www.europesays.com\/fr\/799639\/"},"modified":"2026-03-15T03:09:24","modified_gmt":"2026-03-15T03:09:24","slug":"mondial-f-qualifs-les-bleues-dominent-lallemagne-pour-feter-leur-qualification-sports","status":"publish","type":"post","link":"https:\/\/www.europesays.com\/fr\/799639\/","title":{"rendered":"Mondial (F\/Qualifs) : Les Bleues dominent l&rsquo;Allemagne pour f\u00eater leur qualification : Sports"},"content":{"rendered":"<p class=\"date\">\n                                                            Mathieu Warnier, Media365 : publi\u00e9 le samedi 14 mars 2026 \u00e0 22h20\n                                                    <\/p>\n<p><strong>Dans un match priv\u00e9 d&rsquo;enjeu car la qualification pour la Coupe du Monde \u00e9tait d\u00e9j\u00e0 en poche, les Bleues ont pris la mesure de l&rsquo;Allemagne (63-85) et restent invaincues.<\/strong><\/p>\n<p>Les Bleues n&rsquo;ont pas subi de d\u00e9compression. Apr\u00e8s la d\u00e9faite des Philippines contre le Nigeria puis celle de la Colombie face \u00e0 la Cor\u00e9e du Sud, les joueuses de Jean-Aim\u00e9 Toupane ont valid\u00e9 leur billet pour le Mondial 2026 avant m\u00eame d&rsquo;entrer sur le parquet de l&rsquo;Astroballe pour y affronter l&rsquo;Allemagne. Mais, face au pays qui accueillera l&rsquo;\u00e9v\u00e9nement du 4 au 13 septembre prochains \u00e0 Berlin, les vice-championnes olympiques n&rsquo;\u00e9taient pas d\u00e9cid\u00e9es \u00e0 baisser de pied. En effet, si les Allemandes ont pris le meilleur d\u00e9part gr\u00e2ce \u00e0 quatre points sign\u00e9s Nyara Sabally (10 points), les Tricolores ont vite corrig\u00e9 le tir sous l&rsquo;impulsion de Janelle Sala\u00fcn (18 points, 6 rebonds). La belle r\u00e9sistance de la s\u00e9lection allemande n&rsquo;aura tenu que trois minutes et demie. En effet, l&rsquo;\u00e9quipe de France a alors hauss\u00e9 le ton devant le public rhodanien. Avec Aminata Gueye (4 points) et l&rsquo;adresse sur la ligne des lancers francs de Val\u00e9riane Ayayi (8 points), elle a inflig\u00e9 un 11-0 \u00e0 son adversaire pour s&rsquo;envoler au tableau d&rsquo;affichage. <\/p>\n<p>L&rsquo;Allemagne en manque de solutions<\/p>\n<p>Avec notamment un tir longue distance de Marine Johann\u00e8s, ses seuls points du match les Bleues ont achev\u00e9 un premier quart-temps quasiment parfait avec quinze longueurs d&rsquo;avance. Le deuxi\u00e8me a vu Jean-Aim\u00e9 Toupane donner du temps de jeu \u00e0 l&rsquo;ensemble de ses joueuses, ce qui a pu nuire \u00e0 la performance d&rsquo;ensemble tricolore. Alexis Peterson (13 points) et Leonie Fiebich (7 points) en ont profit\u00e9 pour rapprocher l&rsquo;Allemagne de la barre des dix points de retard, sans toutefois parvenir \u00e0 la passer. Le banc de l&rsquo;\u00e9quipe de France a tout de suite pris un temps-mort pour resserrer les boulons. Migna Tour\u00e9 (11 points, 5 rebonds) et Mari\u00e8me Badiane (11 points) ont r\u00e9pondu pr\u00e9sent pour redonner une marge plus importante aux Bleues. Toutefois, Alexandra Wilke (6 points) et Nyara Sabally ont pu signer un 6-0 en toute fin de deuxi\u00e8me quart-temps pour ramener leur \u00e9quipe \u00e0 douze unit\u00e9s au moment de retrouver les vestiaires. D\u00e8s la reprise, les Tricolores ont chang\u00e9 de ton. <\/p>\n<p>Les Bleues poursuivent leur sans-faute<\/p>\n<p>Un 11-2 emmen\u00e9 par Leila Lacan (7 points) leur a permis de d\u00e9passer les 20 longueurs d&rsquo;avance pour la premi\u00e8re fois du match. A l&rsquo;orgueil, les Allemandes ont essay\u00e9 de tenir le rythme. N\u00e9anmoins, les efforts d&rsquo;Emma Eichmeyer (7 points, 5 rebonds) et de ses co\u00e9quipi\u00e8res ne leur ont permis que de revenir \u00e0 quinze points des Bleues. Gabby Williams (14 points) a ensuite permis \u00e0 l&rsquo;\u00e9quipe de France d&rsquo;entamer les dix derni\u00e8res minutes avec une marge de 19 unit\u00e9s. Un ultime quart-temps qui a tout d&rsquo;abord vu les joueuses de Jean-Aim\u00e9 Toupane d\u00e9rouler pour flirter avec les 30 points d&rsquo;avance avant une nouvelle large rotation pour les derniers instants de la rencontre. Les Bleues l&#8217;emportent au final de 22 points (63-85) et sont d\u00e9sormais les seules invaincues dans ce tournoi de qualification organis\u00e9 \u00e0 Villeurbanne. S&rsquo;il n&rsquo;y a plus de v\u00e9ritable enjeu, les matchs face au Nigeria et contre la Cor\u00e9e du Sud seront des opportunit\u00e9s de construire les certitudes en vue du Mondial. <strong>BASKET &#8211; MONDIAL 2026 (F) \/ TOURNOI DE QUALIFICATION<\/strong><strong>3eme journ\u00e9e &#8211; Samedi 14 mars 2026<\/strong><strong>Nigeria<\/strong> &#8211; Philippines : 101-84 <strong>Cor\u00e9e du Sud<\/strong> &#8211; Colombie : 82-52 Allemagne &#8211; <strong>France<\/strong> : 63-85 <strong>Classement<\/strong><strong>1- France 6 points<\/strong><strong>2-<\/strong> Cor\u00e9e du Sud 5 <strong>3-<\/strong> Allemagne 5 <strong>4-<\/strong> Nigeria 5 <strong>5-<\/strong> Philippines 3 <strong>6-<\/strong> Colombie 3 Les deux premiers du classement, mis \u00e0 part l&rsquo;Allemagne et le Nigeria qui sont d\u00e9j\u00e0 qualifi\u00e9s, obtiendront leur s\u00e9same pour la Coupe du Monde, organis\u00e9e \u00e0 Berlin du 4 au 13 septembre 2026.<\/p>\n","protected":false},"excerpt":{"rendered":"Mathieu Warnier, Media365 : publi\u00e9 le samedi 14 mars 2026 \u00e0 22h20 Dans un match priv\u00e9 d&rsquo;enjeu car&hellip;\n","protected":false},"author":2,"featured_media":799640,"comment_status":"","ping_status":"","sticky":false,"template":"","format":"standard","meta":{"footnotes":"","_share_on_mastodon":"0"},"categories":[1587],"tags":[11,672,1804,1805,1803,1777,674,1801,12,1802],"class_list":["post-799639","post","type-post","status-publish","format-standard","has-post-thumbnail","category-allemagne","tag-actualites","tag-allemagne","tag-bundesrepublik-deutschland","tag-de","tag-deutschland","tag-eu","tag-europe","tag-germany","tag-news","tag-republique-federale-dallemagne"],"share_on_mastodon":{"url":"https:\/\/pubeurope.com\/@fr\/116230996965066286","error":""},"_links":{"self":[{"href":"https:\/\/www.europesays.com\/fr\/wp-json\/wp\/v2\/posts\/799639","targetHints":{"allow":["GET"]}}],"collection":[{"href":"https:\/\/www.europesays.com\/fr\/wp-json\/wp\/v2\/posts"}],"about":[{"href":"https:\/\/www.europesays.com\/fr\/wp-json\/wp\/v2\/types\/post"}],"author":[{"embeddable":true,"href":"https:\/\/www.europesays.com\/fr\/wp-json\/wp\/v2\/users\/2"}],"replies":[{"embeddable":true,"href":"https:\/\/www.europesays.com\/fr\/wp-json\/wp\/v2\/comments?post=799639"}],"version-history":[{"count":0,"href":"https:\/\/www.europesays.com\/fr\/wp-json\/wp\/v2\/posts\/799639\/revisions"}],"wp:featuredmedia":[{"embeddable":true,"href":"https:\/\/www.europesays.com\/fr\/wp-json\/wp\/v2\/media\/799640"}],"wp:attachment":[{"href":"https:\/\/www.europesays.com\/fr\/wp-json\/wp\/v2\/media?parent=799639"}],"wp:term":[{"taxonomy":"category","embeddable":true,"href":"https:\/\/www.europesays.com\/fr\/wp-json\/wp\/v2\/categories?post=799639"},{"taxonomy":"post_tag","embeddable":true,"href":"https:\/\/www.europesays.com\/fr\/wp-json\/wp\/v2\/tags?post=799639"}],"curies":[{"name":"wp","href":"https:\/\/api.w.org\/{rel}","templated":true}]}}