{"id":80014,"date":"2025-05-06T19:12:11","date_gmt":"2025-05-06T19:12:11","guid":{"rendered":"https:\/\/www.europesays.com\/fr\/80014\/"},"modified":"2025-05-06T19:12:11","modified_gmt":"2025-05-06T19:12:11","slug":"un-signal-politique-fort-a-priori-sans-risque","status":"publish","type":"post","link":"https:\/\/www.europesays.com\/fr\/80014\/","title":{"rendered":"un signal politique fort, a priori sans risque"},"content":{"rendered":"<p>La Commission europ\u00e9enne a d\u00e9voil\u00e9 ce mardi son plan pour mettre d\u00e9finitivement un terme aux importations de gaz russe d&rsquo;ici fin 2027. Ce sevrage, dont le calendrier a \u00e9t\u00e9 choisi avec attention, devrait avoir peu de cons\u00e9quences sur le prix de la mol\u00e9cule alors qu&rsquo;il y a quelques ann\u00e9es encore les risques \u00e9conomiques et de s\u00e9curit\u00e9 d&rsquo;approvisionnement apparaissaient immenses.<\/p>\n<p>Et pour cause, le 24 f\u00e9vrier 2022, l&rsquo;invasion de l&rsquo;Ukraine r\u00e9v\u00e9lait l&rsquo;ampleur de la d\u00e9pendance de l&rsquo;Union europ\u00e9enne au gaz russe. De quoi accentuer la crise \u00e9nerg\u00e9tique, amorc\u00e9e fin 2021, et provoquer une flamb\u00e9e des prix sans pr\u00e9c\u00e9dent. Trois mois plus tard, <a href=\"https:\/\/www.latribune.fr\/economie\/union-europeenne\/repowereu-le-plan-a-300-milliards-de-bruxelles-pour-se-defaire-a-toute-vitesse-du-gaz-russe-918423.html\" rel=\"nofollow noopener\" target=\"_blank\">Bruxelles d\u00e9gainait alors un plan baptis\u00e9 RepowerEU.<\/a> Objectif : sevrer l&rsquo;Union europ\u00e9enne des combustibles fossiles russes, et plus particuli\u00e8rement de son gaz d&rsquo;ici \u00e0 2027. Ce vaste programme reposait sur trois grands axes : \u00e9conomiser l&rsquo;\u00e9nergie via des actions d&rsquo;efficacit\u00e9 et de sobri\u00e9t\u00e9 \u00e9nerg\u00e9tique, diversifier l&rsquo;approvisionnement et acc\u00e9l\u00e9rer dans les \u00e9nergies renouvelables.<\/p>\n","protected":false},"excerpt":{"rendered":"La Commission europ\u00e9enne a d\u00e9voil\u00e9 ce mardi son plan pour mettre d\u00e9finitivement un terme aux importations de gaz&hellip;\n","protected":false},"author":2,"featured_media":80015,"comment_status":"","ping_status":"","sticky":false,"template":"","format":"standard","meta":{"footnotes":""},"categories":[1586],"tags":[17,11,1129,1777,674,5729,7482,1011,27,843,12,316,25,8013,931],"class_list":{"0":"post-80014","1":"post","2":"type-post","3":"status-publish","4":"format-standard","5":"has-post-thumbnail","7":"category-europe","8":"tag-17","9":"tag-actualites","10":"tag-climat","11":"tag-eu","12":"tag-europe","13":"tag-fin","14":"tag-fort","15":"tag-fr","16":"tag-france","17":"tag-gaz","18":"tag-news","19":"tag-politique","20":"tag-republique-francaise","21":"tag-russe","22":"tag-signal"},"share_on_mastodon":{"url":"https:\/\/pubeurope.com\/@fr\/114462480383152923","error":""},"_links":{"self":[{"href":"https:\/\/www.europesays.com\/fr\/wp-json\/wp\/v2\/posts\/80014","targetHints":{"allow":["GET"]}}],"collection":[{"href":"https:\/\/www.europesays.com\/fr\/wp-json\/wp\/v2\/posts"}],"about":[{"href":"https:\/\/www.europesays.com\/fr\/wp-json\/wp\/v2\/types\/post"}],"author":[{"embeddable":true,"href":"https:\/\/www.europesays.com\/fr\/wp-json\/wp\/v2\/users\/2"}],"replies":[{"embeddable":true,"href":"https:\/\/www.europesays.com\/fr\/wp-json\/wp\/v2\/comments?post=80014"}],"version-history":[{"count":0,"href":"https:\/\/www.europesays.com\/fr\/wp-json\/wp\/v2\/posts\/80014\/revisions"}],"wp:featuredmedia":[{"embeddable":true,"href":"https:\/\/www.europesays.com\/fr\/wp-json\/wp\/v2\/media\/80015"}],"wp:attachment":[{"href":"https:\/\/www.europesays.com\/fr\/wp-json\/wp\/v2\/media?parent=80014"}],"wp:term":[{"taxonomy":"category","embeddable":true,"href":"https:\/\/www.europesays.com\/fr\/wp-json\/wp\/v2\/categories?post=80014"},{"taxonomy":"post_tag","embeddable":true,"href":"https:\/\/www.europesays.com\/fr\/wp-json\/wp\/v2\/tags?post=80014"}],"curies":[{"name":"wp","href":"https:\/\/api.w.org\/{rel}","templated":true}]}}