{"id":80028,"date":"2025-05-06T19:20:10","date_gmt":"2025-05-06T19:20:10","guid":{"rendered":"https:\/\/www.europesays.com\/fr\/80028\/"},"modified":"2025-05-06T19:20:10","modified_gmt":"2025-05-06T19:20:10","slug":"atp-steve-johnson-sans-pitie-sur-lassociation-entre-djokovic-et-murray-quand-on-voit-la-colere-que-novak-manifeste-a-lentrainement-on-peut-dire-que-cela-commence-a-porter-ses-fruits","status":"publish","type":"post","link":"https:\/\/www.europesays.com\/fr\/80028\/","title":{"rendered":"ATP > Steve Johnson sans piti\u00e9 sur l&rsquo;association entre Djokovic et Murray : \u00ab\u00a0Quand on voit la col\u00e8re que Novak manifeste \u00e0 l&rsquo;entra\u00eenement, on peut dire que cela commence \u00e0 porter ses fruits\u00a0\u00bb"},"content":{"rendered":"<p>Alors que la colla\u00adbo\u00adra\u00adtion entre Novak Djokovic et Andy Murray ne semblent pour l\u2019ins\u00adtant pas tr\u00e8s effi\u00adcace compte tenu des derni\u00e8res sorties du Serbe, battu quatre fois au premier tour sur les cinq derniers tour\u00adnois, certains comme l\u2019an\u00adcien joueur am\u00e9ri\u00adcain, Steve Johnson, n\u2019h\u00e9\u00adsitent pas \u00e0 plai\u00adsanter \u00e0 ce\u00a0sujet.<\/p>\n<p><strong>\u00ab\u202fOui, le parte\u00adna\u00adriat avec Murray commence \u00e0 porter ses fruits en raison de la col\u00e8re que Novak mani\u00adfeste \u00e0 l\u2019en\u00adtra\u00ee\u00adne\u00adment, le compor\u00adte\u00adment de Murray entrant enfin dans le cerveau de Novak sur le court d\u2019en\u00adtra\u00ee\u00adne\u00adment\u202f\u00bb<\/strong>, a l\u00e2ch\u00e9 avec humour l\u2019an\u00adcien 21e mondial, faisant r\u00e9f\u00e9\u00adrence au carac\u00adt\u00e8re col\u00e9\u00adrique du Britannique lors\u00adqu\u2019il \u00e9tait encore joueur.\u00a0<\/p>\n<p><strong>\u00ab\u202fJe ne pense pas que l\u2019as\u00adso\u00adcia\u00adtion avec Murray soit payante, mais ce serait un dr\u00f4le de moment qu\u2019ils ne soient pas ensemble pour Wimbledon<\/strong>\u202f\u00bb, a conclu de mani\u00e8re plus s\u00e9rieuse Johnson dans le dernier \u00e9pisode du podcast qu\u2019il co\u2010anime, Nothing Major. <\/p>\n<p class=\"post-published-date\" style=\"color: silver; font-size: 75%; text-align: left;\">Publi\u00e9 le mardi 6 mai 2025 \u00e0 19:45<\/p>\n","protected":false},"excerpt":{"rendered":"Alors que la colla\u00adbo\u00adra\u00adtion entre Novak Djokovic et Andy Murray ne semblent pour l\u2019ins\u00adtant pas tr\u00e8s effi\u00adcace compte&hellip;\n","protected":false},"author":2,"featured_media":80029,"comment_status":"","ping_status":"","sticky":false,"template":"","format":"standard","meta":{"footnotes":""},"categories":[1415],"tags":[4737,105,1011,27,60,1467],"class_list":{"0":"post-80028","1":"post","2":"type-post","3":"status-publish","4":"format-standard","5":"has-post-thumbnail","7":"category-tennis","8":"tag-andy-murray","9":"tag-djokovic","10":"tag-fr","11":"tag-france","12":"tag-sports","13":"tag-tennis"},"share_on_mastodon":{"url":"https:\/\/pubeurope.com\/@fr\/114462511796178173","error":""},"_links":{"self":[{"href":"https:\/\/www.europesays.com\/fr\/wp-json\/wp\/v2\/posts\/80028","targetHints":{"allow":["GET"]}}],"collection":[{"href":"https:\/\/www.europesays.com\/fr\/wp-json\/wp\/v2\/posts"}],"about":[{"href":"https:\/\/www.europesays.com\/fr\/wp-json\/wp\/v2\/types\/post"}],"author":[{"embeddable":true,"href":"https:\/\/www.europesays.com\/fr\/wp-json\/wp\/v2\/users\/2"}],"replies":[{"embeddable":true,"href":"https:\/\/www.europesays.com\/fr\/wp-json\/wp\/v2\/comments?post=80028"}],"version-history":[{"count":0,"href":"https:\/\/www.europesays.com\/fr\/wp-json\/wp\/v2\/posts\/80028\/revisions"}],"wp:featuredmedia":[{"embeddable":true,"href":"https:\/\/www.europesays.com\/fr\/wp-json\/wp\/v2\/media\/80029"}],"wp:attachment":[{"href":"https:\/\/www.europesays.com\/fr\/wp-json\/wp\/v2\/media?parent=80028"}],"wp:term":[{"taxonomy":"category","embeddable":true,"href":"https:\/\/www.europesays.com\/fr\/wp-json\/wp\/v2\/categories?post=80028"},{"taxonomy":"post_tag","embeddable":true,"href":"https:\/\/www.europesays.com\/fr\/wp-json\/wp\/v2\/tags?post=80028"}],"curies":[{"name":"wp","href":"https:\/\/api.w.org\/{rel}","templated":true}]}}