{"id":8004,"date":"2025-04-07T14:01:13","date_gmt":"2025-04-07T14:01:13","guid":{"rendered":"https:\/\/www.europesays.com\/fr\/8004\/"},"modified":"2025-04-07T14:01:13","modified_gmt":"2025-04-07T14:01:13","slug":"les-banques-prises-dans-la-tempete-boursiere","status":"publish","type":"post","link":"https:\/\/www.europesays.com\/fr\/8004\/","title":{"rendered":"les banques prises dans la temp\u00eate boursi\u00e8re"},"content":{"rendered":"<p>Les \u00e9tablissements de Wall Street ont enregistr\u00e9 en deux jours leur pire performance depuis la crise sanitaire. Les banques europ\u00e9ennes sont aussi attaqu\u00e9es. Vendredi, Soci\u00e9t\u00e9 g\u00e9n\u00e9rale a chut\u00e9 de plus de 10\u00a0%.<\/p>\n<p class=\"fig-paragraph\"><a href=\"http:\/\/www.lefigaro.fr\/conjoncture\/la-crainte-d-une-escalade-de-la-guerre-commerciale-seme-la-panique-sur-les-marches-financiers-20250404\" target=\"_blank\" data-fig-type=\"Article\" rel=\"noopener\" data-gtm-custom-categorie=\"navigation\" data-gtm-custom-action=\"crossclick\" data-gtm-custom-label=\"Contextuel\" data-gtm-event=\"customEventSPE\" data-fig-domain=\"LEFIGARO\">La temp\u00eate qui s\u2019est abattue en fin de semaine derni\u00e8re sur les Bourses mondiales\u00a0<\/a>a emport\u00e9 avec elle les banques.\u00a0<a href=\"http:\/\/www.lefigaro.fr\/conjoncture\/francfort-londres-s-p-500-face-aux-droits-de-douane-pire-semaine-depuis-le-covid-19-pour-plusieurs-marches-boursiers-20250405\" target=\"_blank\" data-fig-type=\"Article\" rel=\"noopener\" data-gtm-custom-categorie=\"navigation\" data-gtm-custom-action=\"crossclick\" data-gtm-custom-label=\"Contextuel\" data-gtm-event=\"customEventSPE\" data-fig-domain=\"LEFIGARO\">\u00c0 Wall Street<\/a>, o\u00f9 plus de 6000\u00a0milliards de capitalisation boursi\u00e8re sont partis en fum\u00e9e jeudi et vendredi,\u00a0<a href=\"http:\/\/www.lefigaro.fr\/conjoncture\/droits-de-douane-donald-trump-lance-une-offensive-protectionniste-inedite-contre-le-reste-du-monde-20250402\" target=\"_blank\" data-fig-type=\"Article\" rel=\"noopener\" data-gtm-custom-categorie=\"navigation\" data-gtm-custom-action=\"crossclick\" data-gtm-custom-label=\"Contextuel\" data-gtm-event=\"customEventSPE\" data-fig-domain=\"LEFIGARO\">dans la foul\u00e9e des annonces par Donald Trump<\/a>\u00a0de l\u2019imposition de droits de douane d\u2019au moins 10\u00a0% sur une grande partie des produits import\u00e9s par les \u00c9tats-Unis, les valeurs des \u00e9tablissements financiers ont lourdement chut\u00e9. L\u2019indice sectoriel KBW des g\u00e9ants bancaires am\u00e9ricains, dont JPMorgan, Goldman Sachs, Bank of America ou Morgan Stanley, a d\u00e9viss\u00e9 de 16\u00a0% en deux s\u00e9ances, ce qui ne s\u2019\u00e9tait plus vu depuis le d\u00e9but de la crise sanitaire, en mars 2020\u00a0! Pour ces \u00e9tablissements, l\u2019ann\u00e9e boursi\u00e8re avait d\u00e9j\u00e0 mal commenc\u00e9, car les d\u00e9penses de consommation, moteur de l\u2019\u00e9conomie am\u00e9ricaine, ont ralenti ces derniers mois. Et le pire serait \u00e0 venir.<\/p>\n<p class=\"fig-paragraph\">\u00ab\u00a0Bien que les banques ne soient pas directement impact\u00e9es par les droits de douane, elles sont expos\u00e9es \u00e0 tous les secteurs\u2026<\/p>\n<p class=\"fig-premium-paywall__infos\">\n        Cet article est r\u00e9serv\u00e9 aux abonn\u00e9s.        Il vous reste 71% \u00e0 d\u00e9couvrir.\n    <\/p>\n<p>                <img  data- alt=\"Le Figaro\" class=\"fig-img--complete fig-img\"\/><\/p>\n<p class=\"fig-premium-paywall__title\">Vous avez envie de lire la suite ?<\/p>\n<p class=\"fig-premium-paywall__subtitle\">D\u00e9bloquez tous les articles imm\u00e9diatement.<\/p>\n<p class=\"fig-premium-paywall__connect\">\n                D\u00e9j\u00e0 abonn\u00e9\u00a0?                <a class=\"fig-premium-paywall__connect-link\" href=\"https:\/\/connect.lefigaro.fr\/login?client=horizon_web&amp;type=main&amp;redirect_uri=https%3A%2F%2Fwww.lefigaro.fr%2Fsocietes%2Fdroits-de-douane-les-banques-prises-dans-la-tempete-boursiere-20250406\" data-js-gtm=\"{&quot;customCategorie&quot;: &quot;conversion&quot;, &quot;customAction&quot;: &quot;before_Landing_Connexion_paywall_auto&quot;, &quot;customLabel&quot;: &quot;bGVmaWdhcm8uZnJfXzFmMDEyY2Q2LTNlODUtNmUyZS05ZGU1LWQxN2JhOWUzNmMxNl9fQXJ0aWNsZQ==_Droits de douane\u00a0: les banques prises dans la temp\u00eate boursi\u00e8re_118&quot;, &quot;customIDSPE&quot;: &quot;bGVmaWdhcm8uZnJfXzFmMDEyY2Q2LTNlODUtNmUyZS05ZGU1LWQxN2JhOWUzNmMxNl9fQXJ0aWNsZQ==&quot;, &quot;event&quot;: &quot;customEventSPE&quot;}\" target=\"_blank\" rel=\"noopener\"><br \/>\n                    Connectez-vous<br \/>\n                <\/a>\n            <\/p>\n","protected":false},"excerpt":{"rendered":"Les \u00e9tablissements de Wall Street ont enregistr\u00e9 en deux jours leur pire performance depuis la crise sanitaire. Les&hellip;\n","protected":false},"author":2,"featured_media":8005,"comment_status":"","ping_status":"","sticky":false,"template":"","format":"standard","meta":{"footnotes":""},"categories":[2],"tags":[631,627,630,11,4282,340,398,343,634,405,629,636,73,632,638,1011,27,637,399,639,635,12,401,628,633,407],"class_list":{"0":"post-8004","1":"post","2":"type-post","3":"status-publish","4":"format-standard","5":"has-post-thumbnail","7":"category-actualites","8":"tag-action","9":"tag-actions-francaise","10":"tag-actualite-bourse","11":"tag-actualites","12":"tag-banques","13":"tag-bourse","14":"tag-bourse-de-paris","15":"tag-cac-40","16":"tag-cotation","17":"tag-cotations","18":"tag-cours-des-societes-francaises","19":"tag-devises","20":"tag-etats-unis","21":"tag-fcp","22":"tag-figaro","23":"tag-fr","24":"tag-france","25":"tag-indices","26":"tag-investissement","27":"tag-le-figaro","28":"tag-marches","29":"tag-news","30":"tag-sicav","31":"tag-societes-etrangeres","32":"tag-warrant","33":"tag-warrants"},"share_on_mastodon":{"url":"https:\/\/pubeurope.com\/@fr\/114297050480196183","error":""},"_links":{"self":[{"href":"https:\/\/www.europesays.com\/fr\/wp-json\/wp\/v2\/posts\/8004","targetHints":{"allow":["GET"]}}],"collection":[{"href":"https:\/\/www.europesays.com\/fr\/wp-json\/wp\/v2\/posts"}],"about":[{"href":"https:\/\/www.europesays.com\/fr\/wp-json\/wp\/v2\/types\/post"}],"author":[{"embeddable":true,"href":"https:\/\/www.europesays.com\/fr\/wp-json\/wp\/v2\/users\/2"}],"replies":[{"embeddable":true,"href":"https:\/\/www.europesays.com\/fr\/wp-json\/wp\/v2\/comments?post=8004"}],"version-history":[{"count":0,"href":"https:\/\/www.europesays.com\/fr\/wp-json\/wp\/v2\/posts\/8004\/revisions"}],"wp:featuredmedia":[{"embeddable":true,"href":"https:\/\/www.europesays.com\/fr\/wp-json\/wp\/v2\/media\/8005"}],"wp:attachment":[{"href":"https:\/\/www.europesays.com\/fr\/wp-json\/wp\/v2\/media?parent=8004"}],"wp:term":[{"taxonomy":"category","embeddable":true,"href":"https:\/\/www.europesays.com\/fr\/wp-json\/wp\/v2\/categories?post=8004"},{"taxonomy":"post_tag","embeddable":true,"href":"https:\/\/www.europesays.com\/fr\/wp-json\/wp\/v2\/tags?post=8004"}],"curies":[{"name":"wp","href":"https:\/\/api.w.org\/{rel}","templated":true}]}}