{"id":800534,"date":"2026-03-15T12:40:20","date_gmt":"2026-03-15T12:40:20","guid":{"rendered":"https:\/\/www.europesays.com\/fr\/800534\/"},"modified":"2026-03-15T12:40:20","modified_gmt":"2026-03-15T12:40:20","slug":"jai-arrete-otto-abetz-lincroyable-traque-du-haut-dignitaire-nazi-par-un-resistant-juif","status":"publish","type":"post","link":"https:\/\/www.europesays.com\/fr\/800534\/","title":{"rendered":"\u00ab\u00a0J&rsquo;ai arr\u00eat\u00e9 Otto Abetz\u00a0\u00bb\u00a0: l&rsquo;incroyable traque du haut dignitaire nazi par un r\u00e9sistant juif"},"content":{"rendered":"<p>Le 26 octobre 1945, toute la presse fran\u00e7aise affiche en Une la m\u00eame information : l&rsquo;ancien ambassadeur d&rsquo;Hitler \u00e0 <a href=\"https:\/\/www.france24.com\/fr\/tag\/paris\/\" target=\"_self\" class=\"gtm-add-suggested-tag\" rel=\"nofollow noopener\">Paris<\/a>, <a href=\"https:\/\/www.france24.com\/fr\/info-en-continu\/20260313-avec-les-rayons-et-les-ombres-xavier-giannoli-diss\u00e8que-l-engrenage-de-la-collaboration\" target=\"_self\" rel=\"nofollow noopener\">Otto Abetz<\/a> \u00ab\u00a0a \u00e9t\u00e9 arr\u00eat\u00e9 dans la zone fran\u00e7aise d&rsquo;occupation, \u00e0 Todtmoos, au sud de Fribourg-en-Brisgau, \u00e0 20 km de la fronti\u00e8re suisse\u00a0\u00bb.<\/p>\n<p><img fetchpriority=\"low\" decoding=\"async\" src=\"https:\/\/www.europesays.com\/fr\/wp-content\/uploads\/2026\/03\/Capture-d-\u00e9cran-2026-03-13-095228.png\"   alt=\"Une d\u00e9p\u00eache du journal La France libre dat\u00e9e du 26 octobre 1945.\" style=\"max-height:275px\" loading=\"lazy\" class=\"a-img \"\/><\/p>\n<p>                Une d\u00e9p\u00eache du journal La France libre dat\u00e9e du 26 octobre 1945.                \u00a9 Gallica\/BNF            <\/p>\n<p><a href=\"https:\/\/gallica.bnf.fr\/ark:\/12148\/bpt6k47489376\/f1.image\" target=\"_blank\" rel=\"nofollow noopener\">Deux jours plus tard, le journal Combat donne quelques d\u00e9tails suppl\u00e9mentaires<\/a>\u00a0: \u00ab\u00a0Le lieutenant Caradec et le sergent Ezac, envoy\u00e9s en mission sp\u00e9ciale, le d\u00e9couvrirent au sanatorium de Hoeschschaand pr\u00e8s de Waldshut o\u00f9 il se cachait. La s\u00fbret\u00e9 militaire \u00e9tait sur sa piste depuis trois mois.\u00a0\u00bb<\/p>\n<p>Le nom d&rsquo;Otto Abetz est pass\u00e9 \u00e0 la post\u00e9rit\u00e9 comme celui de l&rsquo;homme qui a exerc\u00e9 une influence consid\u00e9rable sur les relations du r\u00e9gime de Vichy avec l&rsquo;Allemagne nazie. Les noms de ceux qui l&rsquo;ont arr\u00eat\u00e9 sont en revanche tomb\u00e9s dans l&rsquo;oubli. <a href=\"https:\/\/www.lisez.com\/livres\/jai-arrete-otto-abetz-lambassadeur-de-hitler-en-france\/9782258210103\" target=\"_blank\" rel=\"nofollow noopener\">Dans une BD intitul\u00e9 \u00ab\u00a0J&rsquo;ai arr\u00eat\u00e9 Otto Abetz\u00a0\u00bb (\u00e9d. Presses de la Cit\u00e9)<\/a>, adapt\u00e9e d&rsquo;un premier ouvrage publi\u00e9 en 2022 et illustr\u00e9e par Maxime Germain, Didier Eisack met enfin en lumi\u00e8re le r\u00f4le de ces hommes de l&rsquo;ombre et surtout celui de son grand-p\u00e8re, le sergent Ezac, de son vrai nom Joachim Eisack.<\/p>\n<p><img fetchpriority=\"low\" decoding=\"async\" src=\"https:\/\/www.europesays.com\/fr\/wp-content\/uploads\/2026\/03\/230088300-w-980.jpg\"   alt=\"Joachim Eisack alors qu'il \u00e9tait bas\u00e9 en Allemagne, en 1945.\" style=\"max-height:1275px\" loading=\"lazy\" class=\"a-img \"\/><\/p>\n<p>                Joachim Eisack alors qu&rsquo;il \u00e9tait bas\u00e9 en Allemagne, en 1945.                \u00a9 Didier Eisack            <\/p>\n<p>         D&rsquo;une enqu\u00eate g\u00e9n\u00e9alogique \u00e0 une enqu\u00eate polici\u00e8re <\/p>\n<p>Ce n&rsquo;est qu&rsquo;en 2012 que cet ancien militaire et cadre dans le domaine de la d\u00e9fense d\u00e9cide de se pencher sur le pass\u00e9 de sa famille. Son p\u00e8re G\u00e9rard, un ancien r\u00e9sistant, ne lui avait rien transmis. En effectuant une recherche de son nom sur le Web, il d\u00e9couvre que des pav\u00e9s de la m\u00e9moire ont \u00e9t\u00e9 pos\u00e9es \u00e0 Munich en hommage \u00e0 Hulda, son arri\u00e8re-grand-m\u00e8re juive morte en d\u00e9portation <a href=\"https:\/\/www.youtube.com\/watch?v=AHTaziB412Y\" target=\"_blank\" rel=\"nofollow noopener\">dans le camp-ghetto de Theresienstadt<\/a>. \u00ab\u00a0Cela a vraiment \u00e9t\u00e9 le point de d\u00e9part. J&rsquo;ai d&rsquo;abord fait des recherches g\u00e9n\u00e9alogiques. Et puis d&rsquo;archives en archives, j&rsquo;ai d\u00e9couvert l&rsquo;histoire de ma famille paternelle et celle de mon grand-p\u00e8re. J&rsquo;ai pris conscience qu&rsquo;elle \u00e9tait extraordinaire.\u00a0\u00bb<\/p>\n<p>Enfant, Didier avait vaguement entendu que son anc\u00eatre avait \u00ab\u00a0arr\u00eat\u00e9 Otto Abetz\u00a0\u00bb. Cette information \u00e9tait rest\u00e9e dans un coin de sa t\u00eate. Au fur et \u00e0 mesure de ses recherches, cette fable familiale devient r\u00e9alit\u00e9. En recoupant divers dossiers conserv\u00e9s <a href=\"https:\/\/archivesdiplomatiques.diplomatie.gouv.fr\/\" target=\"_blank\" rel=\"nofollow noopener\">aux archives diplomatiques<\/a>, <a href=\"https:\/\/www.servicehistorique.sga.defense.gouv.fr\/\" target=\"_blank\" rel=\"nofollow noopener\">\u00e0 celles du minist\u00e8re de la D\u00e9fense<\/a>\u00a0ou encore <a href=\"https:\/\/lannuaire.service-public.gouv.fr\/gouvernement\/9bdb4a96-76ac-4050-b044-a39f015fa9ce\" target=\"_blank\" rel=\"nofollow noopener\">\u00e0 celles de la justice militaire,<\/a> il comprend que son grand-p\u00e8re a bien interpell\u00e9 ce haut dignitaire nazi\u00a0: \u00ab\u00a0Je suis rentr\u00e9e et j&rsquo;ai dit \u00e0 mon \u00e9pouse qu&rsquo;il y avait \u00e9norm\u00e9ment de documents et que c&rsquo;\u00e9tait notre histoire. Je devais la transmettre \u00e0 nos filles et \u00e0 notre petite-fille.\u00a0\u00bb<\/p>\n<p><img fetchpriority=\"low\" decoding=\"async\" src=\"https:\/\/www.europesays.com\/fr\/wp-content\/uploads\/2026\/03\/BD-Abetz-p-5.jpg\"   alt=\"L'arriv\u00e9e d'Otto Abetz \u00e0 Paris \u00e0 l'\u00e9t\u00e9 1940. Nomm\u00e9 ambassadeur de l'Allemagne le 3 ao\u00fbt 1940, il conserve ce poste jusqu'en juillet 1944.\" style=\"max-height:1008px\" loading=\"lazy\" class=\"a-img \"\/><\/p>\n<p>                L&rsquo;arriv\u00e9e d&rsquo;Otto Abetz \u00e0 Paris \u00e0 l&rsquo;\u00e9t\u00e9 1940. Nomm\u00e9 ambassadeur de l&rsquo;Allemagne le 3 ao\u00fbt 1940, il conserve ce poste jusqu&rsquo;en juillet 1944.                \u00a9 Presses de la Cit\u00e9            <\/p>\n<p>N\u00e9 en 1899 en Prusse dans une famille juive, Joachim Eisack est incorpor\u00e9 dans l&rsquo;arm\u00e9e allemande en 1916 et participe \u00e0 la <a href=\"https:\/\/www.france24.com\/fr\/tag\/premi\u00e8re-guerre-mondiale\/\" target=\"_self\" rel=\"nofollow noopener\">Premi\u00e8re Guerre mondiale<\/a>. En 1933, apr\u00e8s l&rsquo;arriv\u00e9e au pouvoir des nazis, il se r\u00e9fugie en France avec sa femme et ses trois enfants. Au d\u00e9but de la <a href=\"https:\/\/www.france24.com\/fr\/tag\/seconde-guerre-mondiale\/\" target=\"_self\" class=\"gtm-add-suggested-tag\" rel=\"nofollow noopener\">Seconde Guerre mondiale<\/a>, il s&rsquo;engage dans la <a href=\"https:\/\/www.france24.com\/fr\/tag\/l\u00e9gion-\u00e9trang\u00e8re\/\" target=\"_self\" class=\"gtm-add-suggested-tag\" rel=\"nofollow noopener\">L\u00e9gion \u00e9trang\u00e8re<\/a>. D\u00e9mobilis\u00e9 en septembre 1940, il rejoint une organisation de r\u00e9sistance juive dans la r\u00e9gion lyonnaise. Il r\u00e9ussit \u00e0 \u00e9chapper, avec sa famille, aux rafles de l&rsquo;\u00e9t\u00e9 1942 en se cachant dans une ferme dans la Loire et en prenant le faux nom d&rsquo;Ezac. Il int\u00e8gre alors un maquis en Sa\u00f4ne-et-Loire avec son fils G\u00e9rard.<\/p>\n<p class=\"a-read-more\">\u00c0 lire aussi<a href=\"https:\/\/www.france24.com\/fr\/france\/20251025-hommes-femmes-militaires-paysans-fran\u00e7ais-africains-qui-\u00e9taient-les-maquisards-du-vercors\" target=\"_self\" class=\"a-read-more__link\" rel=\"nofollow noopener\">Hommes, femmes, militaires, paysans, Fran\u00e7ais, Africains\u00a0: qui \u00e9taient les maquisards du Vercors\u00a0?<\/a><\/p>\n<p> La chasse d&rsquo;Abetz <\/p>\n<p>\u00c0 la Lib\u00e9ration, ils s&rsquo;engagent tous les deux dans la 1\u00e8re\u00a0division fran\u00e7aise libre,\u00a0<a href=\"https:\/\/www.france24.com\/fr\/france\/20240814-le-15-ao\u00fbt-1944-l-arm\u00e9e-d-afrique-d\u00e9barque-en-provence-pour-lib\u00e9rer-la-france\" target=\"_self\" rel=\"nofollow noopener\">qui a d\u00e9barqu\u00e9 en Provence le 15 ao\u00fbt 1944<\/a>.\u00a0\u00ab\u00a0Joachim est rest\u00e9 dans la r\u00e9gion lyonnaise sous sa fausse identit\u00e9. Il a \u00e9t\u00e9 interpr\u00e8te dans des camps de prisonniers allemands. Puis, il a \u00e9t\u00e9 envoy\u00e9 en mai 1945 comme inspecteur de la s\u00fbret\u00e9 en <a href=\"https:\/\/www.france24.com\/fr\/tag\/allemagne\/\" target=\"_self\" class=\"gtm-add-suggested-tag\" rel=\"nofollow noopener\">Allemagne<\/a>, \u00e0 S\u00e4ckingen, dans la zone d&rsquo;occupation fran\u00e7aise\u00a0\u00bb, raconte son petit-fils.<\/p>\n<p>Dans un petit service et avec tr\u00e8s peu de moyens, Joachim enqu\u00eate sur les Allemands en lien avec le r\u00e9gime nazi. \u00ab\u00a0Il apprend alors qu&rsquo;un Allemand d\u00e9nomm\u00e9 Laumann se cache et qu&rsquo;il pourrait \u00eatre Otto Abetz. Il se met \u00e0 le chasser et arrive \u00e0 l&rsquo;arr\u00eater en le confondant gr\u00e2ce \u00e0 une \u00e9tiquette sur une veste qui \u00e9tait \u00e0 son v\u00e9ritable nom\u00a0\u00bb, d\u00e9crit Didier Eisack.<\/p>\n<p>Sa traque finit m\u00eame par le mener jusqu&rsquo;au tr\u00e9sor du Werwolf, une fortune \u00e9valu\u00e9e \u00e0 66 millions de francs de l&rsquo;\u00e9poque qui avait \u00e9t\u00e9 donn\u00e9e par\u00a0Joachim von Ribbentrop, le ministre des Affaires \u00e9trang\u00e8res du Reich, \u00e0 des groupes nazis pour organiser la r\u00e9sistance contre les troupes d&rsquo;occupation. L&rsquo;inspecteur met aussi la main sur une cinquantaine de tableaux spoli\u00e9s par l&rsquo;ambassadeur d&rsquo;Hitler \u00e0 Paris et sur une serviette rouge contenant des documents compromettants.<\/p>\n<p><img fetchpriority=\"low\" decoding=\"async\" src=\"https:\/\/www.europesays.com\/fr\/wp-content\/uploads\/2026\/03\/BD-Abetz-p-70.jpg\"   alt=\"Un extrait de la BD &quot;J'ai arr\u00eat\u00e9 Otto Abetz&quot; montrant la d\u00e9couverte de la serviette rouge de l'ancien ambassadeur.\" style=\"max-height:1006px\" loading=\"lazy\" class=\"a-img \"\/><\/p>\n<p>                Un extrait de la BD \u00ab\u00a0J&rsquo;ai arr\u00eat\u00e9 Otto Abetz\u00a0\u00bb montrant la d\u00e9couverte de la serviette rouge de l&rsquo;ancien ambassadeur.                \u00a9 Presses de la Cit\u00e9            <\/p>\n<p>Quatre ans plus tard, Otto Abetz est finalement jug\u00e9 dans la capitale fran\u00e7aise par un tribunal militaire. L&rsquo;ancien haut dignitaire nazi, qui a \u00e9t\u00e9 en poste \u00e0 Paris de 1940 \u00e0 1944, est reconnu complice de <a href=\"https:\/\/www.france24.com\/fr\/20180913-hitler-nazis-art-spolie-pillage-picasso-docu\" target=\"_self\" rel=\"nofollow noopener\">pillages d&rsquo;\u0153uvres d&rsquo;art<\/a> et de mobiliers juifs, de d\u00e9portations de juifs et de l&rsquo;assassinat de l&rsquo;ancien ministre de l&rsquo;Int\u00e9rieur fran\u00e7ais George Mandel, livr\u00e9 aux Allemands par le gouvernement de Vichy. Malgr\u00e9 ces accusations accablantes, Otto Abetz n&rsquo;\u00e9cope que de 20 ans de travaux forc\u00e9s et de 20 ans d&rsquo;interdiction de s\u00e9jour. Il obtient m\u00eame trois r\u00e9ductions de peine, avant d&rsquo;\u00eatre graci\u00e9 par Ren\u00e9 Coty en avril 1954.<\/p>\n<p><img fetchpriority=\"low\" decoding=\"async\" src=\"https:\/\/www.europesays.com\/fr\/wp-content\/uploads\/2026\/03\/000-V472J.jpg\"   alt=\"Otto Abetz est photographi\u00e9 lors de l'ouverture de son proc\u00e8s, le 12 juillet 1949, \u00e0 Paris.\" style=\"max-height:647px\" loading=\"lazy\" class=\"a-img \"\/><\/p>\n<p>                Otto Abetz est photographi\u00e9 lors de l&rsquo;ouverture de son proc\u00e8s, le 12 juillet 1949, \u00e0 Paris.                AFP            <\/p>\n<p class=\"a-read-more\">\u00c0 voir aussi<a href=\"https:\/\/www.france24.com\/fr\/\u00e9missions\/focus\/20250125-france-des-peintures-spoli\u00e9es-par-les-nazis-identifi\u00e9es-80-ans-apr\u00e8s\" target=\"_self\" class=\"a-read-more__link\" rel=\"nofollow noopener\">France : des peintures spoli\u00e9es par les nazis restitu\u00e9es 80\u00a0ans apr\u00e8s<\/a><\/p>\n<p>\u00ab\u00a0S&rsquo;il avait \u00e9t\u00e9 <a href=\"https:\/\/www.france24.com\/fr\/europe\/20251120-proc\u00e8s-de-nuremberg-un-album-in\u00e9dit-exhum\u00e9-des-archives-r\u00e9v\u00e8le-les-coulisses-d-une-justice-pionni\u00e8re\" target=\"_self\" rel=\"nofollow noopener\">jug\u00e9 \u00e0 Nuremberg<\/a>, il aurait \u00e9t\u00e9 condamn\u00e9 \u00e0 mort, mais en France, de nombreuses personnalit\u00e9s sont intervenues pour le faire lib\u00e9rer, dont sa femme qui est all\u00e9e revoir les hauts fonctionnaires qu&rsquo;il avait connu durant l&rsquo;occupation et qui, pour certains, \u00e9taient toujours en poste.\u00a0\u00c0 cette p\u00e9riode, la Guerre froide \u00e9tait aussi en train de s&rsquo;instaurer avec l&rsquo;<a href=\"https:\/\/www.france24.com\/fr\/tag\/urss\/\" target=\"_self\" class=\"gtm-add-suggested-tag\" rel=\"nofollow noopener\">URSS<\/a>. On a pu consid\u00e9rer qu&rsquo;il fallait pacifier les relations franco-allemandes pour se concentrer sur la lutte contre le communisme\u00a0\u00bb, analyse Didier Eisack. \u00ab\u00a0En tout cas, m\u00eame s&rsquo;il n&rsquo;avait pas personnellement de sang sur les mains, cet homme a \u00e9t\u00e9 impliqu\u00e9 <a href=\"https:\/\/www.france24.com\/fr\/europe\/20220327-il-y-a-80-ans-le-d\u00e9part-du-premier-convoi-de-d\u00e9portation-de-juifs-de-france\" target=\"_self\" rel=\"nofollow noopener\">dans la d\u00e9portation des juifs<\/a> qui sont partis de France et dans leur spoliation\u00a0\u00bb, insiste-t-il.<\/p>\n<p><img fetchpriority=\"low\" decoding=\"async\" src=\"https:\/\/www.europesays.com\/fr\/wp-content\/uploads\/2026\/03\/BD-Abetz-p-6-7.jpg\"   alt=\"La spoliation de biens culturels par Otto Abetz, d\u00e8s son arriv\u00e9 en France en 1940.\" style=\"max-height:599px\" loading=\"lazy\" class=\"a-img \"\/><\/p>\n<p>                La spoliation de biens culturels par Otto Abetz, d\u00e8s son arriv\u00e9 en France en 1940.                \u00a9 Presses de la Cit\u00e9            <\/p>\n<p>         Un manque de reconnaissance <\/p>\n<p>Quelques mois apr\u00e8s la gr\u00e2ce d&rsquo;Otto Abetz, Joachim Eisack meurt dans le d\u00e9nuement le plus complet \u00e0 Munich, en Allemagne. Malgr\u00e9 ses actions, l&rsquo;ancien r\u00e9sistant n&rsquo;a pas eu la reconnaissance qu&rsquo;il m\u00e9ritait et en a profond\u00e9ment souffert. Apr\u00e8s avoir arr\u00eat\u00e9 l&rsquo;ancien ambassadeur, il demande en 1946 sa naturalisation fran\u00e7aise. Il ne l&rsquo;obtient que quatre ans plus tard, au prix d&rsquo;une longue proc\u00e9dure. Sa demande de r\u00e9compense pour l&rsquo;arrestation d&rsquo;Otto Abetz et pour la d\u00e9couverte des fonds remis par Joachim von Ribbentrop est m\u00eame rejet\u00e9e par le Conseil d&rsquo;\u00c9tat, au motif qu&rsquo;il n&rsquo;\u00e9tait pas un fonctionnaire, mais un contractuel.<\/p>\n<p>En d\u00e9couvrant les conclusions de ce refus, l&rsquo;auteur avoue \u00ab\u00a0s&rsquo;\u00eatre mis tr\u00e8s en col\u00e8re\u00a0\u00bb. \u00ab\u00a0Est-ce que le fait que ce soit un juif qui ait arr\u00eat\u00e9 ce dignitaire nazi qui a pos\u00e9 probl\u00e8me ? Ce ne sont que des suppositions, mais il y a des rumeurs qui ont \u00e9t\u00e9 colport\u00e9es sur le fait qu&rsquo;il aurait piqu\u00e9 de l&rsquo;argent du tr\u00e9sor et que c&rsquo;\u00e9tait normal parce qu&rsquo;il \u00e9tait juif\u00a0\u00bb, note son petit-fils. \u00ab\u00a0Il faut savoir <a href=\"https:\/\/www.france24.com\/fr\/france\/20250723-trahison-d\u00e9shonneur-80-ans-proc\u00e8s-p\u00e9tain-occupation-shoah-juif\" target=\"_self\" rel=\"nofollow noopener\">qu&rsquo;au cours de l&rsquo;\u00e9puration<\/a>, de nombreux fonctionnaires vichyssois ont \u00e9t\u00e9 recycl\u00e9s dans la zone d&rsquo;occupation fran\u00e7aise en Allemagne. Il n&rsquo;y a pas non plus eu d&rsquo;\u00e9puration du Conseil d&rsquo;\u00c9tat\u00a0\u00bb, ajoute-t-il.<\/p>\n<p class=\"a-read-more\">\u00c0 lire aussi<a href=\"https:\/\/www.france24.com\/fr\/france\/20250723-trahison-d\u00e9shonneur-80-ans-proc\u00e8s-p\u00e9tain-occupation-shoah-juif\" target=\"_self\" class=\"a-read-more__link\" rel=\"nofollow noopener\">Trahison et d\u00e9shonneur : il y a 80 ans, le proc\u00e8s P\u00e9tain<\/a><\/p>\n<p>Pour Didier Eisack, son grand-p\u00e8re a subi \u00ab\u00a0une injustice flagrante\u00a0\u00bb. Avec son premier ouvrage et cette BD qui vient de para\u00eetre, il esp\u00e8re enfin pouvoir le r\u00e9habiliter : \u00ab\u00a0C&rsquo;\u00e9tait un homme \u00e9pris de justice qui a tout fait pour pr\u00e9server sa famille. Il \u00e9tait d&rsquo;une grande t\u00e9nacit\u00e9. Il est all\u00e9 jusqu&rsquo;au bout, y compris contre sa hi\u00e9rarchie.\u00a0\u00bb Deux g\u00e9n\u00e9rations plus tard, son petit-fils a de qui tenir. Il n&rsquo;a rien l\u00e2ch\u00e9 pour retracer son parcours : \u00ab\u00a0Je suis aussi devenu, gr\u00e2ce \u00e0 lui, un passeur de m\u00e9moire. Dans la p\u00e9riode que nous vivons, il est important de transmettre ces histoires pour \u00e9clairer le pr\u00e9sent.\u00a0\u00bb<\/p>\n","protected":false},"excerpt":{"rendered":"Le 26 octobre 1945, toute la presse fran\u00e7aise affiche en Une la m\u00eame information : l&rsquo;ancien ambassadeur d&rsquo;Hitler&hellip;\n","protected":false},"author":2,"featured_media":800535,"comment_status":"","ping_status":"","sticky":false,"template":"","format":"standard","meta":{"footnotes":"","_share_on_mastodon":"0"},"categories":[2],"tags":[11,672,6155,13153,251,1011,27,937,16684,12,25,935,10775],"class_list":["post-800534","post","type-post","status-publish","format-standard","has-post-thumbnail","category-actualites","tag-actualites","tag-allemagne","tag-antisemitisme","tag-bande-dessinee","tag-culture","tag-fr","tag-france","tag-histoire","tag-nazisme","tag-news","tag-republique-francaise","tag-seconde-guerre-mondiale","tag-shoah"],"share_on_mastodon":{"url":"https:\/\/pubeurope.com\/@fr\/116233242800086718","error":""},"_links":{"self":[{"href":"https:\/\/www.europesays.com\/fr\/wp-json\/wp\/v2\/posts\/800534","targetHints":{"allow":["GET"]}}],"collection":[{"href":"https:\/\/www.europesays.com\/fr\/wp-json\/wp\/v2\/posts"}],"about":[{"href":"https:\/\/www.europesays.com\/fr\/wp-json\/wp\/v2\/types\/post"}],"author":[{"embeddable":true,"href":"https:\/\/www.europesays.com\/fr\/wp-json\/wp\/v2\/users\/2"}],"replies":[{"embeddable":true,"href":"https:\/\/www.europesays.com\/fr\/wp-json\/wp\/v2\/comments?post=800534"}],"version-history":[{"count":0,"href":"https:\/\/www.europesays.com\/fr\/wp-json\/wp\/v2\/posts\/800534\/revisions"}],"wp:featuredmedia":[{"embeddable":true,"href":"https:\/\/www.europesays.com\/fr\/wp-json\/wp\/v2\/media\/800535"}],"wp:attachment":[{"href":"https:\/\/www.europesays.com\/fr\/wp-json\/wp\/v2\/media?parent=800534"}],"wp:term":[{"taxonomy":"category","embeddable":true,"href":"https:\/\/www.europesays.com\/fr\/wp-json\/wp\/v2\/categories?post=800534"},{"taxonomy":"post_tag","embeddable":true,"href":"https:\/\/www.europesays.com\/fr\/wp-json\/wp\/v2\/tags?post=800534"}],"curies":[{"name":"wp","href":"https:\/\/api.w.org\/{rel}","templated":true}]}}