{"id":80057,"date":"2025-05-06T19:36:24","date_gmt":"2025-05-06T19:36:24","guid":{"rendered":"https:\/\/www.europesays.com\/fr\/80057\/"},"modified":"2025-05-06T19:36:24","modified_gmt":"2025-05-06T19:36:24","slug":"combien-va-couter-la-decarbonation-de-paris-a-ses-habitants","status":"publish","type":"post","link":"https:\/\/www.europesays.com\/fr\/80057\/","title":{"rendered":"combien va co\u00fbter la d\u00e9carbonation de Paris \u00e0 ses habitants"},"content":{"rendered":"<p><strong>D\u00c9CRYPTAGE &#8211; <\/strong>Une \u00e9tude in\u00e9dite a tent\u00e9 de chiffrer les co\u00fbts et b\u00e9n\u00e9fices de l\u2019ambitieux programme de d\u00e9carbonation de la capitale, \u00e9valuant son impact sur l\u2019\u00c9tat, les entreprises et les m\u00e9nages parisiens.<\/p>\n<p class=\"fig-paragraph\">Transformation du b\u00e2ti,\u00a0<a href=\"http:\/\/www.lefigaro.fr\/societes\/le-fabricant-francais-de-cables-nexans-porte-par-l-electrification-acceleree-du-monde-20241121\" data-fig-type=\"Article\" data-gtm-custom-categorie=\"navigation\" data-gtm-custom-action=\"crossclick\" data-gtm-custom-label=\"Contextuel\" data-gtm-event=\"customEventSPE\" data-fig-domain=\"LEFIGARO\" target=\"_blank\" rel=\"noopener\">\u00e9lectrification<\/a>\u00a0tous azimuts, v\u00e9g\u00e9talisation\u00a0: la d\u00e9carbonation de la capitale sera \u00abco\u00fbteuse\u00bb pour les m\u00e9nages et les entreprises concern\u00e9s, mais elle devrait, \u00e0 terme, g\u00e9n\u00e9rer d\u2019\u00abimportants\u00bb b\u00e9n\u00e9fices. C\u2019est ce que r\u00e9v\u00e8le une \u00e9tude publi\u00e9e ce lundi par\u00a0<a href=\"http:\/\/www.lefigaro.fr\/flash-eco\/budget-francais-l-ofce-anticipe-un-deficit-entre-6-1-et-6-4-en-2025-20241222\" data-fig-type=\"NewsFlash\" data-gtm-custom-categorie=\"navigation\" data-gtm-custom-action=\"crossclick\" data-gtm-custom-label=\"Contextuel\" data-gtm-event=\"customEventSPE\" data-fig-domain=\"LEFIGARO\" target=\"_blank\" rel=\"noopener\">l\u2019Observatoire fran\u00e7ais des conjonctures \u00e9conomiques (Ofce)<\/a>. Command\u00e9 par la Ville de Paris, le rapport chiffre l\u2019impact du Plan climat 2024-2030, adopt\u00e9 en novembre dernier par la municipalit\u00e9, qui vise \u00e0 r\u00e9duire de 50 % les \u00e9missions de CO\u2082 d\u2019ici \u00e0 2030 par rapport \u00e0 2004, et \u00e0 atteindre la neutralit\u00e9 carbone en 2050, r\u00e9seau de chaleur except\u00e9.<\/p>\n<p class=\"fig-paragraph\">Les objectifs \u00e9cologiques fix\u00e9s par la\u00a0<a href=\"http:\/\/www.lefigaro.fr\/sports\/jeux-olympiques\/dossier\/les-jeux-de-paris-2024-ont-change-leur-vie-retrouvez-tous-les-episodes-de-notre-serie\" data-fig-type=\"Topic\" data-gtm-custom-categorie=\"navigation\" data-gtm-custom-action=\"crossclick\" data-gtm-custom-label=\"Contextuel\" data-gtm-event=\"customEventSPE\" data-fig-domain=\"LEFIGARO\" target=\"_blank\" rel=\"noopener\">Ville lumi\u00e8re<\/a>\u00a0sont \u00abambitieux mais atteignables\u00bb, tranche le rapport. Aux prix toutefois d\u2019un effort financier consid\u00e9rable\u00a0: d\u2019ici 2030, l\u2019ensemble des acteurs publics et priv\u00e9s parisiens devront investir pr\u00e8s de 2 milliards d\u2019euros suppl\u00e9mentaires chaque ann\u00e9e pour atteindre les objectifs fix\u00e9s, dont 500 millions \u00e0 la charge de la Ville de Paris. \u00abDans un premier temps, ce surcro\u00eet de d\u00e9penses est surtout li\u00e9 \u00e0 l\u2019interdiction des v\u00e9hicules thermiques dans cinq ans, donc dans un d\u00e9lai particuli\u00e8rement court\u00bb, souligne Valentin Laprie, l\u2019un des auteurs de l\u2019\u00e9tude\u2026<\/p>\n<p class=\"fig-premium-paywall__infos\">\n        Cet article est r\u00e9serv\u00e9 aux abonn\u00e9s.        Il vous reste 83% \u00e0 d\u00e9couvrir.\n    <\/p>\n<p>                <img  data- alt=\"Le Figaro\" class=\"fig-img--complete fig-img\"\/><\/p>\n<p class=\"fig-premium-paywall__title\">Je m&rsquo;informe, je m&rsquo;inspire, je m&rsquo;abonne.<\/p>\n<p class=\"fig-premium-paywall__subtitle\">D\u00e9couvrez notre offre de bienvenue.<\/p>\n<p class=\"fig-premium-paywall__connect\">\n                D\u00e9j\u00e0 abonn\u00e9\u00a0?                <a class=\"fig-premium-paywall__connect-link\" href=\"https:\/\/connect.lefigaro.fr\/login?client=horizon_web&amp;type=main&amp;redirect_uri=https%3A%2F%2Fwww.lefigaro.fr%2Fconjoncture%2Fsans-incitations-financieres-rien-ne-sera-fait-combien-va-couter-la-decarbonation-de-paris-a-ses-habitants-20250506\" data-js-gtm=\"{&quot;customCategorie&quot;: &quot;conversion&quot;, &quot;customAction&quot;: &quot;before_Landing_Connexion_paywall_manuel&quot;, &quot;customLabel&quot;: &quot;bGVmaWdhcm8uZnJfXzFmMDJhNmEzLTM2OTktNjNhOC05MDM0LTAxNjI2NDM3ZjQ2OV9fQXJ0aWNsZQ==_\u00abSans incitations financi\u00e8res, rien ne sera fait\u00bb\u00a0: combien va co\u00fbter la d\u00e9carbonation de Paris \u00e0 ses habitants_611&quot;, &quot;customIDSPE&quot;: &quot;bGVmaWdhcm8uZnJfXzFmMDJhNmEzLTM2OTktNjNhOC05MDM0LTAxNjI2NDM3ZjQ2OV9fQXJ0aWNsZQ==&quot;, &quot;event&quot;: &quot;customEventSPE&quot;}\" target=\"_blank\" rel=\"noopener\"><br \/>\n                    Connectez-vous<br \/>\n                <\/a>\n            <\/p>\n","protected":false},"excerpt":{"rendered":"D\u00c9CRYPTAGE &#8211; Une \u00e9tude in\u00e9dite a tent\u00e9 de chiffrer les co\u00fbts et b\u00e9n\u00e9fices de l\u2019ambitieux programme de d\u00e9carbonation&hellip;\n","protected":false},"author":2,"featured_media":80058,"comment_status":"","ping_status":"","sticky":false,"template":"","format":"standard","meta":{"footnotes":""},"categories":[6],"tags":[339,340,35,343,345,1129,350,130,344,352,349,33,34,341,313,1011,27,346,342,353,351,347,626,348,354],"class_list":{"0":"post-80057","1":"post","2":"type-post","3":"status-publish","4":"format-standard","5":"has-post-thumbnail","7":"category-economie","8":"tag-actualite-economique","9":"tag-bourse","10":"tag-business","11":"tag-cac-40","12":"tag-chef-dentreprise","13":"tag-climat","14":"tag-concurrence","15":"tag-consommation","16":"tag-creation-dentreprise","17":"tag-crise","18":"tag-delocalisations","19":"tag-economie","20":"tag-economy","21":"tag-emploi","22":"tag-entreprises","23":"tag-fr","24":"tag-france","25":"tag-grands-patrons","26":"tag-impots","27":"tag-licenciements","28":"tag-monopole","29":"tag-multinationales","30":"tag-paris","31":"tag-privatisation","32":"tag-unio"},"share_on_mastodon":{"url":"","error":""},"_links":{"self":[{"href":"https:\/\/www.europesays.com\/fr\/wp-json\/wp\/v2\/posts\/80057","targetHints":{"allow":["GET"]}}],"collection":[{"href":"https:\/\/www.europesays.com\/fr\/wp-json\/wp\/v2\/posts"}],"about":[{"href":"https:\/\/www.europesays.com\/fr\/wp-json\/wp\/v2\/types\/post"}],"author":[{"embeddable":true,"href":"https:\/\/www.europesays.com\/fr\/wp-json\/wp\/v2\/users\/2"}],"replies":[{"embeddable":true,"href":"https:\/\/www.europesays.com\/fr\/wp-json\/wp\/v2\/comments?post=80057"}],"version-history":[{"count":0,"href":"https:\/\/www.europesays.com\/fr\/wp-json\/wp\/v2\/posts\/80057\/revisions"}],"wp:featuredmedia":[{"embeddable":true,"href":"https:\/\/www.europesays.com\/fr\/wp-json\/wp\/v2\/media\/80058"}],"wp:attachment":[{"href":"https:\/\/www.europesays.com\/fr\/wp-json\/wp\/v2\/media?parent=80057"}],"wp:term":[{"taxonomy":"category","embeddable":true,"href":"https:\/\/www.europesays.com\/fr\/wp-json\/wp\/v2\/categories?post=80057"},{"taxonomy":"post_tag","embeddable":true,"href":"https:\/\/www.europesays.com\/fr\/wp-json\/wp\/v2\/tags?post=80057"}],"curies":[{"name":"wp","href":"https:\/\/api.w.org\/{rel}","templated":true}]}}