{"id":800609,"date":"2026-03-15T13:32:23","date_gmt":"2026-03-15T13:32:23","guid":{"rendered":"https:\/\/www.europesays.com\/fr\/800609\/"},"modified":"2026-03-15T13:32:23","modified_gmt":"2026-03-15T13:32:23","slug":"stade-rennais-lille-des-dogues-en-mode-bete-blessee-au-roazhon-park","status":"publish","type":"post","link":"https:\/\/www.europesays.com\/fr\/800609\/","title":{"rendered":"Stade Rennais &#8211; Lille. Des Dogues en mode b\u00eate bless\u00e9e au Roazhon Park"},"content":{"rendered":"<p>Un mois plus tard, on se demande encore comment Bruno Genesio a pu r\u00e9sister \u00e0 la temp\u00eate. En f\u00e9vrier, l\u2019avenir de l\u2019entra\u00eeneur lillois paraissait tr\u00e8s compromis au soir d\u2019une d\u00e9faite contre\u00a0l\u2019\u00c9toile Rouge de Belgrade, qu\u2019il jugeait lui-m\u00eame <strong>\u00ab\u00a0catastrophique\u00a0\u00bb<\/strong> et sans motif d\u2019espoir ni de satisfaction.<\/p>\n<p>Tant bien que mal, la situation s\u2019est l\u00e9g\u00e8rement am\u00e9lior\u00e9e ces derni\u00e8res semaines au Losc. N\u00e9anmoins, les Dogues vivent un d\u00e9but d\u2019ann\u00e9e 2026 tr\u00e8s poussif\u00a0(cinq victoires, trois nuls, sept d\u00e9faites) et n\u2019ont inscrit que dix buts en 15\u00a0matches. En dehors de la r\u00e9cente victoire 2-0\u00a0apr\u00e8s prolongation \u00e0 Belgrade, ils n\u2019ont d\u2019ailleurs plus marqu\u00e9 deux buts dans un m\u00eame match depuis trois mois.<\/p>\n<p>        Le poids des absences<\/p>\n<p>C\u2019est, en plus, un adversaire priv\u00e9 de plusieurs cartouches offensives\u00a0(Igamane, Perrin, Mbapp\u00e9, Sahraoui) et de son capitaine Benjamin Andr\u00e9, bless\u00e9 jeudi soir contre Aston Villa, qui va se pr\u00e9senter au Roazhon Park.<\/p>\n<p><strong>Lire aussi.<\/strong> <a href=\"https:\/\/www.ouest-france.fr\/sport\/football\/stade-rennais\/ligue-1-on-ne-se-fixe-pas-de-limites-au-stade-rennais-leurope-en-tete-d01c31c4-1e25-11f1-b87e-6bbdedfb4d07\" target=\"_blank\" rel=\"nofollow noopener\">\u00ab\u00a0On ne se fixe pas de limites\u2026\u00a0\u00bb\u00a0: au Stade Rennais, l\u2019Europe en t\u00eate<\/a><\/p>\n<p><strong>\u00ab\u00a0Si l\u2019on ne prend pas de but et que l\u2019on en met au moins un, \u00e7a me va,<\/strong> souriait Franck Haise en conf\u00e9rence de presse vendredi. <strong>Mais il y a quand m\u00eame de la qualit\u00e9 offensive \u00e0 Lille. C\u2019est vrai, factuellement, ils marquent moins qu\u2019\u00e0 une p\u00e9riode, mais il ne faudra pas que l\u2019on s\u2019endorme sur les aspects d\u00e9fensifs dimanche soir.\u00a0\u00bb<\/strong> Mais entre les dynamiques respectives et les forces en pr\u00e9sence, Rennes portera le costume de favori, ce qui est rarement le cas contre Lille ces derni\u00e8res ann\u00e9es.<\/p>\n","protected":false},"excerpt":{"rendered":"Un mois plus tard, on se demande encore comment Bruno Genesio a pu r\u00e9sister \u00e0 la temp\u00eate. En&hellip;\n","protected":false},"author":2,"featured_media":800610,"comment_status":"","ping_status":"","sticky":false,"template":"","format":"standard","meta":{"footnotes":"","_share_on_mastodon":"0"},"categories":[2815],"tags":[1111,74853,11,1777,674,63,1011,27,811,848,66,1307,44780,12,584,25,517,3087],"class_list":["post-800609","post","type-post","status-publish","format-standard","has-post-thumbnail","category-lille","tag-actu","tag-actualite-en-continu","tag-actualites","tag-eu","tag-europe","tag-football","tag-fr","tag-france","tag-hauts-de-france","tag-ille-et-vilaine","tag-ligue-1","tag-lille","tag-lille-osc","tag-news","tag-rennes","tag-republique-francaise","tag-sport","tag-stade-rennais"],"share_on_mastodon":{"url":"https:\/\/pubeurope.com\/@fr\/116233446888057464","error":""},"_links":{"self":[{"href":"https:\/\/www.europesays.com\/fr\/wp-json\/wp\/v2\/posts\/800609","targetHints":{"allow":["GET"]}}],"collection":[{"href":"https:\/\/www.europesays.com\/fr\/wp-json\/wp\/v2\/posts"}],"about":[{"href":"https:\/\/www.europesays.com\/fr\/wp-json\/wp\/v2\/types\/post"}],"author":[{"embeddable":true,"href":"https:\/\/www.europesays.com\/fr\/wp-json\/wp\/v2\/users\/2"}],"replies":[{"embeddable":true,"href":"https:\/\/www.europesays.com\/fr\/wp-json\/wp\/v2\/comments?post=800609"}],"version-history":[{"count":0,"href":"https:\/\/www.europesays.com\/fr\/wp-json\/wp\/v2\/posts\/800609\/revisions"}],"wp:featuredmedia":[{"embeddable":true,"href":"https:\/\/www.europesays.com\/fr\/wp-json\/wp\/v2\/media\/800610"}],"wp:attachment":[{"href":"https:\/\/www.europesays.com\/fr\/wp-json\/wp\/v2\/media?parent=800609"}],"wp:term":[{"taxonomy":"category","embeddable":true,"href":"https:\/\/www.europesays.com\/fr\/wp-json\/wp\/v2\/categories?post=800609"},{"taxonomy":"post_tag","embeddable":true,"href":"https:\/\/www.europesays.com\/fr\/wp-json\/wp\/v2\/tags?post=800609"}],"curies":[{"name":"wp","href":"https:\/\/api.w.org\/{rel}","templated":true}]}}