{"id":80062,"date":"2025-05-06T19:39:09","date_gmt":"2025-05-06T19:39:09","guid":{"rendered":"https:\/\/www.europesays.com\/fr\/80062\/"},"modified":"2025-05-06T19:39:09","modified_gmt":"2025-05-06T19:39:09","slug":"le-message-du-cup-aux-supporters-avant-psg-arsenal","status":"publish","type":"post","link":"https:\/\/www.europesays.com\/fr\/80062\/","title":{"rendered":"Le message du CUP aux supporters avant PSG \/ Arsenal"},"content":{"rendered":"<p><img width=\"700\" height=\"350\" src=\"https:\/\/www.europesays.com\/fr\/wp-content\/uploads\/2025\/05\/Collectif-Ultras-Paris.jpg\" class=\"attachment-jannah-image-post size-jannah-image-post wp-post-image\" alt=\"Collectif ultras paris\" is_main_img=\"1\" decoding=\"async\" fetchpriority=\"high\"  \/><br \/>\n Image :<br \/>\npsg.fr<\/p>\n<p>Ce mercredi soir, le PSG pourra compter sur un Parc des<br \/>\nPrinces bouillant pour \u00e9crire l\u2019une des plus belles pages de son<br \/>\nhistoire en Ligue des champions.<\/p>\n<p>J-1 avant la demi-finale retour de <strong>Ligue des<br \/>\nchampions<\/strong> tant attendue entre le <strong>PSG<\/strong> et<br \/>\n<strong>Arsenal<\/strong>. Sorti vainqueur du match aller \u00e0<br \/>\n<strong>l\u2019Emirates Stadium<\/strong> (1-0), le club parisien part<br \/>\navec un petit avantage. Mais il devra terminer le travail pour<br \/>\nemmener ses supporters \u00e0 <strong>Munich<\/strong> le 31 mai<br \/>\nprochain. Et pour cela, les joueurs de <strong>Luis<br \/>\nEnrique<\/strong> pourront compter sur les supporters parisiens.<\/p>\n<p>\u00ab\u00a0Nous<br \/>\navons besoin d\u2019un Parc des Princes comme jamais\u00a0\u00bb<\/p>\n<p>Si un rassemblement devant le <strong><a href=\"https:\/\/canal-supporters.com\/psg-un-rassemblement-devant-le-parc-des-princes-pour-le-match-face-a-arsenal\/\" title=\"\" target=\"_blank\" rel=\"noopener\">Parc des Princes<\/a><\/strong> est esp\u00e9r\u00e9 pour les<br \/>\nsupporters ne pouvant pas vivre le match depuis le stade et qu\u2019un<br \/>\n\u00e9cran g\u00e9ant sera mis \u00e0 disposition dans le <strong><a href=\"https:\/\/canal-supporters.com\/ldc-la-demi-finale-retour-et-leventuelle-finale-sur-ecran-geant-a-paris\/\" title=\"\" target=\"_blank\" rel=\"noopener\">17e arrondissement de Paris<\/a><\/strong>, le public du<br \/>\n<strong>Parc des Princes<\/strong> jouera un r\u00f4le important pour<br \/>\nmotiver les Rouge &amp; Bleu. Et \u00e0 la veille de cette rencontre, le<br \/>\n<strong>Collectif Ultras Paris<\/strong>, via son <strong><a href=\"https:\/\/x.com\/Co_Ultras_Paris\" target=\"_blank\" rel=\"noopener\" title=\"\">compte X<\/a><\/strong>, appelle \u00e0 la mobilisation des<br \/>\nsupporters parisiens : \u00ab\u00a0Mercredi, peut-\u00eatre vivrons-nous<br \/>\nl\u2019un des plus gros moments sous nos couleurs. Mercredi, dans<br \/>\nl\u2019enceinte mythique de la <strong>Porte de Saint-Cloud<\/strong>, le<br \/>\n<strong>Parc des Princes<\/strong>, th\u00e9\u00e2tre d\u2019\u00e9motions, lieu de<br \/>\nl\u00e9gende\u2026 Peut-\u00eatre exploserons nous de joie. Peut-\u00eatre nous<br \/>\nenvolerons-nous vers <strong>Munich<\/strong>, vers la finale ! Mais<br \/>\navant cela, ce match doit \u00eatre l\u2019un des plus intenses, des plus<br \/>\npuissants, des plus inoubliables. Nous avons besoin d\u2019un<br \/>\n<strong>Parc des Princes<\/strong> comme jamais : pr\u00eat \u00e0 rugir, \u00e0<br \/>\nchanter, \u00e0 trembler, \u00e0 s\u2019enflammer, pr\u00eat \u00e0 tout donner. 48.000 voix<br \/>\nunies, port\u00e9es par des millions d\u2019autres, dans les bars, les<br \/>\nfoyers, partout en <strong>France<\/strong> et au-del\u00e0. Tous<br \/>\nensemble, tous aux couleurs du club, tous avec les \u00e9charpes autour<br \/>\ndu cou. <strong>Paris<\/strong> doit vivre, <strong>Paris<\/strong><br \/>\ndoit y croire.\u00a0\u00bb<\/p>\n<blockquote class=\"twitter-tweet\">\n<p lang=\"fr\" dir=\"ltr\"><a href=\"https:\/\/twitter.com\/hashtag\/PSGARS?src=hash&amp;ref_src=twsrc%5Etfw\" target=\"_blank\" rel=\"noopener\"><br \/>\n#PSGARS<\/a> <a href=\"https:\/\/twitter.com\/PSG_inside?ref_src=twsrc%5Etfw\" target=\"_blank\" rel=\"noopener\">@PSG_inside<\/a><\/p>\n<p>ALLEZ PARIS SG !!!! <a href=\"https:\/\/t.co\/6YIXcUJKKS\">pic.twitter.com\/6YIXcUJKKS<\/a><\/p>\n<p>\u2014 Collectif Ultras Paris (@Co_Ultras_Paris) <a href=\"https:\/\/twitter.com\/Co_Ultras_Paris\/status\/1919791223008600510?ref_src=twsrc%5Etfw\" target=\"_blank\" rel=\"noopener\"><br \/>\nMay 6, 2025<\/a><\/p><\/blockquote>\n<p>Youtube : <a href=\"https:\/\/www.youtube.com\/@CanalSupportersParis\" target=\"_blank\" rel=\"noopener\" title=\"\">Canal Supporters<br \/>\nParis<\/a><\/p>\n<p><script async src=\"https:\/\/platform.twitter.com\/widgets.js\" charset=\"utf-8\"><\/script><\/p>\n","protected":false},"excerpt":{"rendered":"Image : psg.fr Ce mercredi soir, le PSG pourra compter sur un Parc des Princes bouillant pour \u00e9crire&hellip;\n","protected":false},"author":2,"featured_media":80063,"comment_status":"","ping_status":"","sticky":false,"template":"","format":"standard","meta":{"footnotes":""},"categories":[2],"tags":[11,81,787,6829,15234,1011,27,447,12,2334,91,92,93,11172,796,96],"class_list":{"0":"post-80062","1":"post","2":"type-post","3":"status-publish","4":"format-standard","5":"has-post-thumbnail","7":"category-actualites","8":"tag-actualites","9":"tag-canal-supporters","10":"tag-cs","11":"tag-cup","12":"tag-demi-finale-ldc","13":"tag-fr","14":"tag-france","15":"tag-ligue-des-champions","16":"tag-news","17":"tag-parc-des-princes","18":"tag-paris-saint-germain","19":"tag-paris-sg","20":"tag-psg","21":"tag-psg-arsenal","22":"tag-uefa-champions-league","23":"tag-une"},"share_on_mastodon":{"url":"https:\/\/pubeurope.com\/@fr\/114462586549996660","error":""},"_links":{"self":[{"href":"https:\/\/www.europesays.com\/fr\/wp-json\/wp\/v2\/posts\/80062","targetHints":{"allow":["GET"]}}],"collection":[{"href":"https:\/\/www.europesays.com\/fr\/wp-json\/wp\/v2\/posts"}],"about":[{"href":"https:\/\/www.europesays.com\/fr\/wp-json\/wp\/v2\/types\/post"}],"author":[{"embeddable":true,"href":"https:\/\/www.europesays.com\/fr\/wp-json\/wp\/v2\/users\/2"}],"replies":[{"embeddable":true,"href":"https:\/\/www.europesays.com\/fr\/wp-json\/wp\/v2\/comments?post=80062"}],"version-history":[{"count":0,"href":"https:\/\/www.europesays.com\/fr\/wp-json\/wp\/v2\/posts\/80062\/revisions"}],"wp:featuredmedia":[{"embeddable":true,"href":"https:\/\/www.europesays.com\/fr\/wp-json\/wp\/v2\/media\/80063"}],"wp:attachment":[{"href":"https:\/\/www.europesays.com\/fr\/wp-json\/wp\/v2\/media?parent=80062"}],"wp:term":[{"taxonomy":"category","embeddable":true,"href":"https:\/\/www.europesays.com\/fr\/wp-json\/wp\/v2\/categories?post=80062"},{"taxonomy":"post_tag","embeddable":true,"href":"https:\/\/www.europesays.com\/fr\/wp-json\/wp\/v2\/tags?post=80062"}],"curies":[{"name":"wp","href":"https:\/\/api.w.org\/{rel}","templated":true}]}}