{"id":80064,"date":"2025-05-06T19:40:09","date_gmt":"2025-05-06T19:40:09","guid":{"rendered":"https:\/\/www.europesays.com\/fr\/80064\/"},"modified":"2025-05-06T19:40:09","modified_gmt":"2025-05-06T19:40:09","slug":"villars-qui-sont-ces-villardaires-morts-pour-la-france-durant-la-guerre-de-1939-1945","status":"publish","type":"post","link":"https:\/\/www.europesays.com\/fr\/80064\/","title":{"rendered":"Villars. Qui sont ces Villardaires morts pour la France durant la guerre de 1939-1945\u00a0?"},"content":{"rendered":"<p>                    Babilla Calcatelli<\/p>\n<p>Homme de 29 ans, c\u00e9libataire, r\u00e9fugi\u00e9 italien ayant fui le fascisme, habitait au Bois-Monzil. A \u00e9t\u00e9 arr\u00eat\u00e9 par la police allemande le 10\u00a0mars 1943 et d\u00e9port\u00e9 en Allemagne comme travailleur au Service du travail obligatoire (STO) d\u2019o\u00f9 il n\u2019est pas revenu, il a \u00e9t\u00e9 d\u00e9clar\u00e9 mort pour la France le 5\u00a0d\u00e9cembre 1944 \u00e0 Koenisberg.<\/p>\n<p>Pierre Cartal<\/p>\n<p>Homme de 24 ans, c\u00e9libataire, habitait Bourgeat. Soldat au 1er r\u00e9giment de chasseurs d\u2019Afrique qui a d\u00e9barqu\u00e9 en Provence en septembre\u00a01944. D\u00e9c\u00e9d\u00e9 le 2\u00a0d\u00e9cembre 1944 \u00e0 l\u2019h\u00f4pital de Besan\u00e7on&#8230;<\/p>\n","protected":false},"excerpt":{"rendered":"Babilla Calcatelli Homme de 29 ans, c\u00e9libataire, r\u00e9fugi\u00e9 italien ayant fui le fascisme, habitait au Bois-Monzil. A \u00e9t\u00e9&hellip;\n","protected":false},"author":2,"featured_media":80065,"comment_status":"","ping_status":"","sticky":false,"template":"","format":"standard","meta":{"footnotes":""},"categories":[9653],"tags":[1111,11,2430,7539,1777,674,1011,27,937,12,25,4001,9664,104,10246],"class_list":{"0":"post-80064","1":"post","2":"type-post","3":"status-publish","4":"format-standard","5":"has-post-thumbnail","7":"category-saint-etienne","8":"tag-actu","9":"tag-actualites","10":"tag-auvergne-rhone-alpes","11":"tag-edition-loire-sud","12":"tag-eu","13":"tag-europe","14":"tag-fr","15":"tag-france","16":"tag-histoire","17":"tag-news","18":"tag-republique-francaise","19":"tag-saint-etienne","20":"tag-saint-etienne-bassin","21":"tag-societe","22":"tag-villars"},"share_on_mastodon":{"url":"https:\/\/pubeurope.com\/@fr\/114462590440982376","error":""},"_links":{"self":[{"href":"https:\/\/www.europesays.com\/fr\/wp-json\/wp\/v2\/posts\/80064","targetHints":{"allow":["GET"]}}],"collection":[{"href":"https:\/\/www.europesays.com\/fr\/wp-json\/wp\/v2\/posts"}],"about":[{"href":"https:\/\/www.europesays.com\/fr\/wp-json\/wp\/v2\/types\/post"}],"author":[{"embeddable":true,"href":"https:\/\/www.europesays.com\/fr\/wp-json\/wp\/v2\/users\/2"}],"replies":[{"embeddable":true,"href":"https:\/\/www.europesays.com\/fr\/wp-json\/wp\/v2\/comments?post=80064"}],"version-history":[{"count":0,"href":"https:\/\/www.europesays.com\/fr\/wp-json\/wp\/v2\/posts\/80064\/revisions"}],"wp:featuredmedia":[{"embeddable":true,"href":"https:\/\/www.europesays.com\/fr\/wp-json\/wp\/v2\/media\/80065"}],"wp:attachment":[{"href":"https:\/\/www.europesays.com\/fr\/wp-json\/wp\/v2\/media?parent=80064"}],"wp:term":[{"taxonomy":"category","embeddable":true,"href":"https:\/\/www.europesays.com\/fr\/wp-json\/wp\/v2\/categories?post=80064"},{"taxonomy":"post_tag","embeddable":true,"href":"https:\/\/www.europesays.com\/fr\/wp-json\/wp\/v2\/tags?post=80064"}],"curies":[{"name":"wp","href":"https:\/\/api.w.org\/{rel}","templated":true}]}}