{"id":80066,"date":"2025-05-06T19:41:10","date_gmt":"2025-05-06T19:41:10","guid":{"rendered":"https:\/\/www.europesays.com\/fr\/80066\/"},"modified":"2025-05-06T19:41:10","modified_gmt":"2025-05-06T19:41:10","slug":"on-nous-enleve-tout-ce-qui-est-pratique","status":"publish","type":"post","link":"https:\/\/www.europesays.com\/fr\/80066\/","title":{"rendered":"\u00ab\u00a0On nous enl\u00e8ve tout ce qui est pratique\u00a0!\u00a0\u00bb"},"content":{"rendered":"<p>\u00ab\u00a0On n\u2019est pas sorti ce matin pour perdre, on est sorti pour gagner\u00a0!\u00a0\u00bb Le froid mordant, ce mardi, n\u2019a pas non plus fait reculer les syndicalistes, habitants du quartier, commer\u00e7ants, \u00e9lus et employ\u00e9s de La Poste gr\u00e9vistes venus manifester et signer une p\u00e9tition, d\u00e8s 9\u00a0h\u00a030, contre ce qu\u2019ils estiment \u00eatre \u00ab\u00a0la casse d\u2019un service public de quartier\u00a0\u00bb. Le bureau de Badouill\u00e8re, qui doit fermer d\u00e9finitivement ses portes le 29\u00a0ao\u00fbt prochain, \u00e9tait donc ferm\u00e9 ce mardi ainsi que les trois autres qui y sont reli\u00e9s\u00a0: ceux de La Ricamarie, La Cotonne et Bellevue. \u00ab\u00a0Au total, douze employ\u00e9s sont gr\u00e9vistes aujourd\u2019hui\u00a0\u00bb, indique Serge Ronze, secr\u00e9taire g\u00e9n\u00e9ral CGT FAPT 42.<\/p>\n<p>  \u00ab\u00a0S\u2019ils ferment, je changerai de banque\u00a0!\u00a0\u00bb<\/p>\n<p>Malgr\u00e9 une m\u00e9t\u00e9o peu propice au rassemblement, habitants et commer\u00e7ants du quartier se sont relay\u00e9s, d\u00e8s 10 heures autour d\u2019une table improvis\u00e9e en face du 39 rue Gambetta pour signer la p\u00e9tition. Boisson chaude et viennoiseries en sus pour r\u00e9chauffer les corps et les mains.<\/p>\n<p>\u00ab\u00a0Je veux bien un petit caf\u00e9 sans sucre\u00a0\u00bb, lance Simone \u00e0 un des syndicalistes avant de nous confier, \u00ab\u00a0s\u2019ils ferment, je changerai de banque. J\u2019en prendrai une plus proche\u00a0\u00bb, assure cette fid\u00e8le cliente de La Poste \u00e2g\u00e9e de 83 ans, appuy\u00e9e sur sa canne. Avec ses hanches bien ab\u00eem\u00e9es, cette habitante du quartier a beaucoup de mal \u00e0 se d\u00e9placer, m\u00eame en transport en commun. \u00ab\u00a0On nous enl\u00e8ve tout ce qui est pratique, poursuit-elle. Ils nous disent d\u2019aller sur Internet mais si on se trompe, on est tout seul sans personne pour nous aider\u00a0\u00bb, regrette-t-elle.<\/p>\n<p>  \u00ab\u00a0Un manque pour le centre-ville qui n\u2019a pas besoin de \u00e7a\u00a0\u00bb<\/p>\n<p>Le coiffeur, R\u00e9my Chancelade, dont le salon fait face au bureau de poste, a pris cinq minutes, entre deux brushings, pour signer la p\u00e9tition. \u00ab\u00a0Il y a beaucoup de personnes \u00e2g\u00e9es qui habitent le quartier. Si le bureau ferme, \u00e7a va forc\u00e9ment leur manquer. \u00c0 nous aussi d\u2019ailleurs car c\u2019est un service de proximit\u00e9 tr\u00e8s pratique. Ce sera un manque pour le centre-ville qui n\u2019a pas besoin de \u00e7a.\u00a0\u00bb Chez Century 21, la directrice de l\u2019agence ne voit pas d\u2019un bon \u0153il cette fermeture. Le bureau de poste est tr\u00e8s utile pour son agence immobili\u00e8re qui y d\u00e9pose des recommand\u00e9s quotidiennement.\u00a0Quant \u00e0 Valentine, qui habite le quartier de Montaud, elle est venue signer la p\u00e9tition, \u00ab\u00a0par solidarit\u00e9. Il y a un bureau dans mon quartier que je fr\u00e9quente au moins deux fois par mois. Je ne souhaite pas qu\u2019il ferme aussi.\u00a0\u00bb<\/p>\n<p>Selon les partenaires sociaux, la strat\u00e9gie de La Poste est de voir ouvrir un autre commerce \u00e0 la place du bureau de Badouill\u00e8re, qui prendrait uniquement le service postal. \u00ab\u00a0D\u2019apr\u00e8s nos informations, aucun commer\u00e7ant du secteur ne souhaite prendre le relais. Si ce bureau ferme, il ne restera que quatre bureaux en ville. Bellevue, La Terrasse, Montaud et la Grand\u2019Poste.\u00a0\u00bb<\/p>\n<p>\u00c0 ce jour, la ville de Saint-\u00c9tienne compte onze bureaux de poste. <a href=\"https:\/\/www.leprogres.fr\/societe\/2024\/06\/01\/les-bureaux-de-poste-de-wilson-et-de-la-richelandiere-vont-bien-fermer-cet-ete\" target=\"_blank\" rel=\"nofollow noopener\">Et en 10 ans, onze ont baiss\u00e9 le rideau<\/a>. Sur les 7\u00a0km de la Grand\u2019Rue, il ne restera que les deux bureaux de Bellevue et de La Terrasse quand celui de Badouill\u00e8re fermera. \u00ab\u00a0Sur le long de cette art\u00e8re principale et un peu excentr\u00e9s il reste ceux de Montaud et de la Grand\u2019Poste. Et c\u2019est tout\u00a0! C\u2019est scandaleux pour le centre-ville\u00a0\u00bb, s\u2019indigne Serge Ronze de la CGT qui pr\u00e9cise que ces fermetures ont \u00e9galement des cons\u00e9quences sur les effectifs. \u00ab\u00a0On est pass\u00e9 de 581 postiers dans les bureaux en 2018 \u00e0 moins de 200 aujourd\u2019hui.\u00a0\u00bb<\/p>\n<p>  Le bureau de La Cotonne fermera les samedis \u00e0 partir du 14\u00a0juin<\/p>\n<p>Comme son coll\u00e8gue Ludovic Pabiou, d\u00e9l\u00e9gu\u00e9 syndical Sud Poste, il redoute d\u2019autres fermetures prochaines. \u00ab\u00a0La direction r\u00eave de fermer celui de La Cotonne. \u00c0 partir du 14\u00a0juin, ce bureau sera d\u2019ailleurs ferm\u00e9 le samedi. \u00c7a commence toujours comme \u00e7a. Il y a aussi une menace de fusion entre les bureaux de Fauriel et Bellevue, avec \u00e0 terme la fermeture de celui de Fauriel. C\u2019est scandaleux, on se demande quand La Poste va s\u2019arr\u00eater. Toutes ces fermetures nuisent au service des usagers. Il y aura de plus en plus d\u2019attente dans le peu de bureaux rest\u00e9s ouverts\u00a0\u00bb, estiment les syndicalistes.<\/p>\n<p>  \u00ab\u00a0La Poste a une mission de service public\u00a0\u00bb<\/p>\n<p>La manifestation de ce mardi matin a fait \u00e9galement se d\u00e9placer des \u00e9lus. La d\u00e9put\u00e9e de la circonscription Andr\u00e9e Taurinya, qui habite le quartier, se dit \u00e9galement \u00ab\u00a0scandalis\u00e9e par la politique men\u00e9e par la direction de La Poste qui ne prend pas en consid\u00e9ration les usagers.\u00a0\u00bb La socialiste Isabelle Demestre, conseill\u00e8re municipale d\u2019opposition, accompagn\u00e9e de R\u00e9gis Juanico conseiller d\u00e9partemental, a fait remarquer que ce bureau de Badouill\u00e8re n\u2019a jamais \u00e9t\u00e9 identifi\u00e9 comme d\u00e9ficitaire.<\/p>\n<p>\u00ab\u00a0La Poste a une mission de service public, rappelle-t-elle. \u00c0 la prochaine n\u00e9gociation, il faut que l\u2019\u00c9tat soit plus ferme sur ces questions de fermeture qui ne doivent plus d\u00e9pendre que des quartiers prioritaires de la ville (QPV) mais de toute la ville. La Poste estime qu\u2019il y a trop de bureaux \u00e0 Saint-\u00c9tienne et l\u00e0 elle joue le jeu de la d\u00e9sertification\u00a0!\u00a0\u00bb<\/p>\n<p>De son c\u00f4t\u00e9, la direction de La Poste indique dans un communiqu\u00e9 que \u00ab\u00a0sa branche grand public et num\u00e9rique, est celui d\u2019importants changements soci\u00e9taux et \u00e9conomiques\u00a0: num\u00e9risation toujours croissante de l\u2019\u00e9conomie et des modes de vie, digitalisation des \u00e9changes financiers, moindre recours \u00e0 la monnaie fiduciaire, besoins de proximit\u00e9 et d\u2019acc\u00e8s \u00e9largis aux services.\u00a0\u00bb Pour elle, cela passe par des changements et une adaptation de son r\u00e9seau.<\/p>\n<p>Elle rappelle que sa pr\u00e9sence postale, onze bureaux de poste \u00e0 Saint-\u00c9tienne, est compl\u00e9t\u00e9e par six Poste Relais qui rendent les services essentiels de La Poste. \u00ab\u00a0S\u2019y ajoutent \u00e9galement pour retirer ou d\u00e9poser ses colis les vingt-trois Relais Pickup et les huit consignes Pickup, ainsi que trois Poste Espace Clients Pro, d\u00e9di\u00e9e aux professionnels, et enfin les nombreux buralistes partenaires pour la vente de timbres.\u00a0\u00bb<\/p>\n","protected":false},"excerpt":{"rendered":"\u00ab\u00a0On n\u2019est pas sorti ce matin pour perdre, on est sorti pour gagner\u00a0!\u00a0\u00bb Le froid mordant, ce mardi,&hellip;\n","protected":false},"author":2,"featured_media":80067,"comment_status":"","ping_status":"","sticky":false,"template":"","format":"standard","meta":{"footnotes":""},"categories":[9653],"tags":[1111,11,2430,4406,9671,33,7539,1777,674,1011,27,12,25,4001,7538,801,104],"class_list":{"0":"post-80066","1":"post","2":"type-post","3":"status-publish","4":"format-standard","5":"has-post-thumbnail","7":"category-saint-etienne","8":"tag-actu","9":"tag-actualites","10":"tag-auvergne-rhone-alpes","11":"tag-commerce-et-services","12":"tag-conflit-social","13":"tag-economie","14":"tag-edition-loire-sud","15":"tag-eu","16":"tag-europe","17":"tag-fr","18":"tag-france","19":"tag-news","20":"tag-republique-francaise","21":"tag-saint-etienne","22":"tag-saint-etienne-ville","23":"tag-social","24":"tag-societe"},"share_on_mastodon":{"url":"https:\/\/pubeurope.com\/@fr\/114462594477385854","error":""},"_links":{"self":[{"href":"https:\/\/www.europesays.com\/fr\/wp-json\/wp\/v2\/posts\/80066","targetHints":{"allow":["GET"]}}],"collection":[{"href":"https:\/\/www.europesays.com\/fr\/wp-json\/wp\/v2\/posts"}],"about":[{"href":"https:\/\/www.europesays.com\/fr\/wp-json\/wp\/v2\/types\/post"}],"author":[{"embeddable":true,"href":"https:\/\/www.europesays.com\/fr\/wp-json\/wp\/v2\/users\/2"}],"replies":[{"embeddable":true,"href":"https:\/\/www.europesays.com\/fr\/wp-json\/wp\/v2\/comments?post=80066"}],"version-history":[{"count":0,"href":"https:\/\/www.europesays.com\/fr\/wp-json\/wp\/v2\/posts\/80066\/revisions"}],"wp:featuredmedia":[{"embeddable":true,"href":"https:\/\/www.europesays.com\/fr\/wp-json\/wp\/v2\/media\/80067"}],"wp:attachment":[{"href":"https:\/\/www.europesays.com\/fr\/wp-json\/wp\/v2\/media?parent=80066"}],"wp:term":[{"taxonomy":"category","embeddable":true,"href":"https:\/\/www.europesays.com\/fr\/wp-json\/wp\/v2\/categories?post=80066"},{"taxonomy":"post_tag","embeddable":true,"href":"https:\/\/www.europesays.com\/fr\/wp-json\/wp\/v2\/tags?post=80066"}],"curies":[{"name":"wp","href":"https:\/\/api.w.org\/{rel}","templated":true}]}}