{"id":80094,"date":"2025-05-06T19:55:21","date_gmt":"2025-05-06T19:55:21","guid":{"rendered":"https:\/\/www.europesays.com\/fr\/80094\/"},"modified":"2025-05-06T19:55:21","modified_gmt":"2025-05-06T19:55:21","slug":"bientot-un-jumeau-numerique-pour-la-cathedrale-notre-dame","status":"publish","type":"post","link":"https:\/\/www.europesays.com\/fr\/80094\/","title":{"rendered":"bient\u00f4t un jumeau num\u00e9rique pour la cath\u00e9drale Notre-Dame"},"content":{"rendered":"<p>A-t-on jamais vu un seul appareil photo la mitrailler autant\u00a0? \u00c0 Strasbourg, la cath\u00e9drale est depuis d\u00e9but mars <a href=\"https:\/\/www.dna.fr\/economie\/2025\/04\/25\/un-drone-prend-des-photos-pour-modeliser-la-cathedrale-en-3d\" target=\"_blank\" rel=\"nofollow noopener\">sous l\u2019objectif d\u2019un drone<\/a> , ses fa\u00e7ades ext\u00e9rieures ont d\u00e9j\u00e0 fait l\u2019objet de quelque 20\u00a0000 clich\u00e9s. <\/p>\n<p>\u00ab\u00a0On essaie de maintenir une distance de dix m\u00e8tres, pr\u00e9sente le t\u00e9l\u00e9pilote Frank Pouvreau. \u00c0 l\u2019instar de ses quatre coll\u00e8gues affect\u00e9s \u00e0 la mission, il assure par l\u00e0 qualit\u00e9 technique et s\u00e9curit\u00e9. Le gros \u00ab\u00a0bourdon\u00a0\u00bb de 900 grammes ne doit en aucun cas cogner le gr\u00e8s ni les vitraux\u00a0; encore moins chuter.<\/p>\n<p>  En milieu fortement peupl\u00e9 et fr\u00e9quent\u00e9<\/p>\n<p>\u00ab\u00a0On surveille les oiseaux, on ne d\u00e9colle pas s\u2019il pleut ou s\u2019il vente, en cas de trop forte luminosit\u00e9 non plus\u00a0\u00bb, explique le responsable. La mission est particuli\u00e8re\u00a0: \u00ab\u00a0On intervient en milieu fortement peupl\u00e9 et fr\u00e9quent\u00e9. On est oblig\u00e9 de d\u00e9couper le travail pour s\u2019adapter \u00e0 la vie de l\u2019\u00e9difice (visites, messes).\u00a0\u00bb<\/p>\n<p>Le \u00ab\u00a0shooting\u00a0\u00bb va se poursuivre en int\u00e9rieur, avec pour but de r\u00e9colter d\u2019ici la fin de l\u2019ann\u00e9e tout autant de prises de vue. \u00c0 partir de cet album de 40\u00a0000 clich\u00e9s sera r\u00e9alis\u00e9 un mod\u00e8le 3D par \u00ab\u00a0 <a href=\"https:\/\/www.dna.fr\/culture-loisirs\/2024\/12\/29\/louxor-un-nouveau-sarcophage-pour-l-egyptologie-strasbourgeoise\" target=\"_blank\" rel=\"nofollow noopener\">photogramm\u00e9trie<\/a> , une technique de reconstitution par recouvrement\u00a0\u00bb, pr\u00e9cise Frank Pouvreau.<\/p>\n<p>  Jamais num\u00e9ris\u00e9e<\/p>\n<p>L\u2019op\u00e9ration &#8211; budg\u00e9t\u00e9e \u00e0 200\u00a0000\u00a0euros &#8211; a \u00e9t\u00e9 command\u00e9e par la Direction r\u00e9gionale des affaires culturelles (Drac) du Grand Est. \u00ab\u00a0\u00c0 part une petite partie d\u2019un de ses portails en 2020-2021, Notre-Dame n\u2019avait jamais \u00e9t\u00e9 num\u00e9ris\u00e9e\u00a0\u00bb, retrace son conservateur adjoint des monuments historiques, Alexandre Cojannot.<\/p>\n<p>Ce grand scan, r\u00e9alis\u00e9 par des agents de la Direction d\u00e9partementale des territoires du Bas-Rhin (DDT 67), est possible, dans sa \u00ab\u00a0pr\u00e9cision du centim\u00e8tre\u00a0\u00bb, gr\u00e2ce \u00e0 l\u2019arm\u00e9e de terre. Le <a href=\"https:\/\/www.dna.fr\/education\/2024\/05\/14\/le-28e-groupe-geographique-repere-de-formation-des-militaires-geographes\" target=\"_blank\" rel=\"nofollow noopener\">28e groupe g\u00e9ographique (GG) de Haguenau<\/a> apporte ses comp\u00e9tences \u00ab\u00a0en mati\u00e8re de positionnement\u00a0\u00bb, informe le commandant David. Une premi\u00e8re dans le domaine patrimonial.<\/p>\n<p>  D\u00e9j\u00e0 un r\u00e9sultat<\/p>\n<p>\u00ab\u00a021 ch\u00e2teaux alsaciens ont d\u00e9j\u00e0 \u00e9t\u00e9 pass\u00e9s au crible optique d\u2019un drone, d\u2019autres cath\u00e9drales fran\u00e7aises sont en passe de l\u2019\u00eatre\u00a0\u00bb, ajoute la directrice de la Drac Isabelle Chardonnier.<\/p>\n<p>\u00c0 partir de ce \u00ab\u00a0jumeau digital\u00a0\u00bb pourra \u00eatre dress\u00e9 le diagnostic \u00ab\u00a0sanitaire\u00a0\u00bb de la v\u00e9n\u00e9rable Notre-Dame. Et programm\u00e9 le travail d\u2019entretien et de restauration. Le drone a d\u00e9j\u00e0 montr\u00e9 que \u00ab\u00a0le massif occidental est dans un \u00e9tat pire qu\u2019imagin\u00e9\u00a0\u00bb, r\u00e9v\u00e8le la directrice de la Drac.<\/p>\n","protected":false},"excerpt":{"rendered":"A-t-on jamais vu un seul appareil photo la mitrailler autant\u00a0? \u00c0 Strasbourg, la cath\u00e9drale est depuis d\u00e9but mars&hellip;\n","protected":false},"author":2,"featured_media":80095,"comment_status":"","ping_status":"","sticky":false,"template":"","format":"standard","meta":{"footnotes":""},"categories":[2820],"tags":[1111,11,2389,2649,4749,1687,3206,33,2880,1777,674,107,1011,27,775,12,2661,5889,25,767,104,640,2879],"class_list":{"0":"post-80094","1":"post","2":"type-post","3":"status-publish","4":"format-standard","5":"has-post-thumbnail","7":"category-strasbourg","8":"tag-actu","9":"tag-actualites","10":"tag-alsace","11":"tag-bas-rhin","12":"tag-btp-et-chantiers","13":"tag-culture-loisirs","14":"tag-defense-guerre-conflit","15":"tag-economie","16":"tag-edition-strasbourg","17":"tag-eu","18":"tag-europe","19":"tag-fil-info","20":"tag-fr","21":"tag-france","22":"tag-grand-est","23":"tag-news","24":"tag-patrimoine-culturel","25":"tag-religion-croyance","26":"tag-republique-francaise","27":"tag-science-et-technologie","28":"tag-societe","29":"tag-strasbourg","30":"tag-strasbourg-ville"},"share_on_mastodon":{"url":"https:\/\/pubeurope.com\/@fr\/114462649538460287","error":""},"_links":{"self":[{"href":"https:\/\/www.europesays.com\/fr\/wp-json\/wp\/v2\/posts\/80094","targetHints":{"allow":["GET"]}}],"collection":[{"href":"https:\/\/www.europesays.com\/fr\/wp-json\/wp\/v2\/posts"}],"about":[{"href":"https:\/\/www.europesays.com\/fr\/wp-json\/wp\/v2\/types\/post"}],"author":[{"embeddable":true,"href":"https:\/\/www.europesays.com\/fr\/wp-json\/wp\/v2\/users\/2"}],"replies":[{"embeddable":true,"href":"https:\/\/www.europesays.com\/fr\/wp-json\/wp\/v2\/comments?post=80094"}],"version-history":[{"count":0,"href":"https:\/\/www.europesays.com\/fr\/wp-json\/wp\/v2\/posts\/80094\/revisions"}],"wp:featuredmedia":[{"embeddable":true,"href":"https:\/\/www.europesays.com\/fr\/wp-json\/wp\/v2\/media\/80095"}],"wp:attachment":[{"href":"https:\/\/www.europesays.com\/fr\/wp-json\/wp\/v2\/media?parent=80094"}],"wp:term":[{"taxonomy":"category","embeddable":true,"href":"https:\/\/www.europesays.com\/fr\/wp-json\/wp\/v2\/categories?post=80094"},{"taxonomy":"post_tag","embeddable":true,"href":"https:\/\/www.europesays.com\/fr\/wp-json\/wp\/v2\/tags?post=80094"}],"curies":[{"name":"wp","href":"https:\/\/api.w.org\/{rel}","templated":true}]}}