{"id":801050,"date":"2026-03-15T18:25:11","date_gmt":"2026-03-15T18:25:11","guid":{"rendered":"https:\/\/www.europesays.com\/fr\/801050\/"},"modified":"2026-03-15T18:25:11","modified_gmt":"2026-03-15T18:25:11","slug":"paris-un-boucher-poignarde-a-mort-samedi-pres-de-son-commerce-dans-le-12e-arrondissement","status":"publish","type":"post","link":"https:\/\/www.europesays.com\/fr\/801050\/","title":{"rendered":"Paris : Un boucher poignard\u00e9 \u00e0 mort samedi pr\u00e8s de son commerce dans le 12e arrondissement"},"content":{"rendered":"<p class=\"mb-4 text-lg md:leading-8 break-words\"><strong>enqu\u00eate &#8211; Les faits sont survenus samedi en milieu d\u2019apr\u00e8s-midi rue Taine, et un suspect a \u00e9t\u00e9 interpell\u00e9 dans la foul\u00e9e par les forces de l\u2019ordre puis plac\u00e9 en garde \u00e0 vue<\/strong><\/p>\n<p class=\"mb-4 text-lg md:leading-8 break-words\">S\u2019oriente-t-on vers la piste du r\u00e8glement de comptes familial\u00a0? Un boucher, d\u00e9crit comme \u00ab\u00a0sympathique\u00a0\u00bb et \u00ab\u00a0plein d\u2019humour\u00a0\u00bb sur les r\u00e9seaux sociaux, a \u00e9t\u00e9 <a href=\"https:\/\/www.20minutes.fr\/dossier\/coup_de_couteau?at_medium=RSS%20feed&amp;at_campaign=ynews&amp;utm_source=yahoo&amp;utm_medium=rss&amp;utm_campaign=news_feed&amp;utm_content=in_article_link\" rel=\"nofollow noopener\" target=\"_blank\" data-ylk=\"slk:poignard\u00e9 \u00e0 mort;elm:context_link;itc:0;sec:content-canvas\" data-yga=\"{&quot;yLinkElement&quot;:&quot;context_link&quot;,&quot;yModuleName&quot;:&quot;content-canvas&quot;,&quot;yLinkText&quot;:&quot;poignard\u00e9 \u00e0 mort&quot;}\" class=\"link \">poignard\u00e9 \u00e0 mort<\/a> ce samedi \u00e0 <a href=\"https:\/\/www.20minutes.fr\/paris\/?at_medium=RSS%20feed&amp;at_campaign=ynews&amp;utm_source=yahoo&amp;utm_medium=rss&amp;utm_campaign=news_feed&amp;utm_content=in_article_link\" rel=\"nofollow noopener\" target=\"_blank\" data-ylk=\"slk:Paris;elm:context_link;itc:0;sec:content-canvas\" data-yga=\"{&quot;yLinkElement&quot;:&quot;context_link&quot;,&quot;yModuleName&quot;:&quot;content-canvas&quot;,&quot;yLinkText&quot;:&quot;Paris&quot;}\" class=\"link \">Paris<\/a>, dans le 12e\u00a0arrondissement, \u00e0 proximit\u00e9 de son commerce, rapportent nos confr\u00e8res du Parisien.<\/p>\n<p class=\"mb-4 text-lg md:leading-8 break-words\">Les faits sont survenus en milieu d\u2019apr\u00e8s-midi rue Taine, et un suspect a \u00e9t\u00e9 interpell\u00e9 dans la foul\u00e9e par les forces de l\u2019ordre puis plac\u00e9 en garde \u00e0 vue.<\/p>\n<p>Publicit\u00e9<\/p>\n<p>Publicit\u00e9<\/p>\n<p>Publicit\u00e9<\/p>\n<p>Publicit\u00e9<\/p>\n<p class=\"mb-4 text-lg md:leading-8 break-words\">Les secours ont tent\u00e9 pendant plus d\u2019une heure de r\u00e9animer la victime, en vain. Sur place \u00e9taient pr\u00e9sents le fils de la victime ainsi que son beau-fils, qui fait figure de principal suspect et aurait \u00e9t\u00e9 en conflit larv\u00e9 avec l\u2019artisan d\u00e9c\u00e9d\u00e9. Les investigations se poursuivent sous la houlette de la <a href=\"https:\/\/www.20minutes.fr\/dossier\/police_judiciaire?at_medium=RSS%20feed&amp;at_campaign=ynews&amp;utm_source=yahoo&amp;utm_medium=rss&amp;utm_campaign=news_feed&amp;utm_content=in_article_link\" rel=\"nofollow noopener\" target=\"_blank\" data-ylk=\"slk:police judiciaire;elm:context_link;itc:0;sec:content-canvas\" data-yga=\"{&quot;yLinkElement&quot;:&quot;context_link&quot;,&quot;yModuleName&quot;:&quot;content-canvas&quot;,&quot;yLinkText&quot;:&quot;police judiciaire&quot;}\" class=\"link \">police judiciaire<\/a>.<\/p>\n<p class=\"mb-4 text-lg md:leading-8 break-words\"><a href=\"https:\/\/www.20minutes.fr\/faits_divers\/4206257-20260315-paris-boucher-poignarde-mort-samedi-pres-commerce-12e-arrondissement?at_medium=RSS%20feed&amp;at_campaign=ynews&amp;utm_source=yahoo&amp;utm_medium=rss&amp;utm_campaign=news_feed&amp;utm_content=read_more_link&quot;\" rel=\"nofollow noopener\" target=\"_blank\" data-ylk=\"slk:Lire la suite sur 20minutes;elm:context_link;itc:0;sec:content-canvas\" data-yga=\"{&quot;yLinkElement&quot;:&quot;context_link&quot;,&quot;yModuleName&quot;:&quot;content-canvas&quot;,&quot;yLinkText&quot;:&quot;Lire la suite sur 20minutes&quot;}\" class=\"link \">Lire la suite sur 20minutes<\/a><\/p>\n<p>\u00c0 lire aussi :<br \/><a href=\"https:\/\/www.20minutes.fr\/faits_divers\/4205311-20260309-val-oise-homme-poignarde-mort-jour-mariage-suspect-arrete-quartier?at_medium=RSS%20feed&amp;at_campaign=ynews&amp;utm_source=yahoo&amp;utm_medium=rss&amp;utm_campaign=news_feed&amp;utm_content=related_content_link\" rel=\"nofollow noopener\" target=\"_blank\" data-ylk=\"slk:Val-d\u2019Oise\u00a0: Un homme poignard\u00e9 \u00e0 mort le jour de son mariage, un suspect arr\u00eat\u00e9 dans le quartier;elm:context_link;itc:0;sec:content-canvas\" data-yga=\"{&quot;yLinkElement&quot;:&quot;context_link&quot;,&quot;yModuleName&quot;:&quot;content-canvas&quot;,&quot;yLinkText&quot;:&quot;Val-d\u2019Oise&amp;nbsp&quot;}\" class=\"link \">Val-d\u2019Oise\u00a0: Un homme poignard\u00e9 \u00e0 mort le jour de son mariage, un suspect arr\u00eat\u00e9 dans le quartier<\/a><br \/><a href=\"https:\/\/www.20minutes.fr\/faits_divers\/4205785-20260312-paris-mort-trois-blesses-urgence-absolue-apres-incendie-immeuble-ixe-arrondissement?at_medium=RSS%20feed&amp;at_campaign=ynews&amp;utm_source=yahoo&amp;utm_medium=rss&amp;utm_campaign=news_feed&amp;utm_content=related_content_link\" rel=\"nofollow noopener\" target=\"_blank\" data-ylk=\"slk:Paris\u00a0: Un mort et trois bless\u00e9s en urgence absolue apr\u00e8s un incendie un immeuble du IXe arrondissement;elm:context_link;itc:0;sec:content-canvas\" data-yga=\"{&quot;yLinkElement&quot;:&quot;context_link&quot;,&quot;yModuleName&quot;:&quot;content-canvas&quot;,&quot;yLinkText&quot;:&quot;Paris&amp;nbsp&quot;}\" class=\"link \">Paris\u00a0: Un mort et trois bless\u00e9s en urgence absolue apr\u00e8s un incendie un immeuble du IXe arrondissement<\/a><\/p>\n","protected":false},"excerpt":{"rendered":"enqu\u00eate &#8211; Les faits sont survenus samedi en milieu d\u2019apr\u00e8s-midi rue Taine, et un suspect a \u00e9t\u00e9 interpell\u00e9&hellip;\n","protected":false},"author":2,"featured_media":801051,"comment_status":"","ping_status":"","sticky":false,"template":"","format":"standard","meta":{"footnotes":"","_share_on_mastodon":"0"},"categories":[1888],"tags":[21906,1111,1928,11,1927,1777,674,3160,1011,27,12,1926,626,1925,87939,11681,25,3982],"class_list":["post-801050","post","type-post","status-publish","format-standard","has-post-thumbnail","category-paris","tag-12e-arrondissement","tag-actu","tag-actu-paris","tag-actualites","tag-actualites-paris","tag-eu","tag-europe","tag-forces-de-lordre","tag-fr","tag-france","tag-news","tag-news-paris","tag-paris","tag-paris-news","tag-principal-suspect","tag-reglement-de-comptes","tag-republique-francaise","tag-samedi"],"share_on_mastodon":{"url":"https:\/\/pubeurope.com\/@fr\/116234598886735253","error":""},"_links":{"self":[{"href":"https:\/\/www.europesays.com\/fr\/wp-json\/wp\/v2\/posts\/801050","targetHints":{"allow":["GET"]}}],"collection":[{"href":"https:\/\/www.europesays.com\/fr\/wp-json\/wp\/v2\/posts"}],"about":[{"href":"https:\/\/www.europesays.com\/fr\/wp-json\/wp\/v2\/types\/post"}],"author":[{"embeddable":true,"href":"https:\/\/www.europesays.com\/fr\/wp-json\/wp\/v2\/users\/2"}],"replies":[{"embeddable":true,"href":"https:\/\/www.europesays.com\/fr\/wp-json\/wp\/v2\/comments?post=801050"}],"version-history":[{"count":0,"href":"https:\/\/www.europesays.com\/fr\/wp-json\/wp\/v2\/posts\/801050\/revisions"}],"wp:featuredmedia":[{"embeddable":true,"href":"https:\/\/www.europesays.com\/fr\/wp-json\/wp\/v2\/media\/801051"}],"wp:attachment":[{"href":"https:\/\/www.europesays.com\/fr\/wp-json\/wp\/v2\/media?parent=801050"}],"wp:term":[{"taxonomy":"category","embeddable":true,"href":"https:\/\/www.europesays.com\/fr\/wp-json\/wp\/v2\/categories?post=801050"},{"taxonomy":"post_tag","embeddable":true,"href":"https:\/\/www.europesays.com\/fr\/wp-json\/wp\/v2\/tags?post=801050"}],"curies":[{"name":"wp","href":"https:\/\/api.w.org\/{rel}","templated":true}]}}