{"id":80108,"date":"2025-05-06T20:02:10","date_gmt":"2025-05-06T20:02:10","guid":{"rendered":"https:\/\/www.europesays.com\/fr\/80108\/"},"modified":"2025-05-06T20:02:10","modified_gmt":"2025-05-06T20:02:10","slug":"ou-est-passee-geraldine-lefoul-elue-pres-de-toulouse-et-portee-disparue","status":"publish","type":"post","link":"https:\/\/www.europesays.com\/fr\/80108\/","title":{"rendered":"o\u00f9 est pass\u00e9e G\u00e9raldine Lefoul, \u00e9lue pr\u00e8s de Toulouse et port\u00e9e disparue\u00a0?"},"content":{"rendered":"<p>            Par<br \/>\n        <strong><br \/>\n            <a href=\"https:\/\/actu.fr\/auteur\/guillaume-laurens\" title=\"Consulter tous les articles de Guillaume Laurens\" rel=\"nofollow noopener\" target=\"_blank\">Guillaume Laurens<\/a><br \/>\n        <\/strong><\/p>\n<p>        Publi\u00e9 le<\/p>\n<p>            6 mai 2025 \u00e0 18h46        <\/p>\n<p>Toujours <strong>aucune<\/strong> <strong>trace<\/strong> de <strong>G\u00e9raldine Lefoul<\/strong>. Plus d\u2019une semaine apr\u00e8s sa <a href=\"https:\/\/actu.fr\/tag\/disparition\" rel=\"nofollow noopener\" target=\"_blank\">disparition inqui\u00e9tante<\/a>, le myst\u00e8re reste entier et l\u2019angoisse de ses proches ne fait que s\u2019amplifier\u2026 Ce mardi 6 mai 2025, cette m\u00e8re de quatre enfants, \u00e2g\u00e9e de <strong>47\u00a0ans<\/strong> et conseill\u00e8re municipale d\u00e9l\u00e9gu\u00e9e \u00e0 <a href=\"https:\/\/actu.fr\/occitanie\/plaisance-du-touch_31424\/pres-de-toulouse-vive-inquietude-apres-la-disparition-d-une-elue-locale-et-mere-de-famille_62585727.html\" rel=\"nofollow noopener\" target=\"_blank\"><strong>Plaisance-du-Touch<\/strong>, <\/a>au sud-ouest de <strong>Toulouse<\/strong>, n\u2019a pas \u00e9t\u00e9 retrouv\u00e9e, huit jours apr\u00e8s s\u2019\u00eatre \u00e9vapor\u00e9e.\u00a0Le point sur l\u2019enqu\u00eate.<\/p>\n<p>\u00ab\u2009Ensemble, on ne l\u00e2che rien\u2009\u00bb, dit sa fille<\/p>\n<p class=\" wall-content\">\u00ab\u2009\u00c0 l\u2019heure actuelle, les <strong>recherches<\/strong> men\u00e9es par la police (chiens, plongeurs, bateaux\u2026) n\u2019ont malheureusement <strong>pas permis<\/strong> de retrouver ma m\u00e8re\u2009\u00bb, a confi\u00e9 lundi<strong> l\u2019une de ses filles<\/strong> sur les r\u00e9seaux sociaux, o\u00f9 elle s\u2019efforce de partager jour apr\u00e8s jours les derni\u00e8res nouvelles concernant sa maman, recherch\u00e9e par de nombreux b\u00e9n\u00e9voles depuis une semaine. \u00ab\u2009Ensemble, on ne l\u00e2che rien\u2009\u00bb, affirme-t-elle. <strong>\u00ab\u2009On trouvera des r\u00e9ponses\u2009\u00bb.<\/strong><\/p>\n<p>Son t\u00e9l\u00e9phone, la \u00ab\u2009seule piste\u2009\u00bb\u2009?<\/p>\n<p class=\" wall-content\">\u00ab\u2009La <strong>seule piste<\/strong> qu\u2019il nous reste \u00e0 ce jour, c\u2019est <strong>son t\u00e9l\u00e9phone<\/strong>, qui est <strong>toujours localis\u00e9<\/strong> \u00e0 l\u2019endroit que je vous montre\u2009\u00bb, poursuit-elle, photo \u00e0 l\u2019appui. Afin d\u2019aiguiller les b\u00e9n\u00e9voles qui \u00ab\u2009souhaitent se rendre sur place pour aider \u00e0 chercher le t\u00e9l\u00e9phone\u2009\u00bb de la victime, sa fille d\u00e9taille\u2009: \u00ab\u2009Il se trouverait dans <strong>un p\u00e9rim\u00e8tre d\u2019environ 200\u00a0m\u00e8tres autour du point indiqu\u00e9,<\/strong> pr\u00e8s de l\u2019all\u00e9e Alfred Mayssonni\u00e9, entre le Rowing Club et le Jardin Solidaire du Grand Ramier, \u00e0 Toulouse\u2009\u00bb.<\/p>\n<p>    <a href=\"https:\/\/www.facebook.com\/plugins\/post.php?href=https%3A%2F%2Fwww.facebook.com%2Fpermalink.php%3Fstory_fbid%3Dpfbid02r4v9w2g1oPoa2MpmoCm2buycuRkFBhytgpz88zDJBqBzkQwZr1nGVDm1vW7ENsKBl%26id%3D100065052158560&amp;amp;show_text=true&amp;amp;width=350\" title=\"Ouvrie le lien\" rel=\"nofollow noopener\" target=\"_blank\">Cliquez ici pour visualiser le contenu<\/a><\/p>\n<p>Le t\u00e9l\u00e9phone \u00ab\u2009borne\u2009\u00bb, mais n\u2019a pas \u00e9t\u00e9 retrouv\u00e9<\/p>\n<p class=\" wall-content\">Le t\u00e9l\u00e9phone en question\u2009? <strong>\u00ab\u2009Il borne sur l\u2019\u00eele du Ramier\u2009\u00bb,<\/strong> confirme une source polici\u00e8re \u00e0 Actu Toulouse, mais malgr\u00e9 une inspection minutieuse du site ces derniers jours, ce mardi apr\u00e8s-midi, \u00ab\u2009il n\u2019a <strong>pas \u00e9t\u00e9 retrouv\u00e9<\/strong>\u2009: ce n\u2019est jamais au m\u00e8tre pr\u00e8s\u2026\u2009\u00bb. Elle pr\u00e9cise que \u00ab\u2009les recherches continuent activement\u2009\u00bb sur place, bien qu\u2019elles restent infructueuses.<\/p>\n<blockquote class=\"ac-article-quote wall-content\">\n<p>Ni son t\u00e9l\u00e9phone, ni ses v\u00eatements, ni aucun autre effet personnel n&rsquo;ont pour l&rsquo;heure \u00e9t\u00e9 retrouv\u00e9s.<\/p>\n<p>    <strong>Une source polici\u00e8re \u00e0 Actu Toulouse<\/strong>\n            <\/p><\/blockquote>\n<p>H\u00e9licopt\u00e8re, chien pisteur et plongeurs<\/p>\n<p class=\" wall-content\">Depuis le jour de sa disparition, <strong>d\u2019importants moyens<\/strong> ont \u00e9t\u00e9 mobilis\u00e9s pour tenter de retrouver G\u00e9raldine Lefoul.\u00a0La semaine derni\u00e8re, <strong>un h\u00e9licopt\u00e8re<\/strong> de la gendarmerie avait notamment survol\u00e9 les berges de la Garonne, en vain.<\/p>\n<p class=\" wall-content\">Apr\u00e8s avoir men\u00e9 les premi\u00e8res recherches, la gendarmerie a \u00e9t\u00e9 dessaisie du dossier par le parquet de Toulouse, au profit de la police nationale. Et ce samedi 3 mai, forces de l\u2019ordre et secouristes ont pass\u00e9 l\u2019\u00eele du Ramier au peigne fin. Diverses analyses ont \u00e9t\u00e9 faites par les enqu\u00eateurs sur place, o\u00f9 <strong>un chien pisteur<\/strong> a \u00e9t\u00e9 d\u00e9ploy\u00e9, alors que <strong>des plongeurs<\/strong> ont men\u00e9 des <strong>recherches fluviales<\/strong> dans la Garonne. Malheureusement, tous ont fait chou blanc.<\/p>\n<p>\u00c9lan de solidarit\u00e9 autour de la famille<\/p>\n<p class=\" wall-content\">\u00ab\u2009Chaque jour depuis sa disparition, <strong>je me bats autant que je le peux\u2009\u00bb,<\/strong> \u00e9crivait ce lundi sur son compte Facebook la fille de la victime, qui se d\u00e9m\u00e8ne avec son entourage pour tenter de la retrouver.<\/p>\n<p class=\" wall-content\">Pendant des jours, une cinquantaine de ses proches s\u2019est relay\u00e9e autour de l\u2019\u00eele du Ramier, dans l\u2019espoir de <strong>d\u00e9celer le moindre indice<\/strong>. Le maire de Plaisance Philippe Guyot a lui-m\u00eame particip\u00e9 aux op\u00e9rations jeudi 1\u1d49\u02b3 mai. Mais \u00ab\u2009on n\u2019a retrouv\u00e9 ni son sac, ni son t\u00e9l\u00e9phone, aucune trace\u2009\u00bb, confiait vendredi l\u2019un de ses proches.<\/p>\n<p>Derni\u00e8re apparition \u00e0 la sortie du tramway<\/p>\n<p class=\" wall-content\">Peu apr\u00e8s sa disparition, le fameux t\u00e9l\u00e9phone avait donc \u00ab\u2009born\u00e9\u2009\u00bb sur l\u2019\u00eele du Ramier, \u00e0 Toulouse. \u00ab\u2009Il sonne lorsque l\u2019on appelle, \u00e7a veut dire qu\u2019<strong>il n\u2019est pas dans l\u2019eau\u2009\u00bb<\/strong>, soulignait sa fille, au moment de lancer un appel \u00e0 l\u2019aide.<\/p>\n<p class=\" wall-content\">\u00ab\u2009Sur les cam\u00e9ras de vid\u00e9osurveillance, <strong>on la voit descendre du tramway<\/strong> \u00e0 la station \u00cele du Ramier, et apr\u00e8s plus rien\u2009\u00bb, avait confi\u00e9 l\u2019un de ses proches \u00e0 Actu Toulouse. Depuis une semaine, ce m\u00eame proche n\u2019a malheureusement recueilli <strong>\u00ab\u2009aucun signe de vie\u2009\u00bb<\/strong> de G\u00e9raldine Lefoul. Mais huit jours apr\u00e8s sa disparition, ni lui, ni son cercle intime, ni m\u00eame la police n\u2019ont totalement perdu espoir de la retrouver.<\/p>\n<p>La piste d\u2019un acte d\u00e9sesp\u00e9r\u00e9<\/p>\n<p class=\" wall-content\">Lundi 28\u00a0avril, cette femme de <strong>47\u00a0ans<\/strong> s\u2019\u00e9tait fendue d\u2019un <strong>mail<\/strong> particuli\u00e8rement <strong>alarmant<\/strong> \u00e0 ses proches, dans lequel elle leur faisait ses adieux. A-t-elle mis fin \u00e0 ses jours\u2009? La th\u00e8se d\u2019un <strong>acte d\u00e9sesp\u00e9r\u00e9<\/strong> est privil\u00e9gi\u00e9e par les enqu\u00eateurs de la division de la criminalit\u00e9 territoriale. \u00ab\u2009Pour <strong>\u00e9carter toute autre piste\u2009\u00bb,<\/strong> des v\u00e9rifications ont \u00e9t\u00e9 faites sur les lieux suppos\u00e9s de la disparition.<\/p>\n<p>Une \u00e9lue appr\u00e9ci\u00e9e \u00e0 Plaisance<\/p>\n<p class=\" wall-content\">Au moment de sa disparition, G\u00e9raldine Lefoul portait une <strong>veste noire<\/strong>, un <strong>jean sombre<\/strong> et un <strong>sac \u00e0 dos noir<\/strong>. D\u2019apr\u00e8s son entourage, elle avait avec elle son t\u00e9l\u00e9phone, son ordinateur, ses papiers d\u2019identit\u00e9.<\/p>\n<p class=\" wall-content\">G\u00e9raldine Lefoul est impliqu\u00e9e dans la vie locale de Plaisance-du-Touch, ville de 20\u2009000\u00a0habitants de l\u2019agglom\u00e9ration toulousaine o\u00f9 elle est <strong>conseill\u00e8re municipale d\u00e9l\u00e9gu\u00e9e<\/strong> aux personnes en situation de handicap, et o\u00f9 elle est particuli\u00e8rement appr\u00e9ci\u00e9e.<\/p>\n<p><strong>Contact :<\/strong><br \/>Toute personne ayant des informations sur la disparition de G\u00e9raldine Lefoul, ou susceptible d\u2019apporter des \u00e9l\u00e9ments \u00e0 ce sujet est invit\u00e9e \u00e0 appeler la police ou la gendarmerie, en composant le \u00ab\u200917\u2009\u00bb.<\/p>\n<p class=\" wall-content\">Suivez toute l\u2019actualit\u00e9 de vos villes et m\u00e9dias favoris en vous inscrivant \u00e0 <a href=\"https:\/\/moncompte.actu.fr\" title=\"D\u00e9couvez Mon Actu\" rel=\"nofollow noopener\" data-trk=\"{&quot;cta&quot;:{&quot;action&quot;:&quot;https:\\\/\\\/moncompte.actu.fr&quot;,&quot;category&quot;:&quot;mon compte&quot;,&quot;from&quot;:&quot;article footer&quot;,&quot;name&quot;:&quot;Mon actu&quot;,&quot;type&quot;:&quot;cta&quot;}}\" target=\"_blank\">Mon Actu<\/a>.<\/p>\n<ul class=\"ac-article-tag wall-content\">\n<li><a href=\"https:\/\/actu.fr\/tag\/appel-a-temoins\" data-trk=\"{&quot;cta&quot;:{&quot;action&quot;:&quot;Appel \\u00e0 t\\u00e9moins&quot;,&quot;category&quot;:&quot;tag&quot;,&quot;from&quot;:&quot;article footer&quot;,&quot;name&quot;:&quot;Appel \\u00e0 t\\u00e9moins&quot;,&quot;type&quot;:&quot;cta&quot;}}\" rel=\"nofollow noopener\" target=\"_blank\">#Appel \u00e0 t\u00e9moins<\/a><\/li>\n<li><a href=\"https:\/\/actu.fr\/tag\/disparition\" data-trk=\"{&quot;cta&quot;:{&quot;action&quot;:&quot;Disparition inqui\\u00e9tante&quot;,&quot;category&quot;:&quot;tag&quot;,&quot;from&quot;:&quot;article footer&quot;,&quot;name&quot;:&quot;Disparition inqui\\u00e9tante&quot;,&quot;type&quot;:&quot;cta&quot;}}\" rel=\"nofollow noopener\" target=\"_blank\">#Disparition inqui\u00e9tante<\/a><\/li>\n<\/ul>\n","protected":false},"excerpt":{"rendered":"Par Guillaume Laurens Publi\u00e9 le 6 mai 2025 \u00e0 18h46 Toujours aucune trace de G\u00e9raldine Lefoul. Plus d\u2019une&hellip;\n","protected":false},"author":2,"featured_media":80109,"comment_status":"","ping_status":"","sticky":false,"template":"","format":"standard","meta":{"footnotes":""},"categories":[2816],"tags":[1111,11,4260,3676,1777,674,1011,27,12,2680,25,104,2312],"class_list":{"0":"post-80108","1":"post","2":"type-post","3":"status-publish","4":"format-standard","5":"has-post-thumbnail","7":"category-toulouse","8":"tag-actu","9":"tag-actualites","10":"tag-appel-a-temoins","11":"tag-disparition-inquietante","12":"tag-eu","13":"tag-europe","14":"tag-fr","15":"tag-france","16":"tag-news","17":"tag-occitanie","18":"tag-republique-francaise","19":"tag-societe","20":"tag-toulouse"},"share_on_mastodon":{"url":"https:\/\/pubeurope.com\/@fr\/114462677053003328","error":""},"_links":{"self":[{"href":"https:\/\/www.europesays.com\/fr\/wp-json\/wp\/v2\/posts\/80108","targetHints":{"allow":["GET"]}}],"collection":[{"href":"https:\/\/www.europesays.com\/fr\/wp-json\/wp\/v2\/posts"}],"about":[{"href":"https:\/\/www.europesays.com\/fr\/wp-json\/wp\/v2\/types\/post"}],"author":[{"embeddable":true,"href":"https:\/\/www.europesays.com\/fr\/wp-json\/wp\/v2\/users\/2"}],"replies":[{"embeddable":true,"href":"https:\/\/www.europesays.com\/fr\/wp-json\/wp\/v2\/comments?post=80108"}],"version-history":[{"count":0,"href":"https:\/\/www.europesays.com\/fr\/wp-json\/wp\/v2\/posts\/80108\/revisions"}],"wp:featuredmedia":[{"embeddable":true,"href":"https:\/\/www.europesays.com\/fr\/wp-json\/wp\/v2\/media\/80109"}],"wp:attachment":[{"href":"https:\/\/www.europesays.com\/fr\/wp-json\/wp\/v2\/media?parent=80108"}],"wp:term":[{"taxonomy":"category","embeddable":true,"href":"https:\/\/www.europesays.com\/fr\/wp-json\/wp\/v2\/categories?post=80108"},{"taxonomy":"post_tag","embeddable":true,"href":"https:\/\/www.europesays.com\/fr\/wp-json\/wp\/v2\/tags?post=80108"}],"curies":[{"name":"wp","href":"https:\/\/api.w.org\/{rel}","templated":true}]}}