{"id":801121,"date":"2026-03-15T19:18:12","date_gmt":"2026-03-15T19:18:12","guid":{"rendered":"https:\/\/www.europesays.com\/fr\/801121\/"},"modified":"2026-03-15T19:18:12","modified_gmt":"2026-03-15T19:18:12","slug":"les-resultats-du-1er-tour-des-elections-dans-votre-commune-2","status":"publish","type":"post","link":"https:\/\/www.europesays.com\/fr\/801121\/","title":{"rendered":"les r\u00e9sultats du 1er tour des \u00e9lections dans votre commune"},"content":{"rendered":"<p>Ce 15 mars 2026, les \u00e9lecteurs de Rennes ont vot\u00e9 lors du premier tour des \u00e9lections municipales 2026 afin d&rsquo;\u00e9lire leur futur maire et les membres du conseil municipal.<\/p>\n<p>Suivez les r\u00e9sultats \u00e0 Rennes en direct<\/p>\n<p>Les premiers r\u00e9sultats officiels de la commune sont attendus \u00e0 partir de 20h (heure de fermeture des bureaux de vote en m\u00e9tropole). Ils seront mis \u00e0 jour au fil des remont\u00e9es du minist\u00e8re de l&rsquo;Int\u00e9rieur.<\/p>\n<\/p>\n<p>Les listes candidates au 1er tour \u00e0 Rennes<\/p>\n<p>Plusieurs listes se pr\u00e9sentent dans la commune :<\/p>\n<ul class=\"list_unordered\">\n<li>FAIRE MIEUX POUR RENNES, UNION POPULAIRE ET \u00c9COLOGISTE, conduite par Marie Mesmeur, FI.<\/li>\n<li>LUTTE OUVRIERE &#8211; LE CAMP DES TRAVAILLEURS, men\u00e9e par Sandra Chirazi, EXG.<\/li>\n<li>RENNES SOLIDAIRE, avec Nathalie App\u00e9r\u00e9, UG.<\/li>\n<li>\u00c9QUINOXE RENNES, POUR UNE VILLE VIVANTE, APAIS\u00c9E ET R\u00c9SILIENTE, port\u00e9e par Yan M\u00e9lan, ECO.<\/li>\n<li>NPA R\u00e9volutionnaires &#8211; Rennes, ouvri\u00e8re et r\u00e9volutionnaire, dirig\u00e9e par Victor Darcissac, EXG.<\/li>\n<li>VIVRE RENNES AVEC CHARLES COMPAGNON, conduite par Charles Compagnon, UC.<\/li>\n<li>L&rsquo;ESPOIR RENNAIS, men\u00e9e par Thomas Rousseau, LR.<\/li>\n<li>RENNES COMMUNE, avec Ulysse Rabat\u00e9, EXG.<\/li>\n<li>RASSEMBLEMENT POUR RENNES, port\u00e9e par Julien Masson, RN.<\/li>\n<li>RENNES CONTRE LA GUERRE, POUR LES TRAVAILLEURS.ES, LA JEUNESSE ET LES SERVICES PUBLICS, dirig\u00e9e par Morgane Pernot&#8211;Goarvot, EXG.<\/li>\n<li>R\u00c9VOLUTION PERMANENTE: REPRENDRE RENNES AUX POLITICIENS PROFESSIONNELS, conduite par Erell Duclos, EXG.<\/li>\n<\/ul>\n<p>R\u00e8gles de qualification \/ \u00e9lection<\/p>\n<p>\u00c0 l&rsquo;issue de ce 1er tour, une liste peut \u00eatre \u00e9lue d\u00e8s ce soir si elle obtient la majorit\u00e9 absolue des suffrages exprim\u00e9s. Sinon, seules les listes ayant atteint au moins 10 % des suffrages exprim\u00e9s peuvent se maintenir au second tour (les listes \u00e0 5 % peuvent fusionner).<\/p>\n<p>Ne manquez rien du premier tour des municipales 2026<\/p>\n","protected":false},"excerpt":{"rendered":"Ce 15 mars 2026, les \u00e9lecteurs de Rennes ont vot\u00e9 lors du premier tour des \u00e9lections municipales 2026&hellip;\n","protected":false},"author":2,"featured_media":801122,"comment_status":"","ping_status":"","sticky":false,"template":"","format":"standard","meta":{"footnotes":"","_share_on_mastodon":"0"},"categories":[2821],"tags":[1111,11,829,1777,674,1011,27,12,584,25],"class_list":["post-801121","post","type-post","status-publish","format-standard","has-post-thumbnail","category-rennes","tag-actu","tag-actualites","tag-bretagne","tag-eu","tag-europe","tag-fr","tag-france","tag-news","tag-rennes","tag-republique-francaise"],"share_on_mastodon":{"url":"https:\/\/pubeurope.com\/@fr\/116234807257386834","error":""},"_links":{"self":[{"href":"https:\/\/www.europesays.com\/fr\/wp-json\/wp\/v2\/posts\/801121","targetHints":{"allow":["GET"]}}],"collection":[{"href":"https:\/\/www.europesays.com\/fr\/wp-json\/wp\/v2\/posts"}],"about":[{"href":"https:\/\/www.europesays.com\/fr\/wp-json\/wp\/v2\/types\/post"}],"author":[{"embeddable":true,"href":"https:\/\/www.europesays.com\/fr\/wp-json\/wp\/v2\/users\/2"}],"replies":[{"embeddable":true,"href":"https:\/\/www.europesays.com\/fr\/wp-json\/wp\/v2\/comments?post=801121"}],"version-history":[{"count":0,"href":"https:\/\/www.europesays.com\/fr\/wp-json\/wp\/v2\/posts\/801121\/revisions"}],"wp:featuredmedia":[{"embeddable":true,"href":"https:\/\/www.europesays.com\/fr\/wp-json\/wp\/v2\/media\/801122"}],"wp:attachment":[{"href":"https:\/\/www.europesays.com\/fr\/wp-json\/wp\/v2\/media?parent=801121"}],"wp:term":[{"taxonomy":"category","embeddable":true,"href":"https:\/\/www.europesays.com\/fr\/wp-json\/wp\/v2\/categories?post=801121"},{"taxonomy":"post_tag","embeddable":true,"href":"https:\/\/www.europesays.com\/fr\/wp-json\/wp\/v2\/tags?post=801121"}],"curies":[{"name":"wp","href":"https:\/\/api.w.org\/{rel}","templated":true}]}}