{"id":801165,"date":"2026-03-15T19:43:21","date_gmt":"2026-03-15T19:43:21","guid":{"rendered":"https:\/\/www.europesays.com\/fr\/801165\/"},"modified":"2026-03-15T19:43:21","modified_gmt":"2026-03-15T19:43:21","slug":"guerre-en-ukraine-la-france-va-fournir-un-nouveau-systeme-de-defense-aerienne-a-kiev","status":"publish","type":"post","link":"https:\/\/www.europesays.com\/fr\/801165\/","title":{"rendered":"Guerre en Ukraine : la France va fournir un nouveau syst\u00e8me de d\u00e9fense a\u00e9rienne \u00e0 Kiev"},"content":{"rendered":"<p>L\u2019Ukraine collabore avec la France et l\u2019Italie pour lutter contre les missiles balistiques russes. Selon des informations de l\u2019AFP, relay\u00e9es par <a href=\"https:\/\/www.leparisien.fr\/international\/ukraine\/guerre-en-ukraine-la-france-va-fournir-a-kiev-un-nouveau-systeme-de-defense-aerienne-en-2026-15-03-2026-KWGMQRUK7FH4ZMXIUWJ2ENGC2Y.php\" rel=\"nofollow noopener\" target=\"_blank\">Le Parisien<\/a>, Volodymyr Zelensky a annonc\u00e9 le \u00abtest\u00bb du syst\u00e8me de d\u00e9fense SAMP\/T cette ann\u00e9e. \u00abNous recevons un syst\u00e8me cette ann\u00e9e que nous testerons face aux menaces balistiques\u00bb, a assur\u00e9 le pr\u00e9sident ukrainien. Celui-ci repr\u00e9sente une \u00abalternative\u00bb au syst\u00e8me am\u00e9ricain <a href=\"https:\/\/www.capital.fr\/economie-politique\/ukraine-trump-confirme-le-retour-du-soutien-americain-et-l-envoi-de-systemes-antiaeriens-patriot-1516138\" rel=\"nofollow noopener\" target=\"_blank\">Patriot<\/a>, r\u00e9f\u00e9rence en la mati\u00e8re.<\/p>\n<p>Selon <a href=\"https:\/\/www.capital.fr\/economie-politique\/guerre-en-ukraine-apres-la-rencontre-entre-donald-trump-et-volodymyr-zelensky-leurope-ne-lache-pas-kiev-1517296\" rel=\"nofollow noopener\" target=\"_blank\">Volodymyr Zelensky,<\/a> ce syst\u00e8me de d\u00e9fense est \u00able sujet le plus important\u00bb qui a \u00e9t\u00e9 abord\u00e9 avec Emmanuel Macron lors de sa visite \u00e0 Paris vendredi 13 mars. <strong>Le SAMP\/T<\/strong>, cr\u00e9\u00e9 en 2010 gr\u00e2ce \u00e0 la collaboration franco-italienne, puis britannique, va \u00eatre test\u00e9 avec <strong>sa nouvelle g\u00e9n\u00e9ration<\/strong>. Elle doit \u00abconserver les atouts majeurs du SAMP\/T et traiter des menaces balistiques de plus grande port\u00e9e\u00bb, selon le ministre fran\u00e7ais des <a href=\"https:\/\/www.capital.fr\/votre-carriere\/salaire-combien-gagne-un-militaire-du-rang-de-larmee-de-terre-1494893\" rel=\"nofollow noopener\" target=\"_blank\">Arm\u00e9es<\/a>.<\/p>\n<p>Un syst\u00e8me vraiment plus puissant que Patriot ?<\/p>\n<p>Selon Emmanuel Macron, la nouvelle g\u00e9n\u00e9ration du syst\u00e8me <strong>SAMP\/T <\/strong>serait le \u00abplus puissant du monde\u00bb et \u00abplus efficace\u00bb que Patriot. En l\u2019absence de chiffres officiels, elle doit encore faire ses preuves. La promesse du syst\u00e8me SAMP\/T est de pouvoir se d\u00e9fendre contre des avions, des missiles de croisi\u00e8re et des drones. Il est \u00e9quip\u00e9 de missiles <strong>ASTER 30<\/strong> qui peuvent atteindre Mach 4+, c\u2019est-\u00e0-dire 5 000 km\/h. Il a \u00e9t\u00e9 d\u00e9velopp\u00e9 par Eurosam, qui rassemble Thales et MBDA.<\/p>\n","protected":false},"excerpt":{"rendered":"L\u2019Ukraine collabore avec la France et l\u2019Italie pour lutter contre les missiles balistiques russes. Selon des informations de&hellip;\n","protected":false},"author":2,"featured_media":801166,"comment_status":"","ping_status":"","sticky":false,"template":"","format":"standard","meta":{"footnotes":"","_share_on_mastodon":"0"},"categories":[1590],"tags":[11,9929,1777,674,131,3343,12,132,220],"class_list":["post-801165","post","type-post","status-publish","format-standard","has-post-thumbnail","category-ukraine","tag-actualites","tag-du00e9fense","tag-eu","tag-europe","tag-guerre-en-ukraine","tag-missile","tag-news","tag-russie","tag-ukraine"],"share_on_mastodon":{"url":"https:\/\/pubeurope.com\/@fr\/116234905745323914","error":""},"_links":{"self":[{"href":"https:\/\/www.europesays.com\/fr\/wp-json\/wp\/v2\/posts\/801165","targetHints":{"allow":["GET"]}}],"collection":[{"href":"https:\/\/www.europesays.com\/fr\/wp-json\/wp\/v2\/posts"}],"about":[{"href":"https:\/\/www.europesays.com\/fr\/wp-json\/wp\/v2\/types\/post"}],"author":[{"embeddable":true,"href":"https:\/\/www.europesays.com\/fr\/wp-json\/wp\/v2\/users\/2"}],"replies":[{"embeddable":true,"href":"https:\/\/www.europesays.com\/fr\/wp-json\/wp\/v2\/comments?post=801165"}],"version-history":[{"count":0,"href":"https:\/\/www.europesays.com\/fr\/wp-json\/wp\/v2\/posts\/801165\/revisions"}],"wp:featuredmedia":[{"embeddable":true,"href":"https:\/\/www.europesays.com\/fr\/wp-json\/wp\/v2\/media\/801166"}],"wp:attachment":[{"href":"https:\/\/www.europesays.com\/fr\/wp-json\/wp\/v2\/media?parent=801165"}],"wp:term":[{"taxonomy":"category","embeddable":true,"href":"https:\/\/www.europesays.com\/fr\/wp-json\/wp\/v2\/categories?post=801165"},{"taxonomy":"post_tag","embeddable":true,"href":"https:\/\/www.europesays.com\/fr\/wp-json\/wp\/v2\/tags?post=801165"}],"curies":[{"name":"wp","href":"https:\/\/api.w.org\/{rel}","templated":true}]}}