{"id":801171,"date":"2026-03-15T19:46:16","date_gmt":"2026-03-15T19:46:16","guid":{"rendered":"https:\/\/www.europesays.com\/fr\/801171\/"},"modified":"2026-03-15T19:46:16","modified_gmt":"2026-03-15T19:46:16","slug":"qualif-villeurbanne-la-coree-et-lallemagne-tiennent-leur-rang-postup-fr","status":"publish","type":"post","link":"https:\/\/www.europesays.com\/fr\/801171\/","title":{"rendered":"Qualif. Villeurbanne : La Cor\u00e9e et l&rsquo;Allemagne tiennent leur rang &#8211; Postup.fr"},"content":{"rendered":"<p><img loading=\"lazy\" decoding=\"async\" class=\"size-medium wp-image-324724 aligncenter\" src=\"https:\/\/www.europesays.com\/fr\/wp-content\/uploads\/2026\/03\/allemagne-26-500x333.webp.webp\" alt=\"\" width=\"500\" height=\"333\"\/><\/p>\n<p style=\"text-align: center;\">L\u2019Allemagne unie est pr\u00eate pour son Mondial \u00e0 domicile\u00a9FIBA<\/p>\n<p>\u00a0<\/p>\n<p>R\u00e9sultats de la journ\u00e9e 4 du 15 mars 2026 :<\/p>\n<tr style=\"height: 23px;\">\n<td style=\"width: 33.3333%; height: 10px; text-align: center;\">Philippines<\/td>\n<td style=\"width: 33.3333%; height: 10px; text-align: center;\">Cor\u00e9e du Sud<\/td>\n<td style=\"width: 33.3333%; text-align: center; height: 10px;\"><a href=\"https:\/\/www.fiba.basketball\/fr\/events\/fiba-womens-basketball-world-cup-2026-qualifying-tournament-villeurbanne-france\/games\/128166-PHI-KOR\" rel=\"nofollow noopener\" target=\"_blank\">74-105<\/a><\/td>\n<\/tr>\n<tr style=\"height: 23px;\">\n<td style=\"width: 33.3333%; text-align: center; height: 23px;\">Colombie<\/td>\n<td style=\"width: 33.3333%; text-align: center; height: 23px;\">Allemagne<\/td>\n<td style=\"width: 33.3333%; text-align: center; height: 23px;\"><a href=\"https:\/\/www.fiba.basketball\/fr\/events\/fiba-womens-basketball-world-cup-2026-qualifying-tournament-villeurbanne-france\/games\/128165-COL-GER#boxscore\" rel=\"nofollow noopener\" target=\"_blank\">51-78<\/a><\/td>\n<\/tr>\n<p>\u00a0<\/p>\n<p style=\"text-align: justify;\">Les Philippines de la trop esseul\u00e9e <strong>Kacey DE LA ROSA<\/strong> (26pts \u00e0 10\/13, 9 rebonds, en 31 minutes) n\u2019ont pas tenu longtemps. 5 minutes en r\u00e9alit\u00e9 (14-15, 6\u2032) avant un 19-0 \u00e0 cheval sur le 1er et 2nd quart pour prendre 20pts d\u2019avance(17-37, 12\u2032). L\u2019\u00e9cart ne redescendra jamais sous les 19pts et les Cor\u00e9ennes du Sud continueront de maitriser le rythme jusqu\u2019 \u00e0 la fin avec une belle adresse \u00e0 3pts (19\/43, 44%). +30 au milieu du 3\u00e8me acte (41-71, 25\u2032) et un \u00e9cart qui restera entre +27 et +32 jusqu\u2019au buzzer. <strong>Leeseul KANG<\/strong> (24pts \u00e0 8\/18 \u00e0 3pts) s\u2019est encore fait un concours de shoot \u00e0 3pts toute seule. 22\/54 en seulement 4 matchs avec un pourcentage plus que d\u00e9cent (39%).\u00a0<\/p>\n<p>\u00a0<\/p>\n<p style=\"text-align: justify;\">Les Colombiennes ont fait illusion 3 minutes (9-1) avant de sublir la sup\u00e9riorit\u00e9 allemande. Un 22-4 pour remettre les pendules \u00e0 l\u2019heure (13-23, 9\u2032). Le score s\u2019est ensuite stabilis\u00e9 entre +11 et +14 jusqu\u2019\u00e0 la mi-temps avec <strong>Yuliany PAZ<\/strong> (17pts, 4rebonds) en r\u00e9sistante N\u00b01 des colombiennes. Mais au retour des vestiaires, m\u00eame si le duel s\u2019\u00e9quilibra, l\u2019Allemagne d\u2019<strong>Emily BESSOIR<\/strong> (15pts, 11 rebonds) et d\u2019<strong>Alina HARTMANN<\/strong>(17pts, 6 rebonds) creusera encore un peu l\u2019\u00e9cart d\u2019un match pli\u00e9 depuis bien longtemps. +27 (25\u2032), +30 (32\u2032)<\/p>\n<p style=\"text-align: justify;\">\u00a0<\/p>\n<p><img loading=\"lazy\" decoding=\"async\" alt=\"Florian ESPOSITO\" src=\"https:\/\/www.europesays.com\/fr\/wp-content\/uploads\/2026\/03\/1773603976_600_70de70e3f0dda958caf6817f50858471c8d729c879532bb9847f7c02bbd73581.jpeg\"  class=\"avatar avatar-100 photo\" height=\"100\" width=\"100\" itemprop=\"image\"\/><\/p>\n<p>Passionn\u00e9 de basket, ancien arbitre de championnat de France amateur, joueur et coach au niveau r\u00e9gional et lecteur de Postup.fr, je ne pouvais pas ne pas y contribuer.<\/p>\n","protected":false},"excerpt":{"rendered":"L\u2019Allemagne unie est pr\u00eate pour son Mondial \u00e0 domicile\u00a9FIBA \u00a0 R\u00e9sultats de la journ\u00e9e 4 du 15 mars&hellip;\n","protected":false},"author":2,"featured_media":801172,"comment_status":"","ping_status":"","sticky":false,"template":"","format":"standard","meta":{"footnotes":"","_share_on_mastodon":"0"},"categories":[1587],"tags":[11,672,1804,1805,1803,1777,674,1801,12,1802,87374],"class_list":["post-801171","post","type-post","status-publish","format-standard","has-post-thumbnail","category-allemagne","tag-actualites","tag-allemagne","tag-bundesrepublik-deutschland","tag-de","tag-deutschland","tag-eu","tag-europe","tag-germany","tag-news","tag-republique-federale-dallemagne","tag-tournoi-qualificatif-pour-le-mondial"],"share_on_mastodon":{"url":"https:\/\/pubeurope.com\/@fr\/116234917469648172","error":""},"_links":{"self":[{"href":"https:\/\/www.europesays.com\/fr\/wp-json\/wp\/v2\/posts\/801171","targetHints":{"allow":["GET"]}}],"collection":[{"href":"https:\/\/www.europesays.com\/fr\/wp-json\/wp\/v2\/posts"}],"about":[{"href":"https:\/\/www.europesays.com\/fr\/wp-json\/wp\/v2\/types\/post"}],"author":[{"embeddable":true,"href":"https:\/\/www.europesays.com\/fr\/wp-json\/wp\/v2\/users\/2"}],"replies":[{"embeddable":true,"href":"https:\/\/www.europesays.com\/fr\/wp-json\/wp\/v2\/comments?post=801171"}],"version-history":[{"count":0,"href":"https:\/\/www.europesays.com\/fr\/wp-json\/wp\/v2\/posts\/801171\/revisions"}],"wp:featuredmedia":[{"embeddable":true,"href":"https:\/\/www.europesays.com\/fr\/wp-json\/wp\/v2\/media\/801172"}],"wp:attachment":[{"href":"https:\/\/www.europesays.com\/fr\/wp-json\/wp\/v2\/media?parent=801171"}],"wp:term":[{"taxonomy":"category","embeddable":true,"href":"https:\/\/www.europesays.com\/fr\/wp-json\/wp\/v2\/categories?post=801171"},{"taxonomy":"post_tag","embeddable":true,"href":"https:\/\/www.europesays.com\/fr\/wp-json\/wp\/v2\/tags?post=801171"}],"curies":[{"name":"wp","href":"https:\/\/api.w.org\/{rel}","templated":true}]}}