{"id":80121,"date":"2025-05-06T20:09:10","date_gmt":"2025-05-06T20:09:10","guid":{"rendered":"https:\/\/www.europesays.com\/fr\/80121\/"},"modified":"2025-05-06T20:09:10","modified_gmt":"2025-05-06T20:09:10","slug":"glorification-du-hezbollah-le-vice-president-de-lyon-2-vise-par-une-enquete-pour-apologie-du-terrorisme","status":"publish","type":"post","link":"https:\/\/www.europesays.com\/fr\/80121\/","title":{"rendered":"Glorification du Hezbollah : le vice-pr\u00e9sident de Lyon-2 vis\u00e9 par une enqu\u00eate pour apologie du terrorisme"},"content":{"rendered":"<p>                                            Soci\u00e9t\u00e9\n                                                                            <\/p>\n<p>\n                                            Une enqu\u00eate pour \u00ab apologie du terrorisme \u00bb a \u00e9t\u00e9 ouverte par le parquet de Lyon \u00e0 la suite d\u2019un signalement effectu\u00e9 par le minist\u00e8re de l\u2019\u00c9ducation nationale.\u00a0                                        <\/p>\n<p>                                                Publi\u00e9 le 6 mai 2025 \u00e0 21h22                                                                                            <\/p>\n<p>                                            <img loading=\"lazy\" width=\"1024\" height=\"683\" src=\"https:\/\/www.europesays.com\/fr\/wp-content\/uploads\/2025\/05\/SIPA_01084322_000001-1.jpg\" class=\"attachment-post-thumbnail size-post-thumbnail wp-post-image lazy\" alt=\"Willy Beauvallet-Haddad reste ma\u00eetre de conf\u00e9rences en science politique \u00e0 Lyon-2. PHOTO \u00a9 ROMAIN DOUCELIN\/SIPA\" decoding=\"async\"  data-\/><\/p>\n<p>                                            Willy Beauvallet-Haddad reste ma\u00eetre de conf\u00e9rences en science politique \u00e0 Lyon-2. PHOTO \u00a9 ROMAIN DOUCELIN\/SIPA<\/p>\n<p>Willy Beauvallet-Haddad, le vice-pr\u00e9sident de l\u2019<a href=\"https:\/\/www.valeursactuelles.com\/clubvaleurs\/societe\/professeur-menace-a-lyon-2-comment-luniversite-est-devenue-la-proie-d-une-mouvance-islamo-wokiste\" target=\"_blank\" rel=\"noopener sponsored\">universit\u00e9 Lyon-2<\/a>, pourrait faire face \u00e0 des poursuites en justice, r\u00e9v\u00e8le <a href=\"https:\/\/www.lepoint.fr\/societe\/le-vice-president-de-lyon-2-vise-par-une-enquete-pour-apologie-du-terrorisme-06-05-2025-2589019_23.php#11\" target=\"_blank\" rel=\"nofollow noopener\">Le Point<\/a>, mardi 6 mai. Au lendemain de l\u2019<a href=\"https:\/\/www.valeursactuelles.com\/regions\/auvergne-rhone-alpes\/rhone\/lyon\/societe\/universite-lyon-2-demission-du-vice-president-dans-la-tourmente-apres-des-propos-glorifiant-le-hezbollah\" target=\"_blank\" rel=\"noopener sponsored\">annonce de sa d\u00e9mission<\/a>, le parquet de Lyon a d\u00e9cid\u00e9 d\u2019ouvrir une enqu\u00eate pour \u00ab apologie du terrorisme \u00bb. Cette information judiciaire fait suite \u00e0 un signalement du ministre charg\u00e9 de l\u2019Enseignement sup\u00e9rieur et de la Recherche, Philippe Baptiste. \u00ab Je suis profond\u00e9ment choqu\u00e9, et je ne vois pas comment on peut \u00eatre vice-pr\u00e9sident d\u2019une universit\u00e9 quand on \u00e9crit des choses pareilles \u00bb, reconnaissait l\u2019\u00e9lu, ce matin, sur le plateau de France 2.<\/p>\n<p><a href=\"https:\/\/www.valeursactuelles.com\/regions\/auvergne-rhone-alpes\/rhone\/lyon\/societe\/quelle-honte-scandaleux-les-propos-de-la-presidente-de-lyon-2-a-lencontre-du-professeur-agresse-provoquent-un-tolle\" class=\"h-flex h-align-items-center h-border-tb h-ptb-15\" target=\"_blank\" rel=\"noopener\">A\u00a0LIRE\u00a0\u00ab Quelle honte \u00bb, \u00ab scandaleux \u00bb\u2026 Les propos de la pr\u00e9sidente de Lyon-2 \u00e0 l\u2019encontre du professeur agress\u00e9 provoquent un toll\u00e9<\/a><\/p>\n<p>L\u2019universitaire est accus\u00e9 d\u2019avoir tenu \u00e0 plusieurs reprises des propos \u00e0 la gloire du <a href=\"https:\/\/www.valeursactuelles.com\/clubvaleurs\/monde\/hezbollah-derriere-le-terrorisme-les-cartels-de-drogue\" target=\"_blank\" rel=\"noopener sponsored\">Hezbollah<\/a>. Le groupe paramilitaire islamiste implant\u00e9 au Liban est consid\u00e9r\u00e9 par de nombreux pays ainsi que par l\u2019Union europ\u00e9enne comme une organisation \u00ab terroriste \u00bb. Willy Beauvallet-Haddad a, par exemple, rendu un hommage appuy\u00e9 \u00e0 leur chef Hassan Nasrallah, apr\u00e8s sa mort en septembre 2024 lors d\u2019un bombardement isra\u00e9lien. \u00ab Il est mort au milieu des siens pour la grande cause [palestinienne et arabe] et il a rejoint le panth\u00e9on de nos c\u0153urs et des grands personnages de l\u2019Histoire \u00bb, a-t-il notamment \u00e9crit sur ses r\u00e9seaux sociaux.\u00a0\u00a0<\/p>\n<\/p>\n<p>Ce sont ces m\u00eames propos qui ont provoqu\u00e9 la pol\u00e9mique et qui, in fine, ont contraint Willy Beauvallet-Haddad \u00e0 quitter toutes ses fonctions ex\u00e9cutives au sein de Lyon-2. S\u2019il n\u2019occupe plus son poste de vice-pr\u00e9sident du conseil d\u2019administration, il reste toutefois ma\u00eetre de conf\u00e9rences en science politique.\u00a0<\/p>\n","protected":false},"excerpt":{"rendered":"Soci\u00e9t\u00e9 Une enqu\u00eate pour \u00ab apologie du terrorisme \u00bb a \u00e9t\u00e9 ouverte par le parquet de Lyon \u00e0&hellip;\n","protected":false},"author":2,"featured_media":80122,"comment_status":"","ping_status":"","sticky":false,"template":"","format":"standard","meta":{"footnotes":""},"categories":[1889],"tags":[1111,11,9205,2430,1777,674,1011,27,7295,2428,12,25,5768],"class_list":{"0":"post-80121","1":"post","2":"type-post","3":"status-publish","4":"format-standard","5":"has-post-thumbnail","7":"category-lyon","8":"tag-actu","9":"tag-actualites","10":"tag-apologie-du-terrorisme","11":"tag-auvergne-rhone-alpes","12":"tag-eu","13":"tag-europe","14":"tag-fr","15":"tag-france","16":"tag-hezbollah","17":"tag-lyon","18":"tag-news","19":"tag-republique-francaise","20":"tag-universite"},"share_on_mastodon":{"url":"https:\/\/pubeurope.com\/@fr\/114462704587865198","error":""},"_links":{"self":[{"href":"https:\/\/www.europesays.com\/fr\/wp-json\/wp\/v2\/posts\/80121","targetHints":{"allow":["GET"]}}],"collection":[{"href":"https:\/\/www.europesays.com\/fr\/wp-json\/wp\/v2\/posts"}],"about":[{"href":"https:\/\/www.europesays.com\/fr\/wp-json\/wp\/v2\/types\/post"}],"author":[{"embeddable":true,"href":"https:\/\/www.europesays.com\/fr\/wp-json\/wp\/v2\/users\/2"}],"replies":[{"embeddable":true,"href":"https:\/\/www.europesays.com\/fr\/wp-json\/wp\/v2\/comments?post=80121"}],"version-history":[{"count":0,"href":"https:\/\/www.europesays.com\/fr\/wp-json\/wp\/v2\/posts\/80121\/revisions"}],"wp:featuredmedia":[{"embeddable":true,"href":"https:\/\/www.europesays.com\/fr\/wp-json\/wp\/v2\/media\/80122"}],"wp:attachment":[{"href":"https:\/\/www.europesays.com\/fr\/wp-json\/wp\/v2\/media?parent=80121"}],"wp:term":[{"taxonomy":"category","embeddable":true,"href":"https:\/\/www.europesays.com\/fr\/wp-json\/wp\/v2\/categories?post=80121"},{"taxonomy":"post_tag","embeddable":true,"href":"https:\/\/www.europesays.com\/fr\/wp-json\/wp\/v2\/tags?post=80121"}],"curies":[{"name":"wp","href":"https:\/\/api.w.org\/{rel}","templated":true}]}}