{"id":801234,"date":"2026-03-15T20:28:28","date_gmt":"2026-03-15T20:28:28","guid":{"rendered":"https:\/\/www.europesays.com\/fr\/801234\/"},"modified":"2026-03-15T20:28:28","modified_gmt":"2026-03-15T20:28:28","slug":"municipales-2026-en-ille-et-vilaine-decouvrez-le-taux-de-participation-a-17-h","status":"publish","type":"post","link":"https:\/\/www.europesays.com\/fr\/801234\/","title":{"rendered":"Municipales 2026 en Ille-et-Vilaine\u00a0: d\u00e9couvrez le taux de participation \u00e0 17\u00a0h"},"content":{"rendered":"<p>Le taux de participation au 1er tour des \u00e9lections municipales 2026 dans les bureaux de vote en Ille-et-Vilaine ce dimanche \u00e0 17 h s\u2019\u00e9l\u00e8ve \u00e0 46,90 %. Un chiffre en forte hausse par rapport \u00e0 2020 \u00e0 la m\u00eame heure (35,03 %), mais le scrutin s\u2019\u00e9tait d\u00e9roul\u00e9 en p\u00e9riode de Covid. Si l\u2019on remonte un plus loin lors des \u00e9lections municipales de 2014, le taux de participation \u00e0 17h \u00e9tait de 55,91 %.<\/p>\n<p>Les r\u00e9sultats provisoires seront communiqu\u00e9s \u00e0 partir de 20h ce soir.<\/p>\n","protected":false},"excerpt":{"rendered":"Le taux de participation au 1er tour des \u00e9lections municipales 2026 dans les bureaux de vote en Ille-et-Vilaine&hellip;\n","protected":false},"author":2,"featured_media":801235,"comment_status":"","ping_status":"","sticky":false,"template":"","format":"standard","meta":{"footnotes":"","_share_on_mastodon":"0"},"categories":[2821],"tags":[1111,11,829,765,1777,674,1011,27,848,12,584,25],"class_list":["post-801234","post","type-post","status-publish","format-standard","has-post-thumbnail","category-rennes","tag-actu","tag-actualites","tag-bretagne","tag-en-continu","tag-eu","tag-europe","tag-fr","tag-france","tag-ille-et-vilaine","tag-news","tag-rennes","tag-republique-francaise"],"share_on_mastodon":{"url":"https:\/\/pubeurope.com\/@fr\/116235082555513285","error":""},"_links":{"self":[{"href":"https:\/\/www.europesays.com\/fr\/wp-json\/wp\/v2\/posts\/801234","targetHints":{"allow":["GET"]}}],"collection":[{"href":"https:\/\/www.europesays.com\/fr\/wp-json\/wp\/v2\/posts"}],"about":[{"href":"https:\/\/www.europesays.com\/fr\/wp-json\/wp\/v2\/types\/post"}],"author":[{"embeddable":true,"href":"https:\/\/www.europesays.com\/fr\/wp-json\/wp\/v2\/users\/2"}],"replies":[{"embeddable":true,"href":"https:\/\/www.europesays.com\/fr\/wp-json\/wp\/v2\/comments?post=801234"}],"version-history":[{"count":0,"href":"https:\/\/www.europesays.com\/fr\/wp-json\/wp\/v2\/posts\/801234\/revisions"}],"wp:featuredmedia":[{"embeddable":true,"href":"https:\/\/www.europesays.com\/fr\/wp-json\/wp\/v2\/media\/801235"}],"wp:attachment":[{"href":"https:\/\/www.europesays.com\/fr\/wp-json\/wp\/v2\/media?parent=801234"}],"wp:term":[{"taxonomy":"category","embeddable":true,"href":"https:\/\/www.europesays.com\/fr\/wp-json\/wp\/v2\/categories?post=801234"},{"taxonomy":"post_tag","embeddable":true,"href":"https:\/\/www.europesays.com\/fr\/wp-json\/wp\/v2\/tags?post=801234"}],"curies":[{"name":"wp","href":"https:\/\/api.w.org\/{rel}","templated":true}]}}