{"id":801282,"date":"2026-03-15T20:56:17","date_gmt":"2026-03-15T20:56:17","guid":{"rendered":"https:\/\/www.europesays.com\/fr\/801282\/"},"modified":"2026-03-15T20:56:17","modified_gmt":"2026-03-15T20:56:17","slug":"ou-partir-si-les-choses-tournent-mal-la-question-que-de-plus-en-plus-de-gens-se-posent","status":"publish","type":"post","link":"https:\/\/www.europesays.com\/fr\/801282\/","title":{"rendered":"O\u00f9 partir si les choses tournent mal ? La question que de plus en plus de gens se posent"},"content":{"rendered":"\n<p>L\u2019hiver pour moi, c\u2019est l\u2019Allemagne. Si je passe une partie de l\u2019\u00e9t\u00e9 dans les Pouilles, je reviens en g\u00e9n\u00e9ral au pays \u00e0 la saison froide, pleine de sentiments contradictoires. Je suis toujours tout euphorique de revoir les amis, d\u2019\u00e9cumer la sc\u00e8ne culturelle, d\u2019\u00eatre \u00e0 un endroit que je comprends parfaitement, o\u00f9 je me fonds dans la masse et o\u00f9 je ne suis pas oblig\u00e9e de m\u2019expliquer.<\/p>\n<p>Dans le m\u00eame temps, avec un regard \u00e0 moiti\u00e9 ext\u00e9rieur, je vois les mauvaises choses plus clairement et vis la d\u00e9gringolade plus drastiquement\u00a0: la police des fronti\u00e8res de plus en plus martiale\u00a0; la paup\u00e9risation et la p\u00e9nurie de logement dans les villes\u00a0; les prix monstrueux\u00a0; la prudence quand on discute avec des inconnus pour ne pas aborder de sujet qui divise. Chaque fois que je reviens, j\u2019ai peur. Ces ph\u00e9nom\u00e8nes existent s\u00fbrement ailleurs, mais \u00e7a fait plus mal quand c\u2019est dans son pays.<\/p>\n<p>Cette fois pourtant, c\u2019est diff\u00e9rent. Les gens parlent plus concr\u00e8tement d\u2019\u00e9migrer. Le fait que je poss\u00e8de une petite maison de vacances avec un terrain en Italie \u00e9veillait d\u00e9j\u00e0 la curiosit\u00e9 avant. Il y avait d\u00e9j\u00e0 des r\u00e9flexions\u00a0: \u201cSi l\u2019AfD arrivait au pouvoir, je\u2026\u201d Avant. Mais devant la mont\u00e9e du fascisme, les guerres, l\u2019effondrement climatique, les questions se font plus concr\u00e8tes et s\u00e9rieuses.<\/p>\n<p>Amis, coll\u00e8gues et inconnus me demandent comment je r\u00e8gle ceci ou cela \u00e0 l\u2019\u00e9tranger. Ils me confient songer \u00e0 quitter l\u2019Allemagne. Ils s\u2019interrogent\u00a0: faut-il partir ou r\u00e9sister\u00a0? D\u2019autres envisagent de s\u2019acheter un bout de terrain au cas o\u00f9 il y aurait la guerre. Une de mes amis se demande si elle a l\u2019air assez blanche pour \u00e9chapper \u00e0 l\u2019expulsion. Fini de jouer. Et m\u00eame si l\u2019Italie n\u2019est pas un point de chute qui \u00e9chappe au fascisme, m\u00eame si la M\u00e9diterran\u00e9e n\u2019est peut-\u00eatre pas le choix le plus intelligent en cas d\u2019effondrement climatique, je suis infiniment reconnaissante d\u2019avoir un bout de terrain loin de tout, o\u00f9 il ne pleut pas des bombes, o\u00f9 on peut vivre en autonomie et o\u00f9 on ne d\u00e9pend pas d\u2019un propri\u00e9taire. Trop cool.<\/p>\n<p>En Italie, je rencontre des gens qui sont un peu plus loin dans le processus. Un Allemand \u00e0 l\u2019\u00e9tranger attire obligatoirement les Allemands. Quand je leur demande pourquoi ils sont partis ou songent \u00e0 le faire, ils me r\u00e9pondent souvent\u00a0: \u201c\u00c7a va de mal en pis en Allemagne.\u201d J\u2019acquiesce, mais ce que les int\u00e9ress\u00e9s entendent par l\u00e0 varie fortement\u00a0: les imp\u00f4ts, le politiquement correct, l\u2019AfD, les \u00e9trangers, les prestations m\u00e9dicales \u2013 c\u2019est comme s\u2019ils vivaient dans une autre Allemagne.<\/p>\n<p>Puis ils se l\u00e2chent sur les Italiens avec un sourire entendu. Parce que tout va peut-\u00eatre de mal en pis en Allemagne, mais c\u2019est bien entendu mieux l\u00e0-bas.<\/p>\n","protected":false},"excerpt":{"rendered":"L\u2019hiver pour moi, c\u2019est l\u2019Allemagne. Si je passe une partie de l\u2019\u00e9t\u00e9 dans les Pouilles, je reviens en&hellip;\n","protected":false},"author":2,"featured_media":801283,"comment_status":"","ping_status":"","sticky":false,"template":"","format":"standard","meta":{"footnotes":"","_share_on_mastodon":"0"},"categories":[1587],"tags":[11,672,1804,1805,1803,1777,674,1801,12,1802],"class_list":["post-801282","post","type-post","status-publish","format-standard","has-post-thumbnail","category-allemagne","tag-actualites","tag-allemagne","tag-bundesrepublik-deutschland","tag-de","tag-deutschland","tag-eu","tag-europe","tag-germany","tag-news","tag-republique-federale-dallemagne"],"share_on_mastodon":{"url":"https:\/\/pubeurope.com\/@fr\/116235192827245360","error":""},"_links":{"self":[{"href":"https:\/\/www.europesays.com\/fr\/wp-json\/wp\/v2\/posts\/801282","targetHints":{"allow":["GET"]}}],"collection":[{"href":"https:\/\/www.europesays.com\/fr\/wp-json\/wp\/v2\/posts"}],"about":[{"href":"https:\/\/www.europesays.com\/fr\/wp-json\/wp\/v2\/types\/post"}],"author":[{"embeddable":true,"href":"https:\/\/www.europesays.com\/fr\/wp-json\/wp\/v2\/users\/2"}],"replies":[{"embeddable":true,"href":"https:\/\/www.europesays.com\/fr\/wp-json\/wp\/v2\/comments?post=801282"}],"version-history":[{"count":0,"href":"https:\/\/www.europesays.com\/fr\/wp-json\/wp\/v2\/posts\/801282\/revisions"}],"wp:featuredmedia":[{"embeddable":true,"href":"https:\/\/www.europesays.com\/fr\/wp-json\/wp\/v2\/media\/801283"}],"wp:attachment":[{"href":"https:\/\/www.europesays.com\/fr\/wp-json\/wp\/v2\/media?parent=801282"}],"wp:term":[{"taxonomy":"category","embeddable":true,"href":"https:\/\/www.europesays.com\/fr\/wp-json\/wp\/v2\/categories?post=801282"},{"taxonomy":"post_tag","embeddable":true,"href":"https:\/\/www.europesays.com\/fr\/wp-json\/wp\/v2\/tags?post=801282"}],"curies":[{"name":"wp","href":"https:\/\/api.w.org\/{rel}","templated":true}]}}