{"id":80129,"date":"2025-05-06T20:14:08","date_gmt":"2025-05-06T20:14:08","guid":{"rendered":"https:\/\/www.europesays.com\/fr\/80129\/"},"modified":"2025-05-06T20:14:08","modified_gmt":"2025-05-06T20:14:08","slug":"municipales-a-paris-les-ecologistes-appellent-a-lunion-des-forces-de-gauche","status":"publish","type":"post","link":"https:\/\/www.europesays.com\/fr\/80129\/","title":{"rendered":"Municipales\u00a0\u00e0 Paris. Les \u00c9cologistes appellent \u00e0 \u00ab\u00a0l\u2019union des forces de gauche\u00a0\u00bb"},"content":{"rendered":"<p><strong>\u00ab\u00a0On a besoin d\u2019\u00eatre ensemble\u00a0\u00bb.<\/strong> C\u2019est en substance le message de <a href=\"https:\/\/rennes.maville.com\/actu\/actudet_-municipales-a-paris-david-belliard-gagne-l-investiture-des-ecologistes-pour-2026-_54135-6731084_actu.Htm\" target=\"_self\" rel=\"noopener\">David Belliard<\/a> aux forces de gauche \u00e0 moins d\u2019un an des municipales. <a href=\"https:\/\/rennes.maville.com\/actu\/actudet_-elections-municipales-2026-david-belliard-est-candidat-a-la-primaire-ecologiste-a-paris-_54135-6650673_actu.Htm\" target=\"_self\" rel=\"noopener\">L\u2019adjoint au maire de Paris<\/a>, qui a gagn\u00e9 l\u2019investiture \u00e9cologiste <a href=\"https:\/\/rennes.maville.com\/actu\/actudet_-municipales-2026.-a-un-an-du-scrutin-qui-pour-succeder-a-anne-hidalgo-a-paris-_54135-6725263_actu.Htm\" target=\"_self\" rel=\"noopener\">pour 2026<\/a>, vient de leur adresser un courrier pour indiquer son <strong>\u00ab\u00a0souhait de travailler \u00e0 un grand rassemblement\u00a0\u00bb<\/strong> d\u00e8s le premier tour pour <strong>\u00ab\u00a0ne pas laisser les cl\u00e9s<\/strong>\u00a0<strong>de la capitale \u00e0 Rachida Dati\u00a0\u00bb, <\/strong>la ministre de la Culture et candidate d\u2019opposition potentielle \u00e0 Paris.<\/p>\n<p>\u00ab S\u2019int\u00e9resser d\u2019abord au projet \u00bb<\/p>\n<p>Et de mettre en garde contre les \u00e9lections municipales \u00e0 venir,<strong>\u00a0<\/strong>qui<strong> \u00ab\u00a0pourraient marquer un tournant\u00a0\u00bb,<\/strong> \u00e9crit-il.<strong> \u00ab\u00a0Celui de la victoire en France de la droite et de l\u2019extr\u00eame droite, celui du refus de changer notre mod\u00e8le pour r\u00e9pondre \u00e0 l\u2019acc\u00e9l\u00e9ration des d\u00e9r\u00e8glements climatiques, celui d\u2019un recul massif de ce que nous portons collectivement une vision solidaire, \u00e9cologique, d\u00e9mocratique et progressiste de notre soci\u00e9t\u00e9 et de notre ville. Ce tournant, nous pourrions le vivre aussi \u00e0 Paris [\u2026] et notre responsabilit\u00e9 aujourd\u2019hui et de tout faire pour l\u2019en emp\u00eacher.\u00a0\u00bb<\/strong><\/p>\n<p>Les \u00e9cologistes ont toujours pr\u00f4n\u00e9 un front uni, incluant La France insoumise, d\u00e8s le premier tour. Une option toutefois \u00e9cart\u00e9e aujourd\u2019hui par les socialistes. Mais pour d\u00e9passer les d\u00e9saccords, David Belliard propose de<strong> \u00ab\u00a0s\u2019int\u00e9resser d\u2019abord au projet, ce que l\u2019on veut pour Paris. Il faut commencer par le fond\u00a0\u00bb, <\/strong>insiste celui qui a d\u00e9j\u00e0<strong> \u00ab\u00a0rencontr\u00e9 le PCF et G\u00e9n\u00e9ration\u00b7s\u00a0\u00bb. <\/strong>L\u2019union,<strong> \u00ab\u00a0c\u2019est toujours compliqu\u00e9\u00a0\u00bb, <\/strong>r\u00e9p\u00e8te aussi la secr\u00e9taire nationale du mouvement, Marine Tondelier.<strong> \u00ab\u00a0Mais le sujet, c\u2019est vraiment\u00a0: est-ce que c\u2019est surmontable\u00a0? Est-ce qu\u2019on a envie de s\u2019organiser pour gagner\u00a0? O<\/strong> <strong>n sait le faire quand il y a besoin. On l\u2019a d\u00e9j\u00e0 montr\u00e9.\u00a0\u00bb<\/strong><\/p>\n<p>\u00a0<\/p>\n","protected":false},"excerpt":{"rendered":"\u00ab\u00a0On a besoin d\u2019\u00eatre ensemble\u00a0\u00bb. C\u2019est en substance le message de David Belliard aux forces de gauche \u00e0&hellip;\n","protected":false},"author":2,"featured_media":80130,"comment_status":"","ping_status":"","sticky":false,"template":"","format":"standard","meta":{"footnotes":""},"categories":[1888],"tags":[11,14285,5492,2339,1777,674,18720,1011,27,2383,3554,12,626,25,4403],"class_list":{"0":"post-80129","1":"post","2":"type-post","3":"status-publish","4":"format-standard","5":"has-post-thumbnail","7":"category-paris","8":"tag-actualites","9":"tag-appellent","10":"tag-caen","11":"tag-ecologistes","12":"tag-eu","13":"tag-europe","14":"tag-forces","15":"tag-fr","16":"tag-france","17":"tag-gauche","18":"tag-municipales","19":"tag-news","20":"tag-paris","21":"tag-republique-francaise","22":"tag-union"},"share_on_mastodon":{"url":"https:\/\/pubeurope.com\/@fr\/114462724160913132","error":""},"_links":{"self":[{"href":"https:\/\/www.europesays.com\/fr\/wp-json\/wp\/v2\/posts\/80129","targetHints":{"allow":["GET"]}}],"collection":[{"href":"https:\/\/www.europesays.com\/fr\/wp-json\/wp\/v2\/posts"}],"about":[{"href":"https:\/\/www.europesays.com\/fr\/wp-json\/wp\/v2\/types\/post"}],"author":[{"embeddable":true,"href":"https:\/\/www.europesays.com\/fr\/wp-json\/wp\/v2\/users\/2"}],"replies":[{"embeddable":true,"href":"https:\/\/www.europesays.com\/fr\/wp-json\/wp\/v2\/comments?post=80129"}],"version-history":[{"count":0,"href":"https:\/\/www.europesays.com\/fr\/wp-json\/wp\/v2\/posts\/80129\/revisions"}],"wp:featuredmedia":[{"embeddable":true,"href":"https:\/\/www.europesays.com\/fr\/wp-json\/wp\/v2\/media\/80130"}],"wp:attachment":[{"href":"https:\/\/www.europesays.com\/fr\/wp-json\/wp\/v2\/media?parent=80129"}],"wp:term":[{"taxonomy":"category","embeddable":true,"href":"https:\/\/www.europesays.com\/fr\/wp-json\/wp\/v2\/categories?post=80129"},{"taxonomy":"post_tag","embeddable":true,"href":"https:\/\/www.europesays.com\/fr\/wp-json\/wp\/v2\/tags?post=80129"}],"curies":[{"name":"wp","href":"https:\/\/api.w.org\/{rel}","templated":true}]}}