{"id":801299,"date":"2026-03-15T21:10:17","date_gmt":"2026-03-15T21:10:17","guid":{"rendered":"https:\/\/www.europesays.com\/fr\/801299\/"},"modified":"2026-03-15T21:10:17","modified_gmt":"2026-03-15T21:10:17","slug":"srfc-losc-ol-danois-fait-tourner-les-tetes","status":"publish","type":"post","link":"https:\/\/www.europesays.com\/fr\/801299\/","title":{"rendered":"SRFC, LOSC, OL\u2026 Danois fait tourner les t\u00eates"},"content":{"rendered":"<p><b>Rares satisfactions de la saison du c\u00f4t\u00e9 de l\u2019AJ <a href=\"https:\/\/www.foot01.com\/auxerre\" title=\"Auxerre\" rel=\"nofollow noopener\" target=\"_blank\">Auxerre<\/a>, K\u00e9vin Danois est courtis\u00e9 par de nombreux clubs de Ligue 1 en vue du prochain mercato estival.<\/b>Malgr\u00e9 une saison tr\u00e8s compliqu\u00e9e sur un point collectif, sachant que l\u2019AJA est barragiste de la L1 avec huit points de retard sur le premier non-rel\u00e9gable, <a href=\"https:\/\/www.foot01.com\/auxerre\" target=\"_self\" rel=\"nofollow noopener\">Auxerre<\/a> arrive quand m\u00eame \u00e0 faire valoriser ses joueurs. Vu que cette saison, certaines individualit\u00e9s arrivent \u00e0 tirer leur \u00e9pingle du jeu au sein du club bourguignon, \u00e0 l\u2019image de K\u00e9vin Danois. \u00c0 21 ans, le milieu de terrain est devenu une pi\u00e8ce ma\u00eetresse de l\u2019\u00e9quipe de Christophe P\u00e9lissier. Disposant d\u2019un profil complet et moderne, avec un volume de jeu impressionnant et une aisance technique int\u00e9ressante, le joueur form\u00e9 \u00e0 l\u2019AJA a frapp\u00e9 dans l&rsquo;\u0153il de nombreux suiveurs du championnat de France.Lens et Rennes suivent Danois depuis longtempsSi bien que Danois se retrouve d\u00e9sormais au centre de l\u2019attention en vue du prochain mercato d\u2019\u00e9t\u00e9. Depuis quelques semaines, il suscite effectivement les convoitises de nombreux clubs fran\u00e7ais de haut de tableau. <a href=\"https:\/\/www.foot01.com\/lens\" title=\"Lens\" rel=\"nofollow noopener\" target=\"_blank\">Lens<\/a> et <a href=\"https:\/\/www.foot01.com\/rennes\" title=\"Rennes\" rel=\"nofollow noopener\" target=\"_blank\">Rennes<\/a> se sont d\u00e9j\u00e0 positionn\u00e9s pour tenter de recruter l\u2019espoir bourguignon. En montrant un int\u00e9r\u00eat concret pour le jeune talent d\u2019Auxerre, avec une prise de contact avec son entourage, les deux formations ambitionnent de doubler la concurrence qui s\u2019annonce plus que f\u00e9roce.Le LOSC et l\u2019OL d\u00e9barquent aussiPuisque selon les informations du site Foot<a href=\"https:\/\/www.footinsiders.com\/fr\/p-59381\" target=\"_blank\" rel=\"nofollow noopener\"> <\/a>Insiders, le <a href=\"https:\/\/www.foot01.com\/lille\" title=\"LOSC\" rel=\"nofollow noopener\" target=\"_blank\">LOSC<\/a> et l\u2019Olympique Lyonnais sont aussi entr\u00e9s dans la danse. Des pr\u00e9tendants de renom qui vont faire grimper les ench\u00e8res, surtout que l\u2019AJA se retrouve en position de force dans ce dossier, sachant que Danois dispose d\u2019un contrat jusqu\u2019en 2029. Par cons\u00e9quent, Auxerre va forc\u00e9ment fixer un prix de d\u00e9part assez \u00e9lev\u00e9 pour son jeune talent, qui pourrait partir \u00e0 plus de 10 millions d\u2019euros, comme Rudy Matondo au Paris FC lors du dernier mercato hivernal.<img decoding=\"async\" src=\"https:\/\/www.europesays.com\/fr\/wp-content\/uploads\/2025\/10\/37579899.png\" alt=\"K. Danois\" class=\"w-16 h-16 object-cover rounded-full\"\/><\/p>\n<p>K. Danois<\/p>\n<p><img decoding=\"async\" src=\"https:\/\/www.europesays.com\/fr\/wp-content\/uploads\/2025\/09\/fr.png\" alt=\"France\" class=\"w-6 h-4 object-cover\"\/>France \u2022 \u00c2ge 21 \u2022 Milieu<\/p>\n","protected":false},"excerpt":{"rendered":"Rares satisfactions de la saison du c\u00f4t\u00e9 de l\u2019AJ Auxerre, K\u00e9vin Danois est courtis\u00e9 par de nombreux clubs&hellip;\n","protected":false},"author":2,"featured_media":801300,"comment_status":"","ping_status":"","sticky":false,"template":"","format":"standard","meta":{"footnotes":"","_share_on_mastodon":"0"},"categories":[1410],"tags":[4245,63,1011,27,4253,2267,1434,241,584,60],"class_list":["post-801299","post","type-post","status-publish","format-standard","has-post-thumbnail","category-football","tag-auxerre","tag-football","tag-fr","tag-france","tag-lens","tag-losc","tag-mercato","tag-ol","tag-rennes","tag-sports"],"share_on_mastodon":{"url":"https:\/\/pubeurope.com\/@fr\/116235247602484284","error":""},"_links":{"self":[{"href":"https:\/\/www.europesays.com\/fr\/wp-json\/wp\/v2\/posts\/801299","targetHints":{"allow":["GET"]}}],"collection":[{"href":"https:\/\/www.europesays.com\/fr\/wp-json\/wp\/v2\/posts"}],"about":[{"href":"https:\/\/www.europesays.com\/fr\/wp-json\/wp\/v2\/types\/post"}],"author":[{"embeddable":true,"href":"https:\/\/www.europesays.com\/fr\/wp-json\/wp\/v2\/users\/2"}],"replies":[{"embeddable":true,"href":"https:\/\/www.europesays.com\/fr\/wp-json\/wp\/v2\/comments?post=801299"}],"version-history":[{"count":0,"href":"https:\/\/www.europesays.com\/fr\/wp-json\/wp\/v2\/posts\/801299\/revisions"}],"wp:featuredmedia":[{"embeddable":true,"href":"https:\/\/www.europesays.com\/fr\/wp-json\/wp\/v2\/media\/801300"}],"wp:attachment":[{"href":"https:\/\/www.europesays.com\/fr\/wp-json\/wp\/v2\/media?parent=801299"}],"wp:term":[{"taxonomy":"category","embeddable":true,"href":"https:\/\/www.europesays.com\/fr\/wp-json\/wp\/v2\/categories?post=801299"},{"taxonomy":"post_tag","embeddable":true,"href":"https:\/\/www.europesays.com\/fr\/wp-json\/wp\/v2\/tags?post=801299"}],"curies":[{"name":"wp","href":"https:\/\/api.w.org\/{rel}","templated":true}]}}