{"id":80131,"date":"2025-05-06T20:15:10","date_gmt":"2025-05-06T20:15:10","guid":{"rendered":"https:\/\/www.europesays.com\/fr\/80131\/"},"modified":"2025-05-06T20:15:10","modified_gmt":"2025-05-06T20:15:10","slug":"psg-arsenal-jai-ete-tres-chanceux-de-jouer-a-paris-confie-mikel-arteta-le-coach-des-gunners","status":"publish","type":"post","link":"https:\/\/www.europesays.com\/fr\/80131\/","title":{"rendered":"PSG-Arsenal\u00a0: \u00ab\u00a0J\u2019ai \u00e9t\u00e9 tr\u00e8s chanceux de jouer \u00e0 Paris\u00a0\u00bb, confie Mikel Arteta, le coach des Gunners"},"content":{"rendered":"<p class=\"paragraph text_align_left\">L\u2019entra\u00eeneur d\u2019Arsenal, <a href=\"https:\/\/www.leparisien.fr\/sports\/football\/ligue-des-champions\/arsenal-psg-0-1-il-faudra-etre-exceptionnel-a-paris-previent-mikel-arteta-coach-des-gunners-30-04-2025-VZDA3PHNQFFWPJLA3IZZ2NJ72Y.php\" target=\"_blank\" rel=\"nofollow noopener\">Mikel Arteta<\/a>, a la \u00ab\u00a0conviction\u00a0\u00bb que son \u00e9quipe va se qualifier pour la finale de la Ligue des champions, a-t-il dit ce mardi \u00e0 la veille de la demi-finale retour contre le PSG au Parc des Princes.<\/p>\n<p class=\"lp-f-ui-06 bet-widget_legal-notices lp-color-text-muted lp-mb-07\">LES JEUX D&rsquo;ARGENT ET DE HASARD PEUVENT \u00caTRE DANGEREUX : PERTES D&rsquo;ARGENT, CONFLITS FAMILIAUX, ADDICTION\u2026 RETROUVEZ NOS CONSEILS SUR <a href=\"https:\/\/joueurs-info-service.fr\/\" class=\"lp-color-text-muted\" rel=\"nofollow noopener\" target=\"_blank\">JOUEURS-INFO-SERVICE.FR<\/a> (09 74 75 13 13 &#8211; APPEL NON SURTAX\u00c9)<\/p>\n<p class=\"paragraph text_align_left\">\u00ab\u00a0Il y a beaucoup d\u2019enthousiasme, on va jouer dans la plus belle ville du monde contre un magnifique adversaire, on a une grosse occasion de faire un tr\u00e8s beau r\u00e9sultat car on a beaucoup appris du premier match et on sait que cela s\u2019est jou\u00e9 sur des petites diff\u00e9rences\u00a0\u00bb, a d\u00e9clar\u00e9 l\u2019entra\u00eeneur des Gunners mardi devant la presse.<\/p>\n<p class=\"paragraph text_align_left\">\u00ab\u00a0C\u2019est l\u2019un des matchs les plus beaux de ma carri\u00e8re, car nous sommes \u00e0 un match d\u2019une finale\u00a0: arr\u00eatons de parler et commen\u00e7ons \u00e0 jouer, montrons notre meilleure version et gagnons\u00a0\u00bb, a-t-il lanc\u00e9.<\/p>\n<p class=\"paragraph text_align_left\">Son \u00e9quipe devra r\u00e9aliser \u00ab\u00a0ce qu\u2019on a fait pendant la premi\u00e8re manche \u00e0 part les 15 premi\u00e8res minutes, mais en mieux\u00a0: on est tout \u00e0 fait capable, personne ne nous voyait ici donc nous allons \u00e9crire notre histoire\u00a0\u00bb, a insist\u00e9 le technicien.<\/p>\n<p class=\"paragraph text_align_left\">\u00ab\u00a0On va tout faire pour rendre cela possible sur le terrain. On a de la conviction que l\u2019on peut le faire. On a le m\u00eame sentiment que contre Madrid (en quart de finale, ndlr), qu\u2019il y a la possibilit\u00e9 de le faire.\u00a0\u00bb<\/p>\n<p class=\"paragraph text_align_left\">Pour le milieu Declan Rice, \u00ab\u00a0<a href=\"https:\/\/www.leparisien.fr\/sports\/football\/ligue-des-champions\/le-travail-de-luis-enrique-force-ladmiration-samir-nasri-sous-le-charme-du-coach-parisien-avant-psg-arsenal-06-05-2025-BFSIYLIJIZETDE2JZ6QCJIYHO4.php\" target=\"_blank\" rel=\"nofollow noopener\">Luis Enrique<\/a> est tactiquement tr\u00e8s bon, son \u00e9quipe bouge \u00e9norm\u00e9ment, mais une fois qu\u2019on est entr\u00e9 dans le match \u00e0 l\u2019aller, on s\u2019est cr\u00e9\u00e9 des occasions. Il faut que l\u2019on gagne des troph\u00e9es. Il faut croire en nous-m\u00eames, on peut sortir vainqueur de ce match, on a confiance en nous\u00a0\u00bb.<\/p>\n<p class=\"paragraph text_align_left\">Interrog\u00e9 sur la pr\u00e9sence de son co\u00e9quipier dans l\u2019entrejeu Thomas Partey, suspendu \u00e0 l\u2019aller, Declan Rice, a indiqu\u00e9 qu\u2019il amenait du calme\u00a0: \u00ab\u00a0Il est pos\u00e9, il calme toute l\u2019\u00e9quipe, c\u2019est pr\u00e9cieux d\u2019avoir un joueur comme lui, il nous permet d\u2019\u00eatre une meilleure \u00e9quipe, on a besoin d\u2019une grande performance de Thomas, de moi et de tout le monde\u00a0\u00bb.<\/p>\n<p class=\"paragraph text_align_left\">De retour \u00e0 l\u2019entra\u00eenement mardi, le d\u00e9fenseur \u00ab\u00a0Riccardo Calafiori est pr\u00eat et disponible pour demain\u00a0\u00bb. Concernant l\u2019autre d\u00e9fenseur Jurri\u00ebn Timber, \u00ab\u00a0je vais l\u2019\u00e9valuer pour savoir s\u2019il peut commencer le match demain\u00a0\u00bb, a pr\u00e9cis\u00e9 Mikel Arteta.<\/p>\n<p class=\"paragraph text_align_left\">L\u2019entra\u00eeneur des Gunners a par ailleurs confi\u00e9 son plaisir de retrouver le Parc des Princes puisqu\u2019il a port\u00e9 les couleurs du PSG entre\u00a02001 et\u00a02002. \u00ab\u00a0C\u2019est une atmosph\u00e8re incroyable, une \u00e9quipe avec une magnifique histoire. J\u2019ai \u00e9t\u00e9 tr\u00e8s chanceux de jouer 18 mois ici, j\u2019ai de tr\u00e8s bons souvenirs ici et \u00e7a me fait tr\u00e8s plaisir de revenir.\u00a0\u00bb<\/p>\n","protected":false},"excerpt":{"rendered":"L\u2019entra\u00eeneur d\u2019Arsenal, Mikel Arteta, a la \u00ab\u00a0conviction\u00a0\u00bb que son \u00e9quipe va se qualifier pour la finale de la&hellip;\n","protected":false},"author":2,"featured_media":80132,"comment_status":"","ping_status":"","sticky":false,"template":"","format":"standard","meta":{"footnotes":""},"categories":[1888],"tags":[11,1777,674,63,1011,27,447,12,626,25,60],"class_list":{"0":"post-80131","1":"post","2":"type-post","3":"status-publish","4":"format-standard","5":"has-post-thumbnail","7":"category-paris","8":"tag-actualites","9":"tag-eu","10":"tag-europe","11":"tag-football","12":"tag-fr","13":"tag-france","14":"tag-ligue-des-champions","15":"tag-news","16":"tag-paris","17":"tag-republique-francaise","18":"tag-sports"},"share_on_mastodon":{"url":"https:\/\/pubeurope.com\/@fr\/114462728113983478","error":""},"_links":{"self":[{"href":"https:\/\/www.europesays.com\/fr\/wp-json\/wp\/v2\/posts\/80131","targetHints":{"allow":["GET"]}}],"collection":[{"href":"https:\/\/www.europesays.com\/fr\/wp-json\/wp\/v2\/posts"}],"about":[{"href":"https:\/\/www.europesays.com\/fr\/wp-json\/wp\/v2\/types\/post"}],"author":[{"embeddable":true,"href":"https:\/\/www.europesays.com\/fr\/wp-json\/wp\/v2\/users\/2"}],"replies":[{"embeddable":true,"href":"https:\/\/www.europesays.com\/fr\/wp-json\/wp\/v2\/comments?post=80131"}],"version-history":[{"count":0,"href":"https:\/\/www.europesays.com\/fr\/wp-json\/wp\/v2\/posts\/80131\/revisions"}],"wp:featuredmedia":[{"embeddable":true,"href":"https:\/\/www.europesays.com\/fr\/wp-json\/wp\/v2\/media\/80132"}],"wp:attachment":[{"href":"https:\/\/www.europesays.com\/fr\/wp-json\/wp\/v2\/media?parent=80131"}],"wp:term":[{"taxonomy":"category","embeddable":true,"href":"https:\/\/www.europesays.com\/fr\/wp-json\/wp\/v2\/categories?post=80131"},{"taxonomy":"post_tag","embeddable":true,"href":"https:\/\/www.europesays.com\/fr\/wp-json\/wp\/v2\/tags?post=80131"}],"curies":[{"name":"wp","href":"https:\/\/api.w.org\/{rel}","templated":true}]}}