{"id":80137,"date":"2025-05-06T20:18:11","date_gmt":"2025-05-06T20:18:11","guid":{"rendered":"https:\/\/www.europesays.com\/fr\/80137\/"},"modified":"2025-05-06T20:18:11","modified_gmt":"2025-05-06T20:18:11","slug":"jai-commence-a-pleurer-je-les-ai-implores-dorigine-cubaine-heidy-a-ete-expulsee-des-usa-sans-sa-fille-et-son-mari","status":"publish","type":"post","link":"https:\/\/www.europesays.com\/fr\/80137\/","title":{"rendered":"\u00ab\u00a0J&rsquo;ai commenc\u00e9 \u00e0 pleurer, je les ai implor\u00e9s\u00a0\u00bb: d&rsquo;origine cubaine, Heidy a \u00e9t\u00e9 expuls\u00e9e des USA sans sa fille et son mari"},"content":{"rendered":"<p>Aux \u00c9tats-Unis, la Maison-Blanche l&rsquo;annon\u00e7ait fi\u00e8rement il y a quelques jours : en trois mois, l&rsquo;administration de Donald Trump a d\u00e9j\u00e0 expuls\u00e9 plus de 100 000 migrants consid\u00e9r\u00e9s comme ill\u00e9gaux. Et dans certains cas, ces d\u00e9parts sont d\u00e9chirants. C&rsquo;est ce qui s&rsquo;est pass\u00e9 pour une m\u00e8re d&rsquo;origine cubaine, renvoy\u00e9e dans son pays, mais sans son mari ni sa fille de 17 mois.<\/p>\n<p>&#13;<br \/>\n&#13;<\/p>\n<p>Pour Heidy, regarder des vid\u00e9os de sa fille est devenu son quotidien. D\u00e9sormais, elle se retrouve \u00e0 des centaines de kilom\u00e8tres de son enfant. Et pour cause, elle a \u00e9t\u00e9 expuls\u00e9e des \u00c9tats-Unis vers Cuba il y a quelques jours par les agents de l&rsquo;immigration am\u00e9ricaine en Floride.<\/p>\n<p>\u00ab\u00a0Ils m&rsquo;ont dit d&rsquo;appeler mon mari, que notre fille devait rester et que moi, je serais expuls\u00e9e. Alors j&rsquo;ai commenc\u00e9 \u00e0 pleurer, je les ai implor\u00e9s. Ma fille est devenue nerveuse, elle a commenc\u00e9 \u00e0 demander du lait et je leur ai dit : &lsquo;Regardez, elle ne demande qu&rsquo;\u00e0 t\u00e9ter&rsquo;. Mais \u00e7a ne leur faisait rien\u00a0\u00bb, raconte-t-elle.<\/p>\n<p>&#13;<br \/>\n&#13;<\/p>\n<p>&#13;<br \/>\n&#13;<\/p>\n<p>Cette maman de 44 ans est d&rsquo;origine cubaine. Elle a v\u00e9cu pendant six ans aux \u00c9tats-Unis. En 2019, elle fait l&rsquo;objet d&rsquo;un ordre d&rsquo;expulsion apr\u00e8s avoir manqu\u00e9 une audience d&rsquo;immigration.<\/p>\n<p>    \u00c0 lire aussi<\/p>\n<p>  <img decoding=\"async\" class=\"r-img\"  typeof=\"foaf:Image\" src=\"https:\/\/www.europesays.com\/fr\/wp-content\/uploads\/2025\/05\/nald.jpg\" alt=\"nald\"\/><br \/>\n      <a href=\"https:\/\/www.rtl.be\/actu\/monde\/international\/le-canada-bientot-un-etat-americain-trump-assure-au-nouveau-premier-ministre-que\/2025-05-06\/article\/748756\" class=\"r-stories--link\" target=\"_blank\" rel=\"noopener\">Le Canada bient\u00f4t un \u00e9tat am\u00e9ricain? Trump assure au nouveau Premier ministre que ce serait \u00ab\u00a0bien mieux\u00a0\u00bb<\/a><\/p>\n<p>Sa fille, n\u00e9e en Floride, est aujourd&rsquo;hui aux \u00c9tats-Unis avec son p\u00e8re qui, tout comme elle, est citoyen am\u00e9ricain. \u00ab\u00a0Je leur ai dit : ne me prenez pas ma fille. On ne m&rsquo;a jamais dit si je pouvais l&#8217;emmener avec moi ou non\u00a0\u00bb, s&rsquo;indigne-t-elle.<\/p>\n<p>D&rsquo;apr\u00e8s le d\u00e9partement de la s\u00e9curit\u00e9 int\u00e9rieure, les parents peuvent toujours d\u00e9cider si leurs enfants sont expuls\u00e9s avec eux ou laiss\u00e9s \u00e0 des proches. Une version contredite par l&rsquo;avocate de Heidy. \u00ab\u00a0On lui a dit qu&rsquo;elle devait appeler son mari et lui demander de venir chercher le b\u00e9b\u00e9. Il n&rsquo;y avait pas d&rsquo;option du type &lsquo;Je veux emmener mon b\u00e9b\u00e9, est-ce que je peux ?'\u00a0\u00bb, explique l&rsquo;avocate.<\/p>\n<p>En Floride, Heidy travaillait comme aide-soignante et n&rsquo;avait aucun casier judiciaire. Une image bien diff\u00e9rente des migrants sans papiers dangereux que l&rsquo;administration Trump veut expulser. Heidy vit maintenant chez des proches en p\u00e9riph\u00e9rie de La Havane.<\/p>\n<p>&#13;<br \/>\n&#13;<\/p>\n<p>&#13;<br \/>\n&#13;<\/p>\n<p><a class=\"r-btn r-btn--tag\" href=\"https:\/\/www.rtl.be\/1302\/free-tags\/usa\" title=\"usa\" target=\"_blank\" rel=\"noopener\">usa<\/a><br \/>\n<a class=\"r-btn r-btn--tag\" href=\"https:\/\/www.rtl.be\/3222\/free-tags\/donald-trump\" title=\"donald trump\" target=\"_blank\" rel=\"noopener\">donald trump<\/a><br \/>\n<a class=\"r-btn r-btn--tag\" href=\"https:\/\/www.rtl.be\/15930\/free-tags\/cube\" title=\"Cube\" target=\"_blank\" rel=\"noopener\">Cube<\/a><br \/>\n<a class=\"r-btn r-btn--tag\" href=\"https:\/\/www.rtl.be\/5188\/free-tags\/migrants\" title=\"migrants\" target=\"_blank\" rel=\"noopener\">migrants<\/a><\/p>\n","protected":false},"excerpt":{"rendered":"Aux \u00c9tats-Unis, la Maison-Blanche l&rsquo;annon\u00e7ait fi\u00e8rement il y a quelques jours : en trois mois, l&rsquo;administration de Donald&hellip;\n","protected":false},"author":2,"featured_media":80138,"comment_status":"","ping_status":"","sticky":false,"template":"","format":"standard","meta":{"footnotes":""},"categories":[1589],"tags":[11,13619,75,73,1866,1251,12,1864,1865,1863,308],"class_list":{"0":"post-80137","1":"post","2":"type-post","3":"status-publish","4":"format-standard","5":"has-post-thumbnail","7":"category-etats-unis","8":"tag-actualites","9":"tag-cube","10":"tag-donald-trump","11":"tag-etats-unis","12":"tag-etats-unis-damerique","13":"tag-migrants","14":"tag-news","15":"tag-united-states","16":"tag-united-states-of-america","17":"tag-us","18":"tag-usa"},"share_on_mastodon":{"url":"https:\/\/pubeurope.com\/@fr\/114462739982024502","error":""},"_links":{"self":[{"href":"https:\/\/www.europesays.com\/fr\/wp-json\/wp\/v2\/posts\/80137","targetHints":{"allow":["GET"]}}],"collection":[{"href":"https:\/\/www.europesays.com\/fr\/wp-json\/wp\/v2\/posts"}],"about":[{"href":"https:\/\/www.europesays.com\/fr\/wp-json\/wp\/v2\/types\/post"}],"author":[{"embeddable":true,"href":"https:\/\/www.europesays.com\/fr\/wp-json\/wp\/v2\/users\/2"}],"replies":[{"embeddable":true,"href":"https:\/\/www.europesays.com\/fr\/wp-json\/wp\/v2\/comments?post=80137"}],"version-history":[{"count":0,"href":"https:\/\/www.europesays.com\/fr\/wp-json\/wp\/v2\/posts\/80137\/revisions"}],"wp:featuredmedia":[{"embeddable":true,"href":"https:\/\/www.europesays.com\/fr\/wp-json\/wp\/v2\/media\/80138"}],"wp:attachment":[{"href":"https:\/\/www.europesays.com\/fr\/wp-json\/wp\/v2\/media?parent=80137"}],"wp:term":[{"taxonomy":"category","embeddable":true,"href":"https:\/\/www.europesays.com\/fr\/wp-json\/wp\/v2\/categories?post=80137"},{"taxonomy":"post_tag","embeddable":true,"href":"https:\/\/www.europesays.com\/fr\/wp-json\/wp\/v2\/tags?post=80137"}],"curies":[{"name":"wp","href":"https:\/\/api.w.org\/{rel}","templated":true}]}}