{"id":80141,"date":"2025-05-06T20:20:09","date_gmt":"2025-05-06T20:20:09","guid":{"rendered":"https:\/\/www.europesays.com\/fr\/80141\/"},"modified":"2025-05-06T20:20:09","modified_gmt":"2025-05-06T20:20:09","slug":"un-suspect-dans-lexfiltration-de-mohamed-amra-rapatrie-par-lallemagne-en-france","status":"publish","type":"post","link":"https:\/\/www.europesays.com\/fr\/80141\/","title":{"rendered":"Un suspect dans l\u2019exfiltration de Mohamed Amra rapatri\u00e9 par l\u2019Allemagne en France"},"content":{"rendered":"<p>JUSTICE &#8211; Retour dans l\u2019Hexagone. Un homme, qui avait \u00e9t\u00e9 arr\u00eat\u00e9 en Allemagne et qui est soup\u00e7onn\u00e9 d\u2019\u00eatre impliqu\u00e9 dans la <a href=\"https:\/\/fr.news.yahoo.com\/narcotrafiquant-mohamed-amra-mis-examen-213441978.html\" data-ylk=\"slk:cavale du narcotrafiquant Mohamed Amra;elm:context_link;itc:0;sec:content-canvas;outcm:mb_qualified_link;_E:mb_qualified_link;ct:story;\" class=\"link  yahoo-link\" rel=\"nofollow noopener\" target=\"_blank\">cavale du narcotrafiquant Mohamed Amra<\/a> vers la Roumanie, a \u00e9t\u00e9 remis \u00e0 la France apr\u00e8s son atterrissage \u00e0 l\u2019a\u00e9roport Roissy-Charles-de-Gaulle ce mardi 6\u00a0avril, a indiqu\u00e9 le parquet de Paris.<\/p>\n<p>Le suspect doit \u00eatre pr\u00e9sent\u00e9 \u00e0 un juge d\u2019instruction de la Juridiction nationale de lutte contre la criminalit\u00e9 organis\u00e9e (Junalco) en vue de sa mise en examen, a pr\u00e9cis\u00e9 le parquet, qui confirmait des informations de la radio <a href=\"https:\/\/www.rtl.fr\/actu\/justice-faits-divers\/info-rtl-mohamed-amra-le-logeur-et-coorganisateur-de-sa-fuite-en-roumanie-rapatrie-en-france-7900502071\" rel=\"nofollow noopener\" target=\"_blank\" data-ylk=\"slk:RTL;elm:context_link;itc:0;sec:content-canvas\" class=\"link \">RTL<\/a>. Lors de l\u2019\u00e9vasion de Mohamed Amra, dit \u00ab\u00a0La Mouche\u00a0\u00bb, le 14\u00a0mai\u00a02024, deux agents p\u00e9nitentiaires avaient \u00e9t\u00e9 tu\u00e9s et trois autres bless\u00e9s par un <a href=\"https:\/\/fr.news.yahoo.com\/%C3%A9vasion-mohamed-amra-ab%C3%A9-membre-102642488.html\" data-ylk=\"slk:commando au p\u00e9age d\u2019Incarville;elm:context_link;itc:0;sec:content-canvas;outcm:mb_qualified_link;_E:mb_qualified_link;ct:story;\" class=\"link  yahoo-link\" rel=\"nofollow noopener\" target=\"_blank\">commando au p\u00e9age d\u2019Incarville<\/a>, dans le d\u00e9partement de l\u2019Eure. Lan\u00e7ant alors une cavale de pr\u00e8s de neuf mois pour le fugitif, avant son interpellation le 22\u00a0f\u00e9vrier \u00e0 Bucarest. <a href=\"https:\/\/fr.news.yahoo.com\/mohamed-amra-route-france-apr%C3%A8s-150616185.html\" data-ylk=\"slk:Remis aux autorit\u00e9s fran\u00e7aises quelques jours plus tard;elm:context_link;itc:0;sec:content-canvas;outcm:mb_qualified_link;_E:mb_qualified_link;ct:story;\" class=\"link  yahoo-link\" rel=\"nofollow noopener\" target=\"_blank\">Remis aux autorit\u00e9s fran\u00e7aises quelques jours plus tard<\/a>, il avait \u00e9t\u00e9 mis en examen et incarc\u00e9r\u00e9 \u00e0 l\u2019isolement.<\/p>\n<p><a href=\"https:\/\/fr.news.yahoo.com\/l-affaire-mohamed-amra-complice-202314005.html\" data-ylk=\"slk:Dans l\u2019affaire Mohamed Amra, un complice pr\u00e9sum\u00e9 du narcotrafiquant interpell\u00e9 en Tha\u00eflande;elm:context_link;itc:0;sec:content-canvas;outcm:mb_qualified_link;_E:mb_qualified_link;ct:story;\" class=\"link  yahoo-link\" rel=\"nofollow noopener\" target=\"_blank\"> Dans l\u2019affaire Mohamed Amra, un complice pr\u00e9sum\u00e9 du narcotrafiquant interpell\u00e9 en Tha\u00eflande <\/a><\/p>\n<p>Avec ce nouveau suspect remis \u00e0 la France ce mardi, le nombre de protagonistes mis en cause dans cette affaire grimpe d\u00e9sormais \u00e0 36, au moins. Car deux autres suspects, arr\u00eat\u00e9s au Maroc, sont toujours en attente d\u2019extradition. Au total, 35 personnes, dont Mohamed Amra mais aussi <a href=\"https:\/\/fr.news.yahoo.com\/rappeur-koba-lad-mis-examen-185235105.html\" data-ylk=\"slk:le rappeur Koba LaD;elm:context_link;itc:0;sec:content-canvas;outcm:mb_qualified_link;_E:mb_qualified_link;ct:story;\" class=\"link  yahoo-link\" rel=\"nofollow noopener\" target=\"_blank\">le rappeur Koba LaD<\/a>, ont d\u00e9j\u00e0 \u00e9t\u00e9 mises en examen dans ce dossier.<\/p>\n<p>Escorte \u00e0 travers l\u2019Allemagne, l\u2019Autriche et la Slovaquie<\/p>\n<p>Concernant les suspects en Allemagne, deux personnes \u00ab\u00a0d\u00e9sign\u00e9es par les autorit\u00e9s roumaines comme ayant accompagn\u00e9 Mohamed Amra dans son p\u00e9riple vers la Roumanie\u00a0\u00bb avaient \u00e9t\u00e9 arr\u00eat\u00e9es en Allemagne, selon le parquet de Paris. Mais ce mardi, le minist\u00e8re public n\u2019a pas fourni de pr\u00e9cision sur la deuxi\u00e8me personne interpell\u00e9e.<\/p>\n<p>D\u2019apr\u00e8s RTL, l\u2019homme remis mardi \u00e0 la France, Oltjon O., a \u00ab\u00a0coorganis\u00e9\u00a0\u00bb la fuite de Mohamed Amra depuis la France vers la Roumanie en voiture, \u00ab\u00a0passant par l\u2019Allemagne, l\u2019Autriche, la Slovaquie\u00a0\u00bb. Pr\u00e9textant alors une exfiltration sous couvert d\u2019un d\u00e9placement professionnel avec sa femme et son fils. Toujours d\u2019apr\u00e8s la radio, il a \u00ab\u00a0escort\u00e9\u00a0\u00bb la voiture qui transportait Mohamed Amra et \u00ab\u00a0r\u00e9serv\u00e9 la derni\u00e8re planque du fugitif\u00a0\u00bb \u00e0 Bucarest.<\/p>\n<p>Son arrestation en Allemagne avait eu lieu le 20\u00a0mars dernier. RTL expliquant que Oltjon O. et sa compagne avaient tent\u00e9 d\u2019effacer les traces de leur passage en Roumanie apr\u00e8s l\u2019annonce de l\u2019arrestation de Mohamed Amra. Tentant alors de se r\u00e9fugier en Allemagne, c\u2019est l\u00e0 que le suspect remis \u00e0 la France avait \u00e9t\u00e9 arr\u00eat\u00e9.<\/p>\n<p><strong>\u00c0 voir \u00e9galement sur Le HuffPost\u00a0: <\/strong><\/p>\n<p><a href=\"https:\/\/fr.news.yahoo.com\/mohamed-amra-arr%C3%AAt%C3%A9-roumanie-apr%C3%A8s-153321166.html\" data-ylk=\"slk:Mohamed Amra arr\u00eat\u00e9 en Roumanie apr\u00e8s 284\u00a0jours de cavale;elm:context_link;itc:0;sec:content-canvas;outcm:mb_qualified_link;_E:mb_qualified_link;ct:story;\" class=\"link  yahoo-link\" rel=\"nofollow noopener\" target=\"_blank\"> Mohamed Amra arr\u00eat\u00e9 en Roumanie apr\u00e8s 284\u00a0jours de cavale <\/a><\/p>\n<p><a href=\"https:\/\/fr.news.yahoo.com\/g%C3%A9rald-darmanin-d%C3%A9taille-projet-prison-192941119.html\" data-ylk=\"slk:G\u00e9rald Darmanin d\u00e9taille son projet de \u00ab\u00a0prison haute s\u00e9curit\u00e9\u00a0\u00bb r\u00e9serv\u00e9e aux narcotrafiquants;elm:context_link;itc:0;sec:content-canvas;outcm:mb_qualified_link;_E:mb_qualified_link;ct:story;\" class=\"link  yahoo-link\" rel=\"nofollow noopener\" target=\"_blank\"> G\u00e9rald Darmanin d\u00e9taille son projet de \u00ab\u00a0prison haute s\u00e9curit\u00e9\u00a0\u00bb r\u00e9serv\u00e9e aux narcotrafiquants <\/a><\/p>\n","protected":false},"excerpt":{"rendered":"JUSTICE &#8211; Retour dans l\u2019Hexagone. Un homme, qui avait \u00e9t\u00e9 arr\u00eat\u00e9 en Allemagne et qui est soup\u00e7onn\u00e9 d\u2019\u00eatre&hellip;\n","protected":false},"author":2,"featured_media":80142,"comment_status":"","ping_status":"","sticky":false,"template":"","format":"standard","meta":{"footnotes":""},"categories":[1587],"tags":[11,672,1804,1805,18721,1803,1777,674,1801,5117,805,12,10857,1802,4868],"class_list":{"0":"post-80141","1":"post","2":"type-post","3":"status-publish","4":"format-standard","5":"has-post-thumbnail","7":"category-allemagne","8":"tag-actualites","9":"tag-allemagne","10":"tag-bundesrepublik-deutschland","11":"tag-de","12":"tag-departement-de-leure","13":"tag-deutschland","14":"tag-eu","15":"tag-europe","16":"tag-germany","17":"tag-mise-en-examen","18":"tag-mohamed-amra","19":"tag-news","20":"tag-parquet-de-paris","21":"tag-republique-federale-dallemagne","22":"tag-roumanie"},"share_on_mastodon":{"url":"https:\/\/pubeurope.com\/@fr\/114462747757120536","error":""},"_links":{"self":[{"href":"https:\/\/www.europesays.com\/fr\/wp-json\/wp\/v2\/posts\/80141","targetHints":{"allow":["GET"]}}],"collection":[{"href":"https:\/\/www.europesays.com\/fr\/wp-json\/wp\/v2\/posts"}],"about":[{"href":"https:\/\/www.europesays.com\/fr\/wp-json\/wp\/v2\/types\/post"}],"author":[{"embeddable":true,"href":"https:\/\/www.europesays.com\/fr\/wp-json\/wp\/v2\/users\/2"}],"replies":[{"embeddable":true,"href":"https:\/\/www.europesays.com\/fr\/wp-json\/wp\/v2\/comments?post=80141"}],"version-history":[{"count":0,"href":"https:\/\/www.europesays.com\/fr\/wp-json\/wp\/v2\/posts\/80141\/revisions"}],"wp:featuredmedia":[{"embeddable":true,"href":"https:\/\/www.europesays.com\/fr\/wp-json\/wp\/v2\/media\/80142"}],"wp:attachment":[{"href":"https:\/\/www.europesays.com\/fr\/wp-json\/wp\/v2\/media?parent=80141"}],"wp:term":[{"taxonomy":"category","embeddable":true,"href":"https:\/\/www.europesays.com\/fr\/wp-json\/wp\/v2\/categories?post=80141"},{"taxonomy":"post_tag","embeddable":true,"href":"https:\/\/www.europesays.com\/fr\/wp-json\/wp\/v2\/tags?post=80141"}],"curies":[{"name":"wp","href":"https:\/\/api.w.org\/{rel}","templated":true}]}}