{"id":80151,"date":"2025-05-06T20:25:10","date_gmt":"2025-05-06T20:25:10","guid":{"rendered":"https:\/\/www.europesays.com\/fr\/80151\/"},"modified":"2025-05-06T20:25:10","modified_gmt":"2025-05-06T20:25:10","slug":"evasion-de-mohamed-amra-lallemagne-remet-a-la-france-un-nouveau-suspect","status":"publish","type":"post","link":"https:\/\/www.europesays.com\/fr\/80151\/","title":{"rendered":"\u00c9vasion de Mohamed Amra : l&rsquo;Allemagne remet \u00e0 la France un nouveau suspect"},"content":{"rendered":"<p>Un homme soup\u00e7onn\u00e9 d&rsquo;avoir aid\u00e9 Mohamed Amra \u00e0 fuir vers la Roumanie a \u00e9t\u00e9 remis \u00e0 la France ce mardi.C&rsquo;est la 36\u1d49 personne mise en cause dans cette affaire.<\/p>\n<p data-module=\"article-paragraph\" class=\"jsx-362436225 Paragraph Paragraph__End\">La traque continue. Un homme, qui avait \u00e9t\u00e9 arr\u00eat\u00e9 en Allemagne et qui est soup\u00e7onn\u00e9 d&rsquo;\u00eatre impliqu\u00e9 dans la cavale du narcotrafiquant Mohamed Amra vers la Roumanie, a \u00e9t\u00e9 remis \u00e0 la France ce mardi 7 mai, a indiqu\u00e9 le parquet de Paris. Le suspect doit \u00eatre pr\u00e9sent\u00e9 \u00e0 un juge d&rsquo;instruction de la Juridiction nationale de lutte contre la criminalit\u00e9 organis\u00e9e (Junalco) en vue de sa mise en examen, a pr\u00e9cis\u00e9 le parquet, confirmant des informations de <a href=\"https:\/\/www.rtl.fr\/actu\/justice-faits-divers\/info-rtl-mohamed-amra-le-logeur-et-coorganisateur-de-sa-fuite-en-roumanie-rapatrie-en-france-7900502071\" target=\"_blank\" rel=\"nofollow noopener\">RTL (nouvelle fen\u00eatre)<\/a>.<\/p>\n<p>Plusieurs suspects toujours en attente d&rsquo;extradition<\/p>\n<p data-module=\"article-paragraph\" class=\"jsx-362436225 Paragraph\">Lors de l&rsquo;\u00e9vasion du d\u00e9tenu Mohamed Amra <a href=\"https:\/\/www.tf1info.fr\/justice-faits-divers\/attaque-d-un-fourgon-penitentiaire-dans-l-eure-l-hommage-du-village-d-incarville-aux-deux-agents-tues-2299604.html\" rel=\"nofollow noopener\" target=\"_blank\">au p\u00e9age d&rsquo;Incarville<\/a> (Eure) le 14 mai 2024, deux agents p\u00e9nitentiaires avaient \u00e9t\u00e9 tu\u00e9s par un commando et trois autres bless\u00e9s. Apr\u00e8s neuf mois de cavale, Mohamed Amra avait \u00e9t\u00e9 interpell\u00e9 \u00e0 Bucarest le 22 f\u00e9vrier, remis \u00e0 la France les jours suivants, puis mis en examen et <a href=\"https:\/\/www.tf1info.fr\/justice-faits-divers\/miradors-mur-d-enceinte-ce-que-l-on-sait-de-la-prison-ultrasecurisee-de-conde-sur-sarthe-ou-est-incarcere-mohamed-amra-2356267.html\" rel=\"nofollow noopener\" target=\"_blank\">incarc\u00e9r\u00e9 \u00e0 l&rsquo;isolement<\/a>.<\/p>\n<p data-module=\"article-paragraph\" class=\"jsx-362436225 Paragraph Paragraph__End\">Le suspect remis mardi \u00e0 la France fait monter \u00e0, au moins, 36 le nombre de suspects mis en cause dans cette affaire tentaculaire. Quelque 35 personnes, dont Mohamed Amra mais aussi <a href=\"https:\/\/www.tf1info.fr\/culture\/evasion-de-narcotraficant-mohamed-amra-pourquoi-le-rappeur-koba-lad-a-t-il-ete-interpelle-garde-a-vue-2361322.html\" rel=\"nofollow noopener\" target=\"_blank\">le rappeur Koba LaD<\/a>, ont d\u00e9j\u00e0 \u00e9t\u00e9 mises en examen dans ce dossier.<\/p>\n<p data-module=\"article-paragraph\" class=\"jsx-362436225 Paragraph Paragraph__End\">Concernant les suspects en Allemagne, deux personnes \u00ab\u00a0d\u00e9sign\u00e9es par les autorit\u00e9s roumaines comme ayant accompagn\u00e9 Mohamed Amra dans son p\u00e9riple vers la Roumanie\u00a0\u00bb avaient \u00e9t\u00e9 arr\u00eat\u00e9es outre-Rhin, selon le parquet de Paris. Deux autres suspects, arr\u00eat\u00e9s au Maroc, sont toujours en attente d&rsquo;extradition.<\/p>\n<p>I.N avec AFP<\/p>\n","protected":false},"excerpt":{"rendered":"Un homme soup\u00e7onn\u00e9 d&rsquo;avoir aid\u00e9 Mohamed Amra \u00e0 fuir vers la Roumanie a \u00e9t\u00e9 remis \u00e0 la France&hellip;\n","protected":false},"author":2,"featured_media":80152,"comment_status":"","ping_status":"","sticky":false,"template":"","format":"standard","meta":{"footnotes":""},"categories":[4],"tags":[1111,11,672,1921,1011,27,1922,303,2954,18722,12,25,133,2953],"class_list":{"0":"post-80151","1":"post","2":"type-post","3":"status-publish","4":"format-standard","5":"has-post-thumbnail","7":"category-france","8":"tag-actu","9":"tag-actualites","10":"tag-allemagne","11":"tag-article-video","12":"tag-fr","13":"tag-france","14":"tag-info","15":"tag-justice","16":"tag-justice-et-faits-divers","17":"tag-mohamed-amra-arrete-apres-9-mois-de-cavale","18":"tag-news","19":"tag-republique-francaise","20":"tag-video","21":"tag-video-police"},"share_on_mastodon":{"url":"https:\/\/pubeurope.com\/@fr\/114462767401248424","error":""},"_links":{"self":[{"href":"https:\/\/www.europesays.com\/fr\/wp-json\/wp\/v2\/posts\/80151","targetHints":{"allow":["GET"]}}],"collection":[{"href":"https:\/\/www.europesays.com\/fr\/wp-json\/wp\/v2\/posts"}],"about":[{"href":"https:\/\/www.europesays.com\/fr\/wp-json\/wp\/v2\/types\/post"}],"author":[{"embeddable":true,"href":"https:\/\/www.europesays.com\/fr\/wp-json\/wp\/v2\/users\/2"}],"replies":[{"embeddable":true,"href":"https:\/\/www.europesays.com\/fr\/wp-json\/wp\/v2\/comments?post=80151"}],"version-history":[{"count":0,"href":"https:\/\/www.europesays.com\/fr\/wp-json\/wp\/v2\/posts\/80151\/revisions"}],"wp:featuredmedia":[{"embeddable":true,"href":"https:\/\/www.europesays.com\/fr\/wp-json\/wp\/v2\/media\/80152"}],"wp:attachment":[{"href":"https:\/\/www.europesays.com\/fr\/wp-json\/wp\/v2\/media?parent=80151"}],"wp:term":[{"taxonomy":"category","embeddable":true,"href":"https:\/\/www.europesays.com\/fr\/wp-json\/wp\/v2\/categories?post=80151"},{"taxonomy":"post_tag","embeddable":true,"href":"https:\/\/www.europesays.com\/fr\/wp-json\/wp\/v2\/tags?post=80151"}],"curies":[{"name":"wp","href":"https:\/\/api.w.org\/{rel}","templated":true}]}}