{"id":80173,"date":"2025-05-06T20:38:08","date_gmt":"2025-05-06T20:38:08","guid":{"rendered":"https:\/\/www.europesays.com\/fr\/80173\/"},"modified":"2025-05-06T20:38:08","modified_gmt":"2025-05-06T20:38:08","slug":"laurent-ruquier-prend-part-au-desaccord-entre-baffie-et-ardisson","status":"publish","type":"post","link":"https:\/\/www.europesays.com\/fr\/80173\/","title":{"rendered":"Laurent Ruquier prend part au d\u00e9saccord entre Baffie et Ardisson"},"content":{"rendered":"<p><strong>VID\u00c9O<\/strong> &#8211; Des excuses qui font parler. Apr\u00e8s le mea culpa de Laurent Baffie sur certaines blagues de l\u2019\u00e9poque de \u00abTout le monde en parle\u00bb et le dissentiment de l\u2019homme en noir, c\u2019est au tour du soci\u00e9taire des \u00abGrosses T\u00eates\u00bb de partager son avis sur la pol\u00e9mique.<\/p>\n<p class=\"fig-paragraph\">Des excuses qui ne font pas l\u2019unanimit\u00e9. Derni\u00e8rement, il y avait de l\u2019eau dans le gaz entre\u00a0<a href=\"http:\/\/tvmag.lefigaro.fr\/programme-tv\/people\/quelle-epoque-quand-laurent-baffie-compare-francois-a-un-blobfish-20250413\" target=\"_blank\" data-fig-type=\"Article\" rel=\"noopener\" data-gtm-custom-categorie=\"navigation\" data-gtm-custom-action=\"crossclick\" data-gtm-custom-label=\"Contextuel\" data-gtm-event=\"customEventSPE\" data-fig-domain=\"TVMAG\">Laurent Baffie<\/a>\u00a0et Thierry Ardisson. En effet, le sniper qui agissait entre autres dans \u00abTout le monde en parle\u00bb a fait son mea culpa dans \u00abQuelle \u00e9poque\u00a0!\u00bb regrettant\u00a0<a href=\"http:\/\/tvmag.lefigaro.fr\/programme-tv\/actu-tele\/on-etait-sexiste-machiste-et-con-laurent-baffie-regrette-les-vannes-avec-les-petites-chanteuses-chez-ardisson-20250414\" target=\"_blank\" data-fig-type=\"Article\" rel=\"noopener\" data-gtm-custom-categorie=\"navigation\" data-gtm-custom-action=\"crossclick\" data-gtm-custom-label=\"Contextuel\" data-gtm-event=\"customEventSPE\" data-fig-domain=\"TVMAG\">certaines blagues<\/a>. \u00abOn avait un num\u00e9ro de duettistes tous les deux et on n\u2019\u00e9tait pas tr\u00e8s fins, parfois. Et puis c\u2019\u00e9tait une autre \u00e9poque, on se permettait des choses\u2026 C\u2019\u00e9tait le reflet d\u2019une \u00e9poque o\u00f9 on \u00e9tait plus sexiste, machiste et con\u00a0\u00bb, avait d\u00e9clar\u00e9 Laurent Baffie \u00e0 L\u00e9a Salam\u00e9.<\/p>\n<p class=\"fig-paragraph\">Des excuses qui n\u2019\u00e9taient pas au go\u00fbt de Thierry Ardisson qui avait r\u00e9agi \u00e0 l\u2019occasion du 30e anniversaire de l\u2019\u00e9mission \u00abParis Derni\u00e8res\u00bb. \u00abS\u2019il \u00e9tait con et machiste, c\u2019est son probl\u00e8me. Mais il n\u2019a pas \u00e0 m\u2019embarquer l\u00e0-dedans\u00bb, a-t-il assur\u00e9 dans un entretien qu\u2019il nous a accord\u00e9. Quelques semaines apr\u00e8s cette mise au point, Laurent Baffie, invit\u00e9 de \u00abC \u00e0 vous\u00bb a tenu \u00e0 r\u00e9tablir le contexte dans lequel ses propos ont \u00e9t\u00e9 tenus.<\/p>\n<p class=\"fig-body-link\">\n            \u00c0 lire aussi<br \/>\n        <a class=\"fig-body-link__link\" href=\"http:\/\/tvmag.lefigaro.fr\/programme-tv\/actu-tele\/s-il-etait-con-et-machiste-c-est-son-probleme-thierry-ardisson-en-desaccord-avec-les-excuses-de-laurent-baffie-20250416\" target=\"_blank\" data-fig-type=\"Article\" rel=\"noopener\" data-gtm-custom-categorie=\"navigation\" data-gtm-custom-action=\"crossclick\" data-gtm-custom-label=\"Contextuel\" data-gtm-event=\"customEventSPE\" data-fig-domain=\"TVMAG\">\u00abS\u2019il \u00e9tait con et machiste, c\u2019est son probl\u00e8me\u00bb\u00a0: Thierry Ardisson en d\u00e9saccord avec les excuses de Laurent Baffie<br \/>\n    <\/a>\n<\/p>\n<p class=\"fig-paragraph\">\u00abJ\u2019ai dit \u201con\u201d mais c\u2019\u00e9tait un \u201con\u201d g\u00e9n\u00e9rique. Je ne le mettais pas dedans, je ne parlais pas de Thierry et moi. Et je ne crache pas dans la soupe, d\u2019autant plus que j\u2019ai eu la chance d\u2019inventer un m\u00e9tier, de le faire, d\u2019\u00eatre bien pay\u00e9 pour dire des conneries. C\u2019est la meilleure soupe que j\u2019ai mang\u00e9e de ma vie \u00e0 la t\u00e9l\u00e9vision\u00bb, a-t-il tenu \u00e0 pr\u00e9ciser alors qu\u2019Anne-Elisabeth Lemoine pr\u00e9cisait que Thierry Ardisson serait pr\u00e9sent sur le plateau le lendemain pour la sortie de son livre L\u2019homme en noir.<\/p>\n<p>\u00abC\u2019est \u00e9norme\u00a0!\u00bb<\/p>\n<p class=\"fig-paragraph\">Ouvrage que Laurent Baffie tenait justement entre ses mains ce mardi autour de la table de \u00abC \u00e0 vous\u00bb. \u00abJe l\u2019ai lu d\u2019une traite, c\u2019est un bouquin formidable\u00bb, a-t-il amorc\u00e9 alors que Laurent Ruquier, invit\u00e9 \u00e0 ses c\u00f4t\u00e9s \u00e9galement pour la sortie de son livre Ruquier, vies secr\u00e8tes \u00e9crit par Marcela Lacub, l\u2019a apostroph\u00e9\u00a0: \u00abArr\u00eate de faire de la pub pour le bouquin d\u2019Ardisson. Il est l\u00e0 demain. Vu toutes les m\u00e9chancet\u00e9s qu\u2019il dit sur toi, t\u2019es vraiment&#8230;\u00bb<\/p>\n<p class=\"fig-paragraph\">D\u00e9cid\u00e9 \u00e0 ne pas se laisser d\u00e9contenancer par l\u2019intervention de son confr\u00e8re, Laurent Baffie a poursuivi\u00a0: \u00abJe termine. Thierry a boss\u00e9 pendant un an sur son bouquin qui est g\u00e9nial et il me dit\u00a0: \u201cJe fais de la promo mais on me parle que de toi. T\u2019es en train de me niquer la promo\u201d. Alors voil\u00e0. [&#8230;] Je voulais rectifier \u00e7a et je dis \u00e0 Thierry\u00a0: \u201cJe te prie de bien vouloir m\u2019excuser\u201d.\u00bb Abasourdi par ces propos, Laurent Ruquier n\u2019a pu s\u2019emp\u00eacher d\u2019intervenir. \u00abC\u2019est vrai que lui n\u2019a jamais rien dit de mal sur personne. [&#8230;] Non mais franchement, c\u2019est \u00e9norme\u00bb, a d\u00e9clar\u00e9 le pr\u00e9sentateur des \u00abGrosses T\u00eates\u00bb tandis que son confr\u00e8re a r\u00e9torqu\u00e9\u00a0: \u00abJe vais vous r\u00e9concilier.\u00bb\u00a0<\/p>\n<p class=\"fig-paragraph\">\u00abC\u2019est vrai, c\u2019est \u00e9norme que tu t\u2019excuses aupr\u00e8s de Thierry qui est le premier \u00e0 balancer des m\u00e9chancet\u00e9s sur toi, sur moi, sur tout le monde et sur tous les gens avec qui il a travaill\u00e9. T\u2019es bien gentil, bien plus gentil qu\u2019on l\u2019imagine tu vois. [&#8230;] On a tous du respect pour Thierry Ardisson mais ce qui est dr\u00f4le c\u2019est qu\u2019il en veuille parce qu\u2019on aurait dit un truc dans la presse alors qu\u2019il ne fait que \u00e7a\u00bb, a tranch\u00e9 Laurent Ruquier, visiblement un tantinet remont\u00e9 contre \u00abl\u2019homme en noir\u00bb. Ne voulant pas rajouter de l\u2019huile sur le feu, Laurent Baffie a simplement clos le d\u00e9bat par une phrase\u00a0: \u00abThierry, je t\u2019aime\u00bb.<\/p>\n","protected":false},"excerpt":{"rendered":"VID\u00c9O &#8211; Des excuses qui font parler. Apr\u00e8s le mea culpa de Laurent Baffie sur certaines blagues de&hellip;\n","protected":false},"author":2,"featured_media":80174,"comment_status":"","ping_status":"","sticky":false,"template":"","format":"standard","meta":{"footnotes":""},"categories":[1356],"tags":[497,496,499,58,59,1011,27,7547,1759,500,504,505,495,503,502,501,252,10058,1364,498],"class_list":{"0":"post-80173","1":"post","2":"type-post","3":"status-publish","4":"format-standard","5":"has-post-thumbnail","7":"category-television","8":"tag-actu-tv","9":"tag-actualite-tv","10":"tag-buzz-tv","11":"tag-divertissement","12":"tag-entertainment","13":"tag-fr","14":"tag-france","15":"tag-laurent-baffie","16":"tag-laurent-ruquier","17":"tag-medias","18":"tag-news-tele","19":"tag-news-television","20":"tag-news-tv","21":"tag-programme-tele","22":"tag-programme-tv","23":"tag-quiz-tv","24":"tag-television","25":"tag-thierry-ardisson","26":"tag-tv","27":"tag-tv-actu"},"share_on_mastodon":{"url":"https:\/\/pubeurope.com\/@fr\/114462818622280543","error":""},"_links":{"self":[{"href":"https:\/\/www.europesays.com\/fr\/wp-json\/wp\/v2\/posts\/80173","targetHints":{"allow":["GET"]}}],"collection":[{"href":"https:\/\/www.europesays.com\/fr\/wp-json\/wp\/v2\/posts"}],"about":[{"href":"https:\/\/www.europesays.com\/fr\/wp-json\/wp\/v2\/types\/post"}],"author":[{"embeddable":true,"href":"https:\/\/www.europesays.com\/fr\/wp-json\/wp\/v2\/users\/2"}],"replies":[{"embeddable":true,"href":"https:\/\/www.europesays.com\/fr\/wp-json\/wp\/v2\/comments?post=80173"}],"version-history":[{"count":0,"href":"https:\/\/www.europesays.com\/fr\/wp-json\/wp\/v2\/posts\/80173\/revisions"}],"wp:featuredmedia":[{"embeddable":true,"href":"https:\/\/www.europesays.com\/fr\/wp-json\/wp\/v2\/media\/80174"}],"wp:attachment":[{"href":"https:\/\/www.europesays.com\/fr\/wp-json\/wp\/v2\/media?parent=80173"}],"wp:term":[{"taxonomy":"category","embeddable":true,"href":"https:\/\/www.europesays.com\/fr\/wp-json\/wp\/v2\/categories?post=80173"},{"taxonomy":"post_tag","embeddable":true,"href":"https:\/\/www.europesays.com\/fr\/wp-json\/wp\/v2\/tags?post=80173"}],"curies":[{"name":"wp","href":"https:\/\/api.w.org\/{rel}","templated":true}]}}