{"id":80193,"date":"2025-05-06T20:48:10","date_gmt":"2025-05-06T20:48:10","guid":{"rendered":"https:\/\/www.europesays.com\/fr\/80193\/"},"modified":"2025-05-06T20:48:10","modified_gmt":"2025-05-06T20:48:10","slug":"en-direct-inter-barca-suivez-la-demi-finale-retour-de-ligue-des-champions","status":"publish","type":"post","link":"https:\/\/www.europesays.com\/fr\/80193\/","title":{"rendered":"EN DIRECT &#8211; Inter-Bar\u00e7a : suivez la demi-finale retour de Ligue des champions"},"content":{"rendered":"<p class=\"article-p mdl\">Six jours apr\u00e8s la spectaculaire demi-finale aller entre <strong>le FC Barcelone et l&rsquo;Inter Milan<\/strong>, qui avait vu les deux \u00e9quipes se quitter dos-\u00e0-dos (3 buts partout), les deux clubs se retrouvent ce mardi 6 mai sur les terres italiennes pour une place en finale de Ligue des champions.<\/p>\n<p class=\"article-p mdl\">L&rsquo;affiche s&rsquo;annonce tout aussi excitante. Les deux \u00e9quipes devraient aligner la m\u00eame composition qu&rsquo;au match aller. Le\u00a0<a class=\"link\" href=\"https:\/\/www.rtl.fr\/sport\/football\/barca-inter-suivez-la-deuxieme-demi-finale-aller-de-ligue-des-champions-sur-notre-radio-digitale-7900499980\" title=\"FC Barcelone-Inter Milan : les deux \u00e9quipes se neutralisent au terme d&#039;un match fou\" target=\"_blank\" rel=\"noopener\">FC Barcelone<\/a>\u00a0fera sans son lat\u00e9ral fran\u00e7ais Jules Kound\u00e9, absent plusieurs semaines, qui avait d\u00fb quitter les siens pr\u00e9matur\u00e9ment lors du match aller.\u00a0<\/p>\n<p class=\"article-p mdl\">\u00c0 Barcelone, c&rsquo;est l&rsquo;Inter qui avait ouvert la marque apr\u00e8s quelques secondes de jeu, par l&rsquo;interm\u00e9diaire de <strong>Marcus Thuram<\/strong>, auteur d&rsquo;une improbable talonnade, suivi 20 minutes plus tard d&rsquo;un superbe ciseau acrobatique de\u00a0<strong>Denzel Dumfries<\/strong>. Le ph\u00e9nom\u00e8ne <strong>Lamine Yamal<\/strong> avait \u00e9galement inscrit un but, tout aussi splendide.<\/p>\n<p class=\"article-p mdl\">Le Bar\u00e7a peut s&rsquo;offrir une premi\u00e8re finale de Ligue des champions depuis 2015, d\u00e9j\u00e0 quasiment assur\u00e9 d&rsquo;un 28e titre de champion d&rsquo;Espagne. Du c\u00f4t\u00e9 italien, la dernier sacre remonte \u00e0 2010. En finale, l&rsquo;une des deux \u00e9quipes retrouvera\u00a0<a class=\"link\" href=\"https:\/\/www.rtl.fr\/sport\/football\/psg-arsenal-69-des-amateurs-de-foot-pensent-que-paris-va-se-qualifier-pour-la-finale-de-la-ligue-des-champions-7900500777\" title=\"PSG-Arsenal : 69% des amateurs de foot pensent que Paris va se qualifier pour la finale de la Ligue des champions\" target=\"_blank\" rel=\"noopener\">le PSG ou Arsenal<\/a>, qui s&rsquo;affrontent ce mercredi.<\/p>\n<p>    La r\u00e9daction vous recommande<\/p>\n<p class=\"s-newsletter__title\">\n                L\u2019actualit\u00e9 par la r\u00e9daction de RTL dans votre bo\u00eete mail.\n            <\/p>\n<p class=\"s-newsletter__subtitle\">\n                Gr\u00e2ce \u00e0 votre compte RTL abonnez-vous \u00e0 la newsletter RTL info pour suivre toute l&rsquo;actualit\u00e9 au quotidien\n            <\/p>\n<p>\n                                    Lire la suite\n                                <\/p>\n","protected":false},"excerpt":{"rendered":"Six jours apr\u00e8s la spectaculaire demi-finale aller entre le FC Barcelone et l&rsquo;Inter Milan, qui avait vu les&hellip;\n","protected":false},"author":2,"featured_media":80194,"comment_status":"","ping_status":"","sticky":false,"template":"","format":"standard","meta":{"footnotes":""},"categories":[2],"tags":[11,5695,107,2619,63,1011,27,4788,447,12],"class_list":{"0":"post-80193","1":"post","2":"type-post","3":"status-publish","4":"format-standard","5":"has-post-thumbnail","7":"category-actualites","8":"tag-actualites","9":"tag-fc-barcelone","10":"tag-fil-info","11":"tag-fil-sport","12":"tag-football","13":"tag-fr","14":"tag-france","15":"tag-inter-milan","16":"tag-ligue-des-champions","17":"tag-news"},"share_on_mastodon":{"url":"https:\/\/pubeurope.com\/@fr\/114462857898336484","error":""},"_links":{"self":[{"href":"https:\/\/www.europesays.com\/fr\/wp-json\/wp\/v2\/posts\/80193","targetHints":{"allow":["GET"]}}],"collection":[{"href":"https:\/\/www.europesays.com\/fr\/wp-json\/wp\/v2\/posts"}],"about":[{"href":"https:\/\/www.europesays.com\/fr\/wp-json\/wp\/v2\/types\/post"}],"author":[{"embeddable":true,"href":"https:\/\/www.europesays.com\/fr\/wp-json\/wp\/v2\/users\/2"}],"replies":[{"embeddable":true,"href":"https:\/\/www.europesays.com\/fr\/wp-json\/wp\/v2\/comments?post=80193"}],"version-history":[{"count":0,"href":"https:\/\/www.europesays.com\/fr\/wp-json\/wp\/v2\/posts\/80193\/revisions"}],"wp:featuredmedia":[{"embeddable":true,"href":"https:\/\/www.europesays.com\/fr\/wp-json\/wp\/v2\/media\/80194"}],"wp:attachment":[{"href":"https:\/\/www.europesays.com\/fr\/wp-json\/wp\/v2\/media?parent=80193"}],"wp:term":[{"taxonomy":"category","embeddable":true,"href":"https:\/\/www.europesays.com\/fr\/wp-json\/wp\/v2\/categories?post=80193"},{"taxonomy":"post_tag","embeddable":true,"href":"https:\/\/www.europesays.com\/fr\/wp-json\/wp\/v2\/tags?post=80193"}],"curies":[{"name":"wp","href":"https:\/\/api.w.org\/{rel}","templated":true}]}}