{"id":80226,"date":"2025-05-06T21:08:12","date_gmt":"2025-05-06T21:08:12","guid":{"rendered":"https:\/\/www.europesays.com\/fr\/80226\/"},"modified":"2025-05-06T21:08:12","modified_gmt":"2025-05-06T21:08:12","slug":"lofficier-condamne-pour-des-violences-sur-ses-enfants-conteste-sa-radiation-de-la-gendarmerie","status":"publish","type":"post","link":"https:\/\/www.europesays.com\/fr\/80226\/","title":{"rendered":"L\u2019officier condamn\u00e9 pour des violences sur ses enfants conteste sa radiation de la gendarmerie"},"content":{"rendered":"<p><strong>\u00ab\u00a0Probit\u00e9, discernement, impartialit\u00e9, dignit\u00e9.\u00a0\u00bb<\/strong> Le rapporteur public du tribunal administratif de Nantes \u00e9gr\u00e8ne les obligations assign\u00e9es aux policiers et gendarmes par le Code de s\u00e9curit\u00e9 int\u00e9rieure, hier, \u00e0 l\u2019audience. L\u2019officier de\u00a0gendarmerie de la r\u00e9gion nantaise qui lui fait face y a-t-il manqu\u00e9 dans le huis clos familial\u00a0?<\/p>\n<p>C\u2019est ce qu\u2019a consid\u00e9r\u00e9 le minist\u00e8re des Arm\u00e9es pour prononcer, fin novembre\u00a02023, sa radiation des cadres. Une sanction prise un peu moins d\u2019un an apr\u00e8s <a href=\"https:\/\/nantes.maville.com\/actu\/actudet_-nantes.-le-gendarme-passe-du-papa-gateau-au-papa-cogneur-_52716-5552791_actu.Htm?utm_source=troove&amp;utm_medium=site\" target=\"_blank\" rel=\"noopener\">la condamnation du fonctionnaire \u00e0 six mois de prison avec sursis pour des violences \u2013 les\u00a0proc\u00e8s-verbaux mentionnaient des\u00a0gifles et coups de pied \u2013 sur ses deux enfants<\/a>.<\/p>\n<p>Le tribunal correctionnel y avait ajout\u00e9 des obligations de\u00a0suivre un stage de responsabilit\u00e9 parentale\u00a0et de\u00a0justifier de soins psychologiques.\u00a0L\u2019homme avait, en revanche, \u00e9t\u00e9 relax\u00e9 des\u00a0violences habituelles durant six ans d\u00e9nonc\u00e9es par sa compagne, le m\u00e9pris ne constituant pas une infraction p\u00e9nale.<\/p>\n<p>Devoir d\u2019exemplarit\u00e9<\/p>\n<p>La radiation des cadres, plus lourde sanction du bar\u00e8me disciplinaire de la gendarmerie, \u00e9tait-elle\u00a0proportionn\u00e9e aux faits\u00a0? Le quadrag\u00e9naire qui la conteste plaide \u00e0 la barre ses <strong>\u00ab\u00a0tr\u00e8s bons \u00e9tats de service.\u00a0La gendarmerie est confront\u00e9e \u00e0 une vague de d\u00e9parts, elle a besoin de moi\u00a0\u00bb.<\/strong><\/p>\n<p><strong>\u00ab\u00a0J\u2019ai sauv\u00e9 une personne dans un incendie\u00a0\u00bb,<\/strong> ajoute-t-il. Seulement, aux yeux de la justice administrative, le gendarme h\u00e9ro\u00efque et le p\u00e8re violent sont indissociables. Le militaire \u00e9tait soumis \u00e0 un <strong>\u00ab\u00a0devoir d\u2019exemplarit\u00e9\u00a0\u00bb,<\/strong> mart\u00e8le le rapporteur public, avant de pr\u00e9coniser le rejet de la requ\u00eate du gendarme. Le jugement, mis en d\u00e9lib\u00e9r\u00e9, est attendu dans un mois.<\/p>\n<p>\u00a0<\/p>\n","protected":false},"excerpt":{"rendered":"\u00ab\u00a0Probit\u00e9, discernement, impartialit\u00e9, dignit\u00e9.\u00a0\u00bb Le rapporteur public du tribunal administratif de Nantes \u00e9gr\u00e8ne les obligations assign\u00e9es aux policiers&hellip;\n","protected":false},"author":2,"featured_media":80227,"comment_status":"","ping_status":"","sticky":false,"template":"","format":"standard","meta":{"footnotes":""},"categories":[2818],"tags":[1111,11,8652,13188,1719,1777,674,1011,27,3381,766,12,14166,2636,18734,25,2949],"class_list":{"0":"post-80226","1":"post","2":"type-post","3":"status-publish","4":"format-standard","5":"has-post-thumbnail","7":"category-nantes","8":"tag-actu","9":"tag-actualites","10":"tag-condamne","11":"tag-conteste","12":"tag-enfants","13":"tag-eu","14":"tag-europe","15":"tag-fr","16":"tag-france","17":"tag-gendarmerie","18":"tag-nantes","19":"tag-news","20":"tag-officier","21":"tag-pays-de-la-loire","22":"tag-radiation","23":"tag-republique-francaise","24":"tag-violences"},"share_on_mastodon":{"url":"https:\/\/pubeurope.com\/@fr\/114462936476623628","error":""},"_links":{"self":[{"href":"https:\/\/www.europesays.com\/fr\/wp-json\/wp\/v2\/posts\/80226","targetHints":{"allow":["GET"]}}],"collection":[{"href":"https:\/\/www.europesays.com\/fr\/wp-json\/wp\/v2\/posts"}],"about":[{"href":"https:\/\/www.europesays.com\/fr\/wp-json\/wp\/v2\/types\/post"}],"author":[{"embeddable":true,"href":"https:\/\/www.europesays.com\/fr\/wp-json\/wp\/v2\/users\/2"}],"replies":[{"embeddable":true,"href":"https:\/\/www.europesays.com\/fr\/wp-json\/wp\/v2\/comments?post=80226"}],"version-history":[{"count":0,"href":"https:\/\/www.europesays.com\/fr\/wp-json\/wp\/v2\/posts\/80226\/revisions"}],"wp:featuredmedia":[{"embeddable":true,"href":"https:\/\/www.europesays.com\/fr\/wp-json\/wp\/v2\/media\/80227"}],"wp:attachment":[{"href":"https:\/\/www.europesays.com\/fr\/wp-json\/wp\/v2\/media?parent=80226"}],"wp:term":[{"taxonomy":"category","embeddable":true,"href":"https:\/\/www.europesays.com\/fr\/wp-json\/wp\/v2\/categories?post=80226"},{"taxonomy":"post_tag","embeddable":true,"href":"https:\/\/www.europesays.com\/fr\/wp-json\/wp\/v2\/tags?post=80226"}],"curies":[{"name":"wp","href":"https:\/\/api.w.org\/{rel}","templated":true}]}}