{"id":802308,"date":"2026-03-16T07:31:36","date_gmt":"2026-03-16T07:31:36","guid":{"rendered":"https:\/\/www.europesays.com\/fr\/802308\/"},"modified":"2026-03-16T07:31:36","modified_gmt":"2026-03-16T07:31:36","slug":"allemagne-france-a-quelle-heure-et-sur-quelle-chaine-tv-voir-le-match-de-qualification-pour-la-coupe-du-monde-feminine-de-basket","status":"publish","type":"post","link":"https:\/\/www.europesays.com\/fr\/802308\/","title":{"rendered":"Allemagne-France\u00a0: \u00e0 quelle heure et sur quelle cha\u00eene TV voir le match de qualification pour la Coupe du monde f\u00e9minine de basket\u00a0?"},"content":{"rendered":"<p class=\"paragraph text_align_left lp-f-body-02\">Les Bleues du<a href=\"https:\/\/www.leparisien.fr\/sports\/basket\/\" target=\"_blank\" rel=\"noreferrer nofollow noopener\"> basket <\/a>touchent au but ! Apr\u00e8s avoir &#8211; nettement &#8211; remport\u00e9 leurs deux premi\u00e8res rencontres de la semaine, face aux Philippines (115-66) puis face \u00e0 la Colombie (88-48), les partenaires de <a href=\"https:\/\/www.leparisien.fr\/sports\/basket\/gabby-williams\/\" target=\"_blank\" rel=\"noreferrer nofollow noopener\">Gabby Williams<\/a> affrontent ce samedi (20h30) l\u2019Allemagne \u00e0 l\u2019occasion de leur deuxi\u00e8me match du <a href=\"https:\/\/www.leparisien.fr\/sports\/basket\/france-philippines-les-bleues-du-basket-ont-la-tete-a-la-coupe-du-monde-2026-11-03-2026-YV57IQJU2BB3HJ5N4VVFYHFCL4.php\" rel=\"nofollow noopener\" target=\"_blank\">tournoi de qualification<\/a> pour la Coupe du monde 2026.<\/p>\n<p class=\"\">Une nouvelle victoire &#8211; face cette fois \u00e0 l\u2019adversaire le plus coriace du groupe -, combin\u00e9e aux Philippines (contre le Nigeria) et de la Colombie (contre la Cor\u00e9e) un peu plus t\u00f4t dans la journ\u00e9e, leur assurerait d\u00e9finitivement leur s\u00e9same pour le Mondial pr\u00e9vu \u00e0 Berlin du 4 au 13 septembre prochain.<\/p>\n<p class=\"\">\u00c0 noter que la pivot Dominique Malonga a d\u00e9clar\u00e9 forfait pour la fin du tournoi en raison d\u2019une commotion c\u00e9r\u00e9brale, a annonc\u00e9 vendredi la F\u00e9d\u00e9ration fran\u00e7aise de basket. Touch\u00e9e \u00e0 la t\u00eate jeudi contre la Colombie, la jeune joueuse (20 ans) a pass\u00e9 des examens qui ont \u00ab confirm\u00e9 (qu\u2019elle) avait subi une commotion c\u00e9r\u00e9brale, qui l\u2019emp\u00eache de reprendre une activit\u00e9 physique imm\u00e9diate \u00bb.<\/p>\n<p class=\"\">Quel que soit le r\u00e9sultat du duel face \u00e0 l\u2019Allemagne les Bleues disputeront encore deux rencontres sur le parquet de l\u2019Astroballe \u00e0 Villeurbanne : face au Nigeria dimanche et la Cor\u00e9e mardi.<\/p>\n<p class=\"\"><b>Le troisi\u00e8me match pour le tournoi de qualification \u00e0 la Coupe du monde 2026 de basket aura lieu ce samedi 14 mars et sera diffus\u00e9 \u00e0 partir de 20h30 sur BeIN Sports 1.<\/b><\/p>\n","protected":false},"excerpt":{"rendered":"Les Bleues du basket touchent au but ! Apr\u00e8s avoir &#8211; nettement &#8211; remport\u00e9 leurs deux premi\u00e8res rencontres&hellip;\n","protected":false},"author":2,"featured_media":802309,"comment_status":"","ping_status":"","sticky":false,"template":"","format":"standard","meta":{"footnotes":"","_share_on_mastodon":"0"},"categories":[1587],"tags":[11,672,1465,1804,1805,1803,1777,674,1801,12,1802,60],"class_list":["post-802308","post","type-post","status-publish","format-standard","has-post-thumbnail","category-allemagne","tag-actualites","tag-allemagne","tag-basket","tag-bundesrepublik-deutschland","tag-de","tag-deutschland","tag-eu","tag-europe","tag-germany","tag-news","tag-republique-federale-dallemagne","tag-sports"],"share_on_mastodon":{"url":"https:\/\/pubeurope.com\/@fr\/116237689412808314","error":""},"_links":{"self":[{"href":"https:\/\/www.europesays.com\/fr\/wp-json\/wp\/v2\/posts\/802308","targetHints":{"allow":["GET"]}}],"collection":[{"href":"https:\/\/www.europesays.com\/fr\/wp-json\/wp\/v2\/posts"}],"about":[{"href":"https:\/\/www.europesays.com\/fr\/wp-json\/wp\/v2\/types\/post"}],"author":[{"embeddable":true,"href":"https:\/\/www.europesays.com\/fr\/wp-json\/wp\/v2\/users\/2"}],"replies":[{"embeddable":true,"href":"https:\/\/www.europesays.com\/fr\/wp-json\/wp\/v2\/comments?post=802308"}],"version-history":[{"count":0,"href":"https:\/\/www.europesays.com\/fr\/wp-json\/wp\/v2\/posts\/802308\/revisions"}],"wp:featuredmedia":[{"embeddable":true,"href":"https:\/\/www.europesays.com\/fr\/wp-json\/wp\/v2\/media\/802309"}],"wp:attachment":[{"href":"https:\/\/www.europesays.com\/fr\/wp-json\/wp\/v2\/media?parent=802308"}],"wp:term":[{"taxonomy":"category","embeddable":true,"href":"https:\/\/www.europesays.com\/fr\/wp-json\/wp\/v2\/categories?post=802308"},{"taxonomy":"post_tag","embeddable":true,"href":"https:\/\/www.europesays.com\/fr\/wp-json\/wp\/v2\/tags?post=802308"}],"curies":[{"name":"wp","href":"https:\/\/api.w.org\/{rel}","templated":true}]}}