{"id":802747,"date":"2026-03-16T12:19:15","date_gmt":"2026-03-16T12:19:15","guid":{"rendered":"https:\/\/www.europesays.com\/fr\/802747\/"},"modified":"2026-03-16T12:19:15","modified_gmt":"2026-03-16T12:19:15","slug":"lasse-recrute-en-allemagne-montanier-nest-pas-fan","status":"publish","type":"post","link":"https:\/\/www.europesays.com\/fr\/802747\/","title":{"rendered":"L&rsquo;ASSE recrute en Allemagne, Montanier n&rsquo;est pas fan"},"content":{"rendered":"<p><b>Recrut\u00e9 \u00e0 Hambourg cet hiver, Aboubaka Soumahoro n\u2019a pas convaincu Philippe Montanier pour le moment. Le d\u00e9fenseur fran\u00e7ais pr\u00eat\u00e9 \u00e0 l\u2019ASSE n\u2019a pas encore jou\u00e9 avec le maillot vert.<\/b><\/p>\n<p>Arriv\u00e9 d\u00e9but f\u00e9vrier pour redresser une \u00e9quipe st\u00e9phanoise en difficult\u00e9 avec Eirik Horneland, <a href=\"https:\/\/www.foot01.com\/st-etienne\/asse-montanier-face-a-un-enorme-casse-tete\" target=\"_self\" rel=\"nofollow noopener\">Philippe Montanier a pour l\u2019instant r\u00e9ussi sa mission<\/a>. L\u2019ancien entra\u00eeneur de Toulouse et de la Real Sociedad totalise cinq victoires et un match nul sur le banc des Verts. Surtout, il a r\u00e9ussi \u00e0 refaire de l\u2019ASSE une \u00e9quipe tr\u00e8s solide et \u00e0 qui marquer un but rel\u00e8ve quasiment du miracle. Lors des six matchs disput\u00e9s par l\u2019AS Saint-Etienne avec Philippe Montanier comme entra\u00eeneur, les co\u00e9quipiers de Gautier Larsonneur n\u2019ont encaiss\u00e9 que deux buts au total en <a href=\"https:\/\/www.foot01.com\/ligue2\" title=\"Ligue 2\" rel=\"nofollow noopener\" target=\"_blank\">Ligue 2<\/a>.<\/p>\n<p>Une vraie prouesse que l\u2019\u00e9quipe doit en partie \u00e0 la charni\u00e8re Nad\u00e9 &#8211; Le Cardinal, tr\u00e8s solide et d\u00e9finitivement install\u00e9e par Philippe Montanier. Un choix qui fait une victime collat\u00e9rale : Aboubaka Soumahoro, recrut\u00e9 cet hiver sous forme de pr\u00eat en provenance de Hambourg. Le natif de Paris n\u2019a toujours pas disput\u00e9 la moindre minute avec l\u2019ASSE, un fiasco total qui est parti pour durer selon nos confr\u00e8res de Peuple Vert. \u00ab Dans cette configuration, Aboubaka Soumahoro se retrouve rel\u00e9gu\u00e9 tr\u00e8s loin dans la hi\u00e9rarchie d\u00e9fensive st\u00e9phanoise. Une situation qui pourrait rapidement le placer comme cinqui\u00e8me choix dans l\u2019axe \u00bb d\u00e9taillent nos confr\u00e8res, qui ajoutent que Soumahoro ne peut m\u00eame pas jouer avec la r\u00e9serve de l\u2019AS Saint-Etienne.<\/p>\n<p>Soumahoro, z\u00e9ro minute avec l&rsquo;ASSE\u00ab La situation du d\u00e9fenseur est d\u2019autant plus compliqu\u00e9e qu\u2019il ne peut m\u00eame pas se relancer avec l\u2019\u00e9quipe r\u00e9serve. Philippe Montanier l\u2019a expliqu\u00e9 r\u00e9cemment : la date de son transfert ne lui permet pas d\u2019\u00eatre qualifi\u00e9 pour disputer des rencontres avec l\u2019\u00e9quipe \u00e9voluant en National 3 \u00bb pr\u00e9cise le site sp\u00e9cialis\u00e9 dans l\u2019actualit\u00e9 st\u00e9phanoise. Autant dire que pour l\u2019instant, le cas Aboubaka Soumahoro ressemble \u00e0 un tr\u00e8s gros fiasco du <a href=\"https:\/\/www.foot01.com\/mercato\" title=\"Mercato\" rel=\"nofollow noopener\" target=\"_blank\">mercato<\/a> hivernal et peu de perspectives positives semblent se d\u00e9gager \u00e0 l\u2019horizon pour le d\u00e9fenseur de 21 ans. Lequel repartira sauf surprise du c\u00f4t\u00e9 de Hambourg cet \u00e9t\u00e9.<\/p>\n","protected":false},"excerpt":{"rendered":"Recrut\u00e9 \u00e0 Hambourg cet hiver, Aboubaka Soumahoro n\u2019a pas convaincu Philippe Montanier pour le moment. Le d\u00e9fenseur fran\u00e7ais&hellip;\n","protected":false},"author":2,"featured_media":802748,"comment_status":"","ping_status":"","sticky":false,"template":"","format":"standard","meta":{"footnotes":"","_share_on_mastodon":"0"},"categories":[1587],"tags":[11,672,461,1804,1805,1803,1777,674,1801,446,1434,12,1802],"class_list":["post-802747","post","type-post","status-publish","format-standard","has-post-thumbnail","category-allemagne","tag-actualites","tag-allemagne","tag-asse","tag-bundesrepublik-deutschland","tag-de","tag-deutschland","tag-eu","tag-europe","tag-germany","tag-ligue-2","tag-mercato","tag-news","tag-republique-federale-dallemagne"],"share_on_mastodon":{"url":"https:\/\/pubeurope.com\/@fr\/116238822041239678","error":""},"_links":{"self":[{"href":"https:\/\/www.europesays.com\/fr\/wp-json\/wp\/v2\/posts\/802747","targetHints":{"allow":["GET"]}}],"collection":[{"href":"https:\/\/www.europesays.com\/fr\/wp-json\/wp\/v2\/posts"}],"about":[{"href":"https:\/\/www.europesays.com\/fr\/wp-json\/wp\/v2\/types\/post"}],"author":[{"embeddable":true,"href":"https:\/\/www.europesays.com\/fr\/wp-json\/wp\/v2\/users\/2"}],"replies":[{"embeddable":true,"href":"https:\/\/www.europesays.com\/fr\/wp-json\/wp\/v2\/comments?post=802747"}],"version-history":[{"count":0,"href":"https:\/\/www.europesays.com\/fr\/wp-json\/wp\/v2\/posts\/802747\/revisions"}],"wp:featuredmedia":[{"embeddable":true,"href":"https:\/\/www.europesays.com\/fr\/wp-json\/wp\/v2\/media\/802748"}],"wp:attachment":[{"href":"https:\/\/www.europesays.com\/fr\/wp-json\/wp\/v2\/media?parent=802747"}],"wp:term":[{"taxonomy":"category","embeddable":true,"href":"https:\/\/www.europesays.com\/fr\/wp-json\/wp\/v2\/categories?post=802747"},{"taxonomy":"post_tag","embeddable":true,"href":"https:\/\/www.europesays.com\/fr\/wp-json\/wp\/v2\/tags?post=802747"}],"curies":[{"name":"wp","href":"https:\/\/api.w.org\/{rel}","templated":true}]}}