{"id":80279,"date":"2025-05-06T21:37:08","date_gmt":"2025-05-06T21:37:08","guid":{"rendered":"https:\/\/www.europesays.com\/fr\/80279\/"},"modified":"2025-05-06T21:37:08","modified_gmt":"2025-05-06T21:37:08","slug":"lentraineur-de-frejus-content-de-recevoir-en-premier","status":"publish","type":"post","link":"https:\/\/www.europesays.com\/fr\/80279\/","title":{"rendered":"l&rsquo;entra\u00eeneur de Fr\u00e9jus content de \u00ab\u00a0recevoir en premier\u00a0\u00bb\u00a0\u00bb"},"content":{"rendered":"<p><strong>Ajaccio-Fr\u00e9jus en finale, c&rsquo;est sans surprise l&rsquo;affiche que l&rsquo;on pouvait imaginer entre le leader et le second de la phase r\u00e9guli\u00e8re. Vous allez par contre, d\u00e8s vendredi, recevoir en premier. N&rsquo;est-ce pas finalement un avantage, surtout s&rsquo;il y a un succ\u00e8s au bout\u00a0?<\/strong>&#13;\n<\/p>\n<p>Il y a du pour et du contre, mais en ce qui me concerne, je consid\u00e8re que c&rsquo;est bien d&rsquo;attaquer \u00e0 domicile. Cela dit, il conviendra de l&#8217;emporter si l&rsquo;on veut qu&rsquo;Ajaccio \u00e9volue le vendredi d&rsquo;apr\u00e8s avec un maximum de pression chez lui. On en aura beaucoup chez nous, mais en m\u00eame temps nous b\u00e9n\u00e9ficierons du soutien de notre public. J&rsquo;esp\u00e8re surtout qu&rsquo;on parviendra \u00e0 faire le meilleur match possible. Nous ferons ensuite les comptes \u00e0 la fin, sans trop se projeter.<\/p>\n<p><strong>Votre \u00e9quipe vous a-t-elle totalement rassur\u00e9 lors des deux premiers tours de play-offs\u00a0?<\/strong>&#13;\n<\/p>\n<p>Oui, m\u00eame si elle peut encore mieux faire. Il reste deux semaines pour peaufiner au maximum les derniers d\u00e9tails et terminer d&rsquo;\u00e9crire l&rsquo;histoire de cette belle saison. On est tr\u00e8s heureux d&rsquo;avoir pu se hisser en finale et maintenant que nous y sommes, on a bien \u00e9videmment l&rsquo;ambition d&rsquo;aller au bout.<\/p>\n<p><strong>Pourtant men\u00e9 \u00e0 Illac (4-9) au tie-break, votre ensemble a r\u00e9ussi \u00e0 l&#8217;emporter (13-15). C&rsquo;est significatif d&rsquo;une force mentale et d&rsquo;une bonne forme physique\u00a0?<\/strong>&#13;\n<\/p>\n<p>Au niveau physique, nous sommes pr\u00eats avec une tr\u00e8s bonne pr\u00e9paration sous la houlette de notre pr\u00e9parateur Thomas Guillaumond, qui a vraiment effectu\u00e9 un excellent travail. J&rsquo;ai aussi la chance de diriger un groupe de gar\u00e7ons qui, quelle que soit la situation, ne baisse pas les bras et continue \u00e0 y croire. Apr\u00e8s (rires), il va de soi qu&rsquo;il vaudra mieux \u00e9viter de se retrouver dans cette situation-l\u00e0 face \u00e0 Ajaccio.<\/p>\n<p><strong>Comme vous, Ajaccio s&rsquo;appuie sur une grosse qualit\u00e9 de service. Est-ce finalement la promesse d&rsquo;une double confrontation ouverte et spectaculaire\u00a0?<\/strong>&#13;\n<\/p>\n<p>Au-del\u00e0 du secteur offensif qui d\u00e9termine tout, ce sera en effet le secteur cl\u00e9 permettant notamment de r\u00e9pondre derri\u00e8re \u00e0 la question : comment allons-nous pouvoir poser nos organisations de block d\u00e9fense ? Apr\u00e8s, comme toujours, c&rsquo;est celui qui arrivera le plus souvent \u00e0 poser le ballon par terre qui aura le dernier mot.<\/p>\n<p>\u00a0\u00bb Le banc d&rsquo;Ajaccio constitue un \u00e9norme atout \u00a0\u00bb\u00a0<\/p>\n<p><strong>Qu&rsquo;avez-vous not\u00e9 chez votre adversaire \u00e0 travers ses matches disput\u00e9s face \u00e0 Saint-Quentin et Martigues\u00a0?<\/strong>&#13;\n<\/p>\n<p>Il a su, dans les moments difficiles, trouver \u00e0 chaque fois gr\u00e2ce aux rotations effectu\u00e9es les solutions pour r\u00e9ussir, sans trop trembler, \u00e0 faire la diff\u00e9rence. Avoir un effectif \u00e9toff\u00e9 est un atout pr\u00e9cieux. Ces play-offs ont montr\u00e9 que le GFCA avait du r\u00e9pondant sur son banc.<\/p>\n<p><strong>Il reste sur une finale perdue douloureusement au set en or. Est-ce que ce v\u00e9cu repr\u00e9sente un avantage ou alors peut-il constituer, compte tenu de ce souvenir, un handicap pour lui\u00a0?<\/strong>&#13;\n<\/p>\n<p>\u00c7a reste du v\u00e9cu et il est pr\u00e9cieux. Le processus d&rsquo;apprentissage est toujours jalonn\u00e9 d&rsquo;erreurs et cela pourrait par cons\u00e9quent l&rsquo;aider \u00e0 \u00e9viter de commettre \u00e0 nouveau la m\u00eame faute. Sur le plan \u00e9motionnel, il lui permettra aussi de bien se projeter dans l&rsquo;\u00e9v\u00e9nement.\u00a0<\/p>\n<p><strong>L&rsquo;hypoth\u00e8se de pouvoir jouer une accession en Ligue A sur un set en or n&rsquo;est-elle pas une h\u00e9r\u00e9sie\u00a0?<\/strong>&#13;\n<\/p>\n<p>Sportivement, ce n&rsquo;est pas ce qui peut valoriser un champion. Apr\u00e8s, ce sera, le cas \u00e9ch\u00e9ant, la derni\u00e8re \u00e9tape pour acc\u00e9der. Nous n&rsquo;avons pas le choix que de composer avec cette r\u00e8gle.<\/p>\n<p><strong>Fr\u00e9jus a \u00e9t\u00e9 au milieu des ann\u00e9es 80 et au d\u00e9but des ann\u00e9es 90 un grand club fran\u00e7ais, finaliste de la Ligue des Champions, avant de p\u00e9ricliter en 1992. Est-ce que la perspective de remettre son nom sur la carte de l&rsquo;\u00e9lite suscite un engouement et une motivation suppl\u00e9mentaire pour cette finale\u00a0?<\/strong>&#13;\n<\/p>\n<p>Fr\u00e9jus demeure un bassin culturel du volley-ball. J&rsquo;ai repris le club en N2 il y a maintenant douze ans et il y avait d\u00e9j\u00e0 cette envie de voir rena\u00eetre le club de ses cendres. Il y a un pass\u00e9 prestigieux et ce serait un bel accomplissement de revoir son nom appara\u00eetre en Marmara Spikeligue (appellation de la Ligue A depuis 2023). Mon \u00e9quipe a r\u00e9ussi \u00e0 susciter un int\u00e9r\u00eat et m\u00eame si l&rsquo;accession n&rsquo;\u00e9tait pas un objectif affich\u00e9 comme cela est le cas \u00e0 Ajaccio, on participe toujours \u00e0 une comp\u00e9tition avec l&rsquo;ambition de la remporter. On jouera le coup \u00e0 fond jusqu&rsquo;au bout.<\/p>\n<p>Du c\u00f4t\u00e9 du GFCA, des ondes positives<\/p>\n<p>G\u00e9rer le physique \u00e0 raison d&rsquo;une s\u00e9ance de musculation le matin et effectuer un gros travail tactique \u00e0 partir d&rsquo;une vid\u00e9o pr\u00e9c\u00e9dant l&rsquo;entra\u00eenement au Palatinu est, depuis lundi, la ligne de conduite sur laquelle le collectif ajaccien se pr\u00e9pare sereinement et sans laisser appara\u00eetre de pression particuli\u00e8re.<\/p>\n<p>Elle devrait monter d\u00e8s demain, o\u00f9 les onze joueurs retenus poseront leurs valises en fin de matin\u00e9e \u00e0 Fr\u00e9jus et effectueront une s\u00e9ance \u00e0 16 h 30, dans une salle de Sainte-Croix dont ils gardent le souvenir d&rsquo;un gros combat de 2 h 30&prime; livr\u00e9 et remport\u00e9 au tie-break, le 22 f\u00e9vrier dernier.<\/p>\n<p>\u00a0\u00bb On sait \u00e0 quoi s&rsquo;attendre, face \u00e0 un adversaire qui va vraisemblablement prendre tous les risques au service. Notre succ\u00e8s \u00e0 Martigues sans y laisser trop de forces a cependant ramen\u00e9 de la confiance et d\u00e9montr\u00e9 que lorsqu&rsquo;on arrive \u00e0 produire notre jeu, nous sommes capables de performer \u00e0 l&rsquo;ext\u00e9rieur comme cela a \u00e9t\u00e9 le cas par deux fois \u00e0 Saint-Quentin et vendredi dernier \u00ab\u00a0, estimait hier le coach Fr\u00e9d\u00e9ric Ferrandez, pour qui ce sera la quatri\u00e8me finale de Ligue B apr\u00e8s celle perdue l&rsquo;an pass\u00e9, mais deux autres remport\u00e9es en 2007 puis, 2009 titre \u00e0 l&rsquo;appui.<\/p>\n","protected":false},"excerpt":{"rendered":"Ajaccio-Fr\u00e9jus en finale, c&rsquo;est sans surprise l&rsquo;affiche que l&rsquo;on pouvait imaginer entre le leader et le second de&hellip;\n","protected":false},"author":2,"featured_media":80280,"comment_status":"","ping_status":"","sticky":false,"template":"","format":"standard","meta":{"footnotes":""},"categories":[1417],"tags":[17,3952,2396,1011,27,18745,6694,1765,3022,60,1470,1469],"class_list":{"0":"post-80279","1":"post","2":"type-post","3":"status-publish","4":"format-standard","5":"has-post-thumbnail","7":"category-volley","8":"tag-17","9":"tag-coup","10":"tag-finale","11":"tag-fr","12":"tag-france","13":"tag-frejus","14":"tag-jouera","15":"tag-lentraineur","16":"tag-ligue","17":"tag-sports","18":"tag-volley","19":"tag-volleyball"},"share_on_mastodon":{"url":"https:\/\/pubeurope.com\/@fr\/114463050476057530","error":""},"_links":{"self":[{"href":"https:\/\/www.europesays.com\/fr\/wp-json\/wp\/v2\/posts\/80279","targetHints":{"allow":["GET"]}}],"collection":[{"href":"https:\/\/www.europesays.com\/fr\/wp-json\/wp\/v2\/posts"}],"about":[{"href":"https:\/\/www.europesays.com\/fr\/wp-json\/wp\/v2\/types\/post"}],"author":[{"embeddable":true,"href":"https:\/\/www.europesays.com\/fr\/wp-json\/wp\/v2\/users\/2"}],"replies":[{"embeddable":true,"href":"https:\/\/www.europesays.com\/fr\/wp-json\/wp\/v2\/comments?post=80279"}],"version-history":[{"count":0,"href":"https:\/\/www.europesays.com\/fr\/wp-json\/wp\/v2\/posts\/80279\/revisions"}],"wp:featuredmedia":[{"embeddable":true,"href":"https:\/\/www.europesays.com\/fr\/wp-json\/wp\/v2\/media\/80280"}],"wp:attachment":[{"href":"https:\/\/www.europesays.com\/fr\/wp-json\/wp\/v2\/media?parent=80279"}],"wp:term":[{"taxonomy":"category","embeddable":true,"href":"https:\/\/www.europesays.com\/fr\/wp-json\/wp\/v2\/categories?post=80279"},{"taxonomy":"post_tag","embeddable":true,"href":"https:\/\/www.europesays.com\/fr\/wp-json\/wp\/v2\/tags?post=80279"}],"curies":[{"name":"wp","href":"https:\/\/api.w.org\/{rel}","templated":true}]}}