{"id":80295,"date":"2025-05-06T21:47:20","date_gmt":"2025-05-06T21:47:20","guid":{"rendered":"https:\/\/www.europesays.com\/fr\/80295\/"},"modified":"2025-05-06T21:47:20","modified_gmt":"2025-05-06T21:47:20","slug":"un-livre-unique-sur-les-pop-pops","status":"publish","type":"post","link":"https:\/\/www.europesays.com\/fr\/80295\/","title":{"rendered":"Un livre unique sur les pop-pops"},"content":{"rendered":"<p><a href=\"https:\/\/saint-nazaire.maville.com\/actu\/actudet_-les-pop-pops-ont-rendez-vous-a-la-bernerie-en-retz-dimanche-_8-6759499_actu.Htm?utm_source=troove&amp;utm_medium=site\" rel=\"nofollow noopener\" target=\"_blank\">Tir\u00e9 \u00e0 350\u00a0exemplaires, il est sorti il y a moins d\u2019un mois (Ouest-France du 11\u00a0avril)<\/a> et <strong>\u00ab\u00a0une centaine est d\u00e9j\u00e0 vendue.<\/strong> Le livre se vend m\u00eame aux \u00c9tats-Unis\u00a0! J\u2019en ai exp\u00e9di\u00e9 \u00e0 Manchester, pour un collectionneur. Sa femme lui fait la surprise\u00a0\u00bb, sourit <a href=\"https:\/\/www.facebook.com\/captainpoppop\/\" rel=\"nofollow noopener\" target=\"_blank\">Rodolphe Perrodeau, pr\u00e9sident de l\u2019association Cap\u2019tain Poppop<\/a>.<\/p>\n<p>180 mod\u00e8les recens\u00e9s<\/p>\n<p>Pop Pop, Le Livre, r\u00e9dig\u00e9 en fran\u00e7ais et en anglais, est sobre et \u00e9l\u00e9gant. Le fruit de 10\u00a0ans de collaboration entre les membres de l\u2019association. Les 112\u00a0pages recensent 180\u00a0pop-pops \u00a0m\u00eame si j\u2019ai des incertitudes sur l\u2019identification de certains mod\u00e8les\u00a0\u00bb, confie le pr\u00e9sident. Un ouvrage unique consacr\u00e9 \u00e0 ce petit jouet en m\u00e9tal qui avance sur l\u2019eau gr\u00e2ce \u00e0 une chaudi\u00e8re dont la chaleur provient d\u2019une bougie.<\/p>\n<p>Il raconte l\u2019histoire de l\u2019association et du bateau m\u00e9tallique proprement dit \u00a0avec des clins d\u2019\u0153il\u00a0 relate Rodolphe Perrodeau. L\u2019id\u00e9e a germ\u00e9 en 2015, l\u2019ann\u00e9e suivante la premi\u00e8re photo est prise et les travaux s\u2019engagent.<\/p>\n<p>Une v\u00e9ritable mise en sc\u00e8ne est cr\u00e9\u00e9e dans le paysage du pays de Retz. On retrouve le bateau, en ext\u00e9rieur, sur le plan d\u2019eau de la Bernerie, canal de Haute-Perche, sur le sable de la Senneti\u00e8re adoss\u00e9 \u00e0 des cabines de bain, \u00e0 Paimboeuf, au Croisic, aux Salines de Millac, aux Moutiers. \u00a0J\u2019ai pass\u00e9 une heure \u00e0 prendre des clich\u00e9s d\u00e8s 7\u00a0h. \u00c0 l\u2019issue des prises, j\u2019ai pourtant rinc\u00e9 le bateau mais il a rouill\u00e9 avec la salinit\u00e9 du milieu\u00a0\u00bb, se souvient Rodolphe Perrodeau.<\/p>\n<p>D\u2019autres photos ont \u00e9t\u00e9 r\u00e9alis\u00e9es en studio, dans une tente \u00e0 lumi\u00e8re, entre autres par Rapha\u00ebl Michaud, Vincent Jacques, photographe professionnel, et Rodolphe \u00a0avec peu ou de tr\u00e8s belles ombres\u00a0. Pour l\u2019occasion, ce dernier s\u2019est m\u00eame \u00e9quip\u00e9 en mat\u00e9riel photographique. \u00a0J\u2019ai achet\u00e9 des objectifs expr\u00e8s parce que j\u2019aime faire de belles photos.\u00a0<\/p>\n<p>Outre la mise en sc\u00e8ne, l\u2019id\u00e9e du rythme et de la mise en page revient \u00e0 Yohan Gaborit. \u00a0Il a fait les chapitres.\u00a0 Yohan s\u2019est beaucoup investi dans le projet et \u00a0depuis 2017, il r\u00e9alise les affiches b\u00e9n\u00e9volement.\u00a0 L\u2019artiste a aussi con\u00e7u l\u2019illustration de la page de garde de l\u2019ouvrage. C\u00f4t\u00e9 textes, on retrouve les proses de Dominique Dupau, \u00c9ric Schmitlin, Rodolphe Perrodeau et Yohan Gaborit.<\/p>\n<p>En vente \u00e0 la boutique Kif Kif ou par correspondance au prix de 29\u00a0\u20ac. T\u00e9l. 06\u00a009\u00a067\u00a048\u00a030. Courriel\u00a0: captainpoppop44@gmail.com<\/p>\n<p>\u00a0<\/p>\n","protected":false},"excerpt":{"rendered":"Tir\u00e9 \u00e0 350\u00a0exemplaires, il est sorti il y a moins d\u2019un mois (Ouest-France du 11\u00a0avril) et \u00ab\u00a0une centaine&hellip;\n","protected":false},"author":2,"featured_media":80296,"comment_status":"","ping_status":"","sticky":false,"template":"","format":"standard","meta":{"footnotes":""},"categories":[1357],"tags":[1379,58,59,1011,27,2003,1380,18746,3272,10336],"class_list":{"0":"post-80295","1":"post","2":"type-post","3":"status-publish","4":"format-standard","5":"has-post-thumbnail","7":"category-livres","8":"tag-books","9":"tag-divertissement","10":"tag-entertainment","11":"tag-fr","12":"tag-france","13":"tag-livre","14":"tag-livres","15":"tag-pop-pops","16":"tag-saint-nazaire","17":"tag-unique"},"share_on_mastodon":{"url":"https:\/\/pubeurope.com\/@fr\/114463089863642472","error":""},"_links":{"self":[{"href":"https:\/\/www.europesays.com\/fr\/wp-json\/wp\/v2\/posts\/80295","targetHints":{"allow":["GET"]}}],"collection":[{"href":"https:\/\/www.europesays.com\/fr\/wp-json\/wp\/v2\/posts"}],"about":[{"href":"https:\/\/www.europesays.com\/fr\/wp-json\/wp\/v2\/types\/post"}],"author":[{"embeddable":true,"href":"https:\/\/www.europesays.com\/fr\/wp-json\/wp\/v2\/users\/2"}],"replies":[{"embeddable":true,"href":"https:\/\/www.europesays.com\/fr\/wp-json\/wp\/v2\/comments?post=80295"}],"version-history":[{"count":0,"href":"https:\/\/www.europesays.com\/fr\/wp-json\/wp\/v2\/posts\/80295\/revisions"}],"wp:featuredmedia":[{"embeddable":true,"href":"https:\/\/www.europesays.com\/fr\/wp-json\/wp\/v2\/media\/80296"}],"wp:attachment":[{"href":"https:\/\/www.europesays.com\/fr\/wp-json\/wp\/v2\/media?parent=80295"}],"wp:term":[{"taxonomy":"category","embeddable":true,"href":"https:\/\/www.europesays.com\/fr\/wp-json\/wp\/v2\/categories?post=80295"},{"taxonomy":"post_tag","embeddable":true,"href":"https:\/\/www.europesays.com\/fr\/wp-json\/wp\/v2\/tags?post=80295"}],"curies":[{"name":"wp","href":"https:\/\/api.w.org\/{rel}","templated":true}]}}