{"id":80297,"date":"2025-05-06T21:48:23","date_gmt":"2025-05-06T21:48:23","guid":{"rendered":"https:\/\/www.europesays.com\/fr\/80297\/"},"modified":"2025-05-06T21:48:23","modified_gmt":"2025-05-06T21:48:23","slug":"joana-eliminee-de-koh-lanta-2025-le-monde-sest-ecroule","status":"publish","type":"post","link":"https:\/\/www.europesays.com\/fr\/80297\/","title":{"rendered":"Joana \u00e9limin\u00e9e de Koh-Lanta 2025 : \u00ab\u00a0Le monde s&rsquo;est \u00e9croul\u00e9\u00a0\u00bb"},"content":{"rendered":"<p>Malgr\u00e9 ses efforts pour se sauver co\u00fbte que co\u00fbte, Joana n&rsquo;a pas r\u00e9ussi <a href=\"https:\/\/www.programme-tv.net\/news\/tv\/370938-koh-lanta-2025-date-de-diffusion-candidats-nouveautes-toutes-les-infos-sur-la-revanche-des-4-terres-la-nouvelle-saison-du-jeu-de-tf1\/\" data-api-deeplink=\"teleloisirs:\/\/news\/370938\" target=\"_blank\" rel=\"noopener\">\u00e0 survivre \u00e0 ce nouveau conseil de Koh-Lanta, La revanche des 4 terres<\/a>. Il faut dire que l&rsquo;opportunit\u00e9 \u00e9tait trop belle pour ceux qui r\u00eavaient de la voir dehors d\u00e8s la r\u00e9unification : derni\u00e8re de l&rsquo;\u00e9preuve d&rsquo;immunit\u00e9 et donc contrainte d&rsquo;ajouter une voix \u00e0 son nom dans l&rsquo;urne, la jeune femme partait avec un s\u00e9rieux d\u00e9savantage avant le conseil. Critiqu\u00e9e pour son c\u00f4t\u00e9 \u00ab\u00a0grande gueule\u00a0\u00bb par les autres aventuriers,<a href=\"https:\/\/www.programme-tv.net\/news\/tv\/373325-joana-koh-lanta-2025-revient-sur-ses-nombreux-clashs-avec-andrea-je-n-aime-pas-parler-dans-le-dos-des-gens\/\" data-api-deeplink=\"teleloisirs:\/\/news\/373325\" target=\"_blank\" rel=\"noopener\"> la vaillante candidate qui s&rsquo;\u00e9vertuait pourtant \u00e0 aller p\u00eacher<\/a>, couper du bois ou alimenter le feu pour le bien-\u00eatre de la tribu, est revenue sur la fin de son aventure pour T\u00e9l\u00e9-Loisirs.<\/p>\n<p>\u00ab\u00a0C&rsquo;est une grosse d\u00e9ception\u00a0\u00bb : Joana regrette d&rsquo;avoir baiss\u00e9 les bras lors de l&rsquo;\u00e9preuve d&rsquo;immunit\u00e9 de Koh-Lanta, La revanche des 4 terres<\/p>\n<p><b>T\u00e9l\u00e9-Loisirs <\/b><b>: \u00c0 l&rsquo;instant o\u00f9 vous perdez l&rsquo;\u00e9preuve d&rsquo;immunit\u00e9, aviez-vous conscience que ce serait difficile de vous sauver ?<br \/>Joana : <\/b>Je savais que \u00e7a allait \u00eatre difficile. \u00c7a a fait plusieurs tours dans ma t\u00eate : je devais penser \u00e0 toutes les options qui pouvaient me permettre de rester. Naturellement, la premi\u00e8re chose a \u00e9t\u00e9 de me dire qu&rsquo;il fallait que j&rsquo;aille chercher un collier d&rsquo;immunit\u00e9. C&rsquo;\u00e9tait compliqu\u00e9 parce qu&rsquo;en m\u00eame temps, j&rsquo;\u00e9tais aussi un peu perdue et un peu dans le d\u00e9ni.<\/p>\n<p><b>On a eu l&rsquo;impression que vous avez \u00e9t\u00e9 moins combative que d&rsquo;habitude lors de cette \u00e9preuve. Vous confirmez ?<\/b><br \/>Habituellement, je ne l\u00e2che rien. Ce jour-l\u00e0, certaines personnes ont r\u00e9ussi \u00e0 rentrer dans mon cerveau et \u00e0 l&rsquo;\u00e9teindre pour que je baisse les bras. Je ne me suis pas battue sur cette \u00e9preuve : je n&rsquo;ai m\u00eame pas r\u00e9agi quand la boule est pass\u00e9e devant moi, alors que j&rsquo;aurais pu le faire. <b>C&rsquo;est une grosse d\u00e9ception<\/b> parce que je ne suis pas comme dans la vie de tous les jours.<\/p>\n<p><b>Dans l&rsquo;\u00e9mission, on ne vous a pas vu chercher un collier d&rsquo;immunit\u00e9. Est-ce d\u00fb au montage ?<\/b><br \/>Je l\u2019ai fait ! De toute fa\u00e7on dans Koh-Lanta, peu importe ce que nous faisons, m\u00eame en allant chercher du bois, \u00e0 manger et m\u00eame en allant faire pipi, on cherche toujours des colliers. Donc oui, j\u2019en ai cherch\u00e9 un.<\/p>\n<p><b>Qu&rsquo;avez-vous ressenti lorsque vous avez vu Denis Brogniart \u00e9teindre votre flambeau ?<br \/>Le monde s&rsquo;est \u00e9croul\u00e9<\/b>. Alors, au d\u00e9part, c&rsquo;est un rel\u00e2chement o\u00f9 je me dis que je vais \u00eatre coup\u00e9e de toutes les mauvaises langues, des strat\u00e9gies et de l&rsquo;acharnement que je subissais des ex-oranges et ex-verts. Puis, quand je prends conscience que je suis \u00e9limin\u00e9e et que mon aventure est termin\u00e9e, sauf en cas de blessure que je ne souhaite \u00e0 personne, c&rsquo;est l&rsquo;h\u00e9catombe.<\/p>\n<p><b>J\u00e9r\u00f4me et Ma\u00ebl de l&rsquo;Ouest ont lou\u00e9 votre implication sur le camp. N&rsquo;est-ce pas d\u00e9cevant que \u00e7a ne se soit pas retranscrit au niveau des votes ?<br \/><\/b>D&rsquo;un c\u00f4t\u00e9 \u00e7a fait plaisir parce que j&rsquo;ai toujours fait \u00e9norm\u00e9ment sur le camp entre la p\u00eache, le bois ou le feu. Apr\u00e8s, c&rsquo;est facile \u00e0 dire le jour o\u00f9 je pars. J\u00e9r\u00f4me a toujours eu des beaux mots pour moi en reconnaissant ce que je valais, donc pas de souci, apr\u00e8s Ga\u00eblle, C\u00e9line, Ma\u00ebl ou No\u00e9mie\u2026 Bon, \u00e7a me fait plaisir, mais c&rsquo;est un peu trop tard. On profitait de ce que je faisais, mais on m&rsquo;attaquait par derri\u00e8re au lieu de me dire d&rsquo;aller me reposer par exemple\u2026<\/p>\n<p>\u00ab\u00a0C&rsquo;\u00e9tait une strat\u00e9gie \u00e0 contrec\u0153ur\u00a0\u00bb : Joana revient sur la r\u00e9action avec Na\u00efs lors du conseil d&rsquo;immunit\u00e9 de Koh-Lanta 2025<\/p>\n<p><b>Votre fin d&rsquo;aventure est marqu\u00e9e par un accrochage avec Na\u00efs. Comprenez-vous qu&rsquo;elle vous reprochait votre manque d&rsquo;honn\u00eatet\u00e9 ? <br \/><\/b>Elle \u00e9tait d\u00e9\u00e7ue que je ne sois pas all\u00e9e la voir, mais moi, j&rsquo;estime que \u00e7a ne servait \u00e0 rien d&rsquo;en rajouter. Surtout que Na\u00efs fait partie de mes coups de c\u0153ur de l&rsquo;aventure. Si je n&rsquo;ai pas eu l&rsquo;honn\u00eatet\u00e9 d&rsquo;aller la voir, c&rsquo;est aussi parce que c&rsquo;\u00e9tait impossible pour moi. Si j&rsquo;avais eu le choix, je n&rsquo;aurais jamais vot\u00e9 contre quelqu&rsquo;un comme elle, mais \u00e7a se jouait forc\u00e9ment entre nous deux. Quand j&rsquo;ai compris que c&rsquo;\u00e9tait termin\u00e9 pour moi, j&rsquo;aurais d\u00fb inscrire un autre pr\u00e9nom, m\u00eame si finalement ni les ex-Bleus ni elle ne m&rsquo;en veulent.<\/p>\n<p><b>Tenter d&rsquo;orienter les votes contre Na\u00efs repr\u00e9sentait donc votre dernier infime espoir de rester ?<\/b> Clairement ! J&rsquo;avais comme derni\u00e8re option de cibler Na\u00efs parce que je savais que nous \u00e9tions toutes les deux en danger. Malheureusement, c&rsquo;est la seule autre personne qui aurait pu r\u00e9colter des votes \u00e0 ce moment-l\u00e0. Je r\u00e9p\u00e8te : <b>c&rsquo;\u00e9tait vraiment une strat\u00e9gie \u00e0 contrec\u0153ur<\/b>.<\/p>\n<p><b>Pensez-vous que <\/b><a href=\"https:\/\/www.programme-tv.net\/news\/tv\/377718-mon-rapatriement-en-france-etait-urgent-frederic-koh-lanta-2025-revele-la-nature-de-sa-blessure-a-lepaule\/\" data-api-deeplink=\"teleloisirs:\/\/news\/377718\" target=\"_blank\" rel=\"noopener\"><b>le d\u00e9part sur d\u00e9cision m\u00e9dicale de Fr\u00e9d\u00e9ric<\/b><\/a><b> la semaine pass\u00e9e a \u00e9t\u00e9 pr\u00e9judiciable sur la suite de votre aventure ? <\/b><br \/>Les choses auraient pu \u00eatre diff\u00e9rentes avec Fr\u00e9d\u00e9ric. Avec Claire et lui, nous nous \u00e9tions fait la promesse de ne pas voter les uns contre les autres. S&rsquo;il avait \u00e9t\u00e9 l\u00e0, \u00e7a enlevait un vote contre moi et \u00e7a nous assurait une protection en plus qui a saut\u00e9 d\u00e8s son d\u00e9part. Comme avec Allan au d\u00e9but de l&rsquo;aventure, \u00e7a a \u00e9t\u00e9 tr\u00e8s dur de le perdre, surtout que je venais de le retrouver. Il m&rsquo;a appris \u00e9norm\u00e9ment de choses.<\/p>\n<p><b>Avant de voir les \u00e9pisodes de <\/b><b>Koh-Lanta<\/b><b>, imaginiez-vous \u00eatre aussi clivante aupr\u00e8s de certains autres aventuriers ?<\/b><br \/>Je ne l&rsquo;aurais jamais cru. J&rsquo;ai tout appris sur place comme les autres donc je ne faisais pas les choses pour montrer que je savais les faire. J&rsquo;avais eu des retours de certaines personnes, je savais que je d\u00e9rangeais, mais je ne comprenais pas et je ne comprends toujours pas pourquoi.<\/p>\n<p><b>On imagine que de cette exp\u00e9rience, vous garderez ce c\u00f4t\u00e9 guerrier et aventurier que vous avez montr\u00e9 dans le jeu ? <\/b><br \/>Je suis hyper fi\u00e8re de l\u2019aventuri\u00e8re que j\u2019ai pu \u00eatre. J&rsquo;ai tout donn\u00e9 et ne regrette rien. Je me suis d\u00e9couverte en mode machine : je n\u2019aurai jamais cru que je tiendrais autant de temps dans ces conditions climatiques, nutritionnelles ou sportives. Je suis vraiment tr\u00e8s fi\u00e8re.<\/p>\n","protected":false},"excerpt":{"rendered":"Malgr\u00e9 ses efforts pour se sauver co\u00fbte que co\u00fbte, Joana n&rsquo;a pas r\u00e9ussi \u00e0 survivre \u00e0 ce nouveau&hellip;\n","protected":false},"author":2,"featured_media":80298,"comment_status":"","ping_status":"","sticky":false,"template":"","format":"standard","meta":{"footnotes":""},"categories":[1356],"tags":[244,58,59,1011,27,2173,2278,680,2277,252,199,1364],"class_list":{"0":"post-80297","1":"post","2":"type-post","3":"status-publish","4":"format-standard","5":"has-post-thumbnail","7":"category-television","8":"tag-commentaire","9":"tag-divertissement","10":"tag-entertainment","11":"tag-fr","12":"tag-france","13":"tag-interview","14":"tag-joana-koh-lanta","15":"tag-koh-lanta","16":"tag-la-revanche-des-4-terres","17":"tag-television","18":"tag-tf1","19":"tag-tv"},"share_on_mastodon":{"url":"https:\/\/pubeurope.com\/@fr\/114463093773431589","error":""},"_links":{"self":[{"href":"https:\/\/www.europesays.com\/fr\/wp-json\/wp\/v2\/posts\/80297","targetHints":{"allow":["GET"]}}],"collection":[{"href":"https:\/\/www.europesays.com\/fr\/wp-json\/wp\/v2\/posts"}],"about":[{"href":"https:\/\/www.europesays.com\/fr\/wp-json\/wp\/v2\/types\/post"}],"author":[{"embeddable":true,"href":"https:\/\/www.europesays.com\/fr\/wp-json\/wp\/v2\/users\/2"}],"replies":[{"embeddable":true,"href":"https:\/\/www.europesays.com\/fr\/wp-json\/wp\/v2\/comments?post=80297"}],"version-history":[{"count":0,"href":"https:\/\/www.europesays.com\/fr\/wp-json\/wp\/v2\/posts\/80297\/revisions"}],"wp:featuredmedia":[{"embeddable":true,"href":"https:\/\/www.europesays.com\/fr\/wp-json\/wp\/v2\/media\/80298"}],"wp:attachment":[{"href":"https:\/\/www.europesays.com\/fr\/wp-json\/wp\/v2\/media?parent=80297"}],"wp:term":[{"taxonomy":"category","embeddable":true,"href":"https:\/\/www.europesays.com\/fr\/wp-json\/wp\/v2\/categories?post=80297"},{"taxonomy":"post_tag","embeddable":true,"href":"https:\/\/www.europesays.com\/fr\/wp-json\/wp\/v2\/tags?post=80297"}],"curies":[{"name":"wp","href":"https:\/\/api.w.org\/{rel}","templated":true}]}}