{"id":803115,"date":"2026-03-16T15:59:15","date_gmt":"2026-03-16T15:59:15","guid":{"rendered":"https:\/\/www.europesays.com\/fr\/803115\/"},"modified":"2026-03-16T15:59:15","modified_gmt":"2026-03-16T15:59:15","slug":"france-insolite-arthur-fils-imite-gael-monfils-et-devoile-une-coupe-de-cheveux-inedite","status":"publish","type":"post","link":"https:\/\/www.europesays.com\/fr\/803115\/","title":{"rendered":"France, Insolite > Arthur Fils imite Ga\u00ebl Monfils et d\u00e9voile une coupe de cheveux in\u00e9dite"},"content":{"rendered":"<p><a href=\"https:\/\/www.welovetennis.fr\/wp-content\/uploads\/2026\/03\/Arthur-Fils-Indian-Wells-2026.jpeg\" data-caption=\"\" rel=\"nofollow noopener\" target=\"_blank\"><img loading=\"lazy\" decoding=\"async\" width=\"696\" height=\"377\" class=\"entry-thumb td-modal-image lazy\" src=\"data:image\/svg+xml,%3Csvg%20xmlns=\" http:=\"\" data-src=\"https:\/\/www.europesays.com\/fr\/wp-content\/uploads\/2026\/03\/Arthur-Fils-Indian-Wells-2026-696x377.jpeg\" data- data- alt=\"\" title=\"Arthur Fils Indian Wells 2026\"\/><\/a><\/p>\n<p>Certains disent que la coupe de cheveux peut avoir un impact, minime mais direct, sur les perfor\u00admances de certains joueurs sur le\u00a0court.<\/p>\n<p>Si nous n\u2019irons pas jusque\u2010l\u00e0, le nouveau look d\u00e9voil\u00e9 par Arthur Fils a en tout cas le m\u00e9rite de contraster avec son pr\u00e9c\u00e9\u00addent, passant de la coupe afro aux tresses plaqu\u00e9es.\u00a0<\/p>\n<p>Une coupe qui n\u2019est pas sans rappeler celle d\u2019un certain Ga\u00ebl Monfils \u00e0 une certaine \u00e9poque de sa longue carri\u00e8re.\u00a0<\/p>\n<blockquote class=\"twitter-tweet\">\n<p lang=\"en\" dir=\"ltr\">New look for Arthur Fils\ud83e\uddd1\ud83c\udffe\u200d\ud83e\uddb1<br \/>[arthur fils on insta\u00adgram] <a href=\"https:\/\/t.co\/PvVHzJd9s5\" data-wpel-link=\"external\" target=\"_blank\" rel=\"nofollow external noopener\">pic.twitter.com\/PvVHzJd9s5<\/a><\/p>\n<p>\u2014 Arthur Fils Updates (@filsupdates) <a href=\"https:\/\/twitter.com\/filsupdates\/status\/2033306911286640666?ref_src=twsrc%5Etfw\" data-wpel-link=\"external\" target=\"_blank\" rel=\"nofollow external noopener\">March 15,\u00a02026<\/a><\/p><\/blockquote>\n<p>En atten\u00addant, le nouveau prot\u00e9g\u00e9 de Goran Ivanisevic continue de travailler dur, lui qui reste sur un quart de finale sur le Masters 1000 d\u2019Indian Wells et qui ambi\u00adtionne de faire au moins aussi bien \u00e0 Miami (du 18 au 29\u00a0mars).\u00a0<\/p>\n<p class=\"post-published-date\" style=\"color: silver; font-size: 75%; text-align: left;\">Publi\u00e9 le lundi 16 mars 2026 \u00e0 13:13<\/p>\n<p><a href=\"https:\/\/www.welovetennis.fr\/author\/tsuscillon\" data-wpel-link=\"internal\" rel=\"nofollow noopener\" target=\"_blank\"><img loading=\"lazy\" decoding=\"async\" alt=\"\" src=\"data:image\/svg+xml,%3Csvg%20xmlns=\" http:=\"\" data-src=\"https:\/\/www.europesays.com\/fr\/wp-content\/uploads\/2026\/03\/1773676755_921_f61d6310189fcf678f92c1d7654c07221abc3d712df3fe26393003e95faa2d83.jpeg\" data- class=\"avatar avatar-96 photo lazy\" height=\"96\" width=\"96\"\/><\/a><br \/>\nA propos de l\u2019auteur<br \/>\n<a href=\"https:\/\/www.welovetennis.fr\/author\/tsuscillon\" data-wpel-link=\"internal\" rel=\"nofollow noopener\" target=\"_blank\">Thomas S<\/a><\/p>\n<p class=\"wlt-author-bio\">Journaliste \/ R\u00e9dacteur chez We Love Tennis.<\/p>\n<p>  <script async src=\"https:\/\/platform.twitter.com\/widgets.js\" charset=\"utf-8\"><\/script><\/p>\n","protected":false},"excerpt":{"rendered":"Certains disent que la coupe de cheveux peut avoir un impact, minime mais direct, sur les perfor\u00admances de&hellip;\n","protected":false},"author":2,"featured_media":803116,"comment_status":"","ping_status":"","sticky":false,"template":"","format":"standard","meta":{"footnotes":"","_share_on_mastodon":"0"},"categories":[1415],"tags":[3768,1011,27,3770,60,1467],"class_list":["post-803115","post","type-post","status-publish","format-standard","has-post-thumbnail","category-tennis","tag-arthur-fils","tag-fr","tag-france","tag-monfils","tag-sports","tag-tennis"],"share_on_mastodon":{"url":"https:\/\/pubeurope.com\/@fr\/116239686943983932","error":""},"_links":{"self":[{"href":"https:\/\/www.europesays.com\/fr\/wp-json\/wp\/v2\/posts\/803115","targetHints":{"allow":["GET"]}}],"collection":[{"href":"https:\/\/www.europesays.com\/fr\/wp-json\/wp\/v2\/posts"}],"about":[{"href":"https:\/\/www.europesays.com\/fr\/wp-json\/wp\/v2\/types\/post"}],"author":[{"embeddable":true,"href":"https:\/\/www.europesays.com\/fr\/wp-json\/wp\/v2\/users\/2"}],"replies":[{"embeddable":true,"href":"https:\/\/www.europesays.com\/fr\/wp-json\/wp\/v2\/comments?post=803115"}],"version-history":[{"count":0,"href":"https:\/\/www.europesays.com\/fr\/wp-json\/wp\/v2\/posts\/803115\/revisions"}],"wp:featuredmedia":[{"embeddable":true,"href":"https:\/\/www.europesays.com\/fr\/wp-json\/wp\/v2\/media\/803116"}],"wp:attachment":[{"href":"https:\/\/www.europesays.com\/fr\/wp-json\/wp\/v2\/media?parent=803115"}],"wp:term":[{"taxonomy":"category","embeddable":true,"href":"https:\/\/www.europesays.com\/fr\/wp-json\/wp\/v2\/categories?post=803115"},{"taxonomy":"post_tag","embeddable":true,"href":"https:\/\/www.europesays.com\/fr\/wp-json\/wp\/v2\/tags?post=803115"}],"curies":[{"name":"wp","href":"https:\/\/api.w.org\/{rel}","templated":true}]}}