{"id":803289,"date":"2026-03-16T17:56:14","date_gmt":"2026-03-16T17:56:14","guid":{"rendered":"https:\/\/www.europesays.com\/fr\/803289\/"},"modified":"2026-03-16T17:56:14","modified_gmt":"2026-03-16T17:56:14","slug":"guide-michelin-les-etoiles-conservees-pas-de-nouveau-laureat","status":"publish","type":"post","link":"https:\/\/www.europesays.com\/fr\/803289\/","title":{"rendered":"Guide Michelin : les \u00e9toiles conserv\u00e9es, pas de nouveau laur\u00e9at"},"content":{"rendered":"<p style=\"text-align: justify\" data-start=\"123\" data-end=\"457\"><strong>Tr\u00e8s attendues par les professionnels de la gastronomie comme par le grand public, les distinctions du c\u00e9l\u00e8bre Guide Michelin viennent de tomber. \u00c0 Rennes et ses alentours, les restaurants d\u00e9j\u00e0 d\u00e9tenteurs du pr\u00e9cieux s\u00e9same le conservent.<\/strong><\/p>\n<p style=\"text-align: justify\" data-start=\"123\" data-end=\"457\">Il n\u2019aura pas de nouveau restaurant \u00e9toil\u00e9 chez nous. Les d\u00e9tenteurs du titre restent cependant dans le Guide Rouge. C\u2019est le cas de <a href=\"https:\/\/guide.michelin.com\/fr\/fr\/bretagne\/rennes\/restaurant\/racines542026\" rel=\"nofollow noopener\" target=\"_blank\">Racines<\/a> (une \u00e9toile), <a href=\"https:\/\/guide.michelin.com\/fr\/fr\/bretagne\/rennes\/restaurant\/ima\" rel=\"nofollow noopener\" target=\"_blank\">Ima<\/a> (une \u00e9toile), La <a href=\"https:\/\/guide.michelin.com\/fr\/fr\/bretagne\/pire-chance\/restaurant\/la-table-des-peres-domaine-du-chateau-des-peres\" rel=\"nofollow noopener\" target=\"_blank\">Table des P\u00e8res<\/a> (une \u00e9toile), <a href=\"https:\/\/guide.michelin.com\/fr\/fr\/bretagne\/noyal-sur-vilaine\/restaurant\/auberge-du-pont-d-acigne\" rel=\"nofollow noopener\" target=\"_blank\">L\u2019Auberge du Pont d\u2019Acign\u00e9<\/a> (une \u00e9toile) et La <a href=\"https:\/\/guide.michelin.com\/fr\/fr\/bretagne\/saint-grgoire\/restaurant\/maison-ronan-kervarrec\" rel=\"nofollow noopener\" target=\"_blank\">Maison Ronan Kervarec<\/a> (2 \u00e9toiles).<\/p>\n<p style=\"text-align: justify\" data-start=\"123\" data-end=\"457\">Autour de la capitale bretonne, Le <a href=\"https:\/\/guide.michelin.com\/fr\/fr\/bretagne\/saint-malo\/restaurant\/le-st-placide\" rel=\"nofollow noopener\" target=\"_blank\">Saint Placide<\/a> (Saint-Malo, une \u00e9toile), <a href=\"https:\/\/guide.michelin.com\/fr\/fr\/bretagne\/saint-mloir-des-ondes\/restaurant\/le-coquillage\" rel=\"nofollow noopener\" target=\"_blank\">Le Coquillage<\/a> (Saint-M\u00e9loir-des-Ondes, et seule table \u00ab\u00a0trois \u00e9toiles\u00a0\u00bb de notre d\u00e9partement), L<a href=\"https:\/\/guide.michelin.com\/fr\/fr\/bretagne\/cancale\/restaurant\/la-table-breizh-cafe\" rel=\"nofollow noopener\" target=\"_blank\">a Table Breizh Caf\u00e9<\/a> (Cancale, une \u00e9toile) et le <a href=\"https:\/\/guide.michelin.com\/fr\/fr\/bretagne\/dinard\/restaurant\/pourquoi-pas\" rel=\"nofollow noopener\" target=\"_blank\">Pourquoi Pas<\/a> (Dinard, une \u00e9toile) pourront \u00e9galement arborer leurs r\u00e9compenses.<\/p>\n<p data-start=\"123\" data-end=\"457\">62 restaurants ont \u00e9t\u00e9 r\u00e9compens\u00e9s cette ann\u00e9e dans toute la France.<\/p>\n<p style=\"text-align: justify\" data-start=\"123\" data-end=\"457\">Comme le veut la tradition, Michelin a communiqu\u00e9 une semaine avant la c\u00e9r\u00e9monie la liste des \u00e9tablissements r\u00e9trograd\u00e9s. Aucun \u00e9tablissement breton n\u2019est concern\u00e9. \u00c0 Paris, L\u2019Ambroisie a perdu sa troisi\u00e8me \u00e9toile. Par ailleurs, trois restaurants fran\u00e7ais passent de deux \u00e0 une \u00e9toile, tandis que 17 \u00e9tablissements perdent leur unique distinction.<\/p>\n<p style=\"text-align: justify\" data-start=\"123\" data-end=\"457\"><strong>Une ann\u00e9e 2025 g\u00e9n\u00e9reuse<\/strong><\/p>\n<p style=\"text-align: justify\" data-start=\"459\" data-end=\"703\">L\u2019an dernier, le guide avait particuli\u00e8rement marqu\u00e9 les esprits en attribuant 68 nouvelles \u00e9toiles : deux restaurants avaient d\u00e9croch\u00e9 une troisi\u00e8me \u00e9toile, neuf avaient \u00e9t\u00e9 promus \u00e0 deux \u00e9toiles et 57 avaient obtenu leur premi\u00e8re distinction. C\u2019est dans ce palmar\u00e8s que le chef Hugo R\u0153llinger avait r\u00e9ussi la prouesse <a href=\"https:\/\/www.rennes-infos-autrement.fr\/trois-etoiles-pour-hugo-et-lille-et-vilaine\/\" rel=\"nofollow noopener\" target=\"_blank\">d\u2019accrocher 3 macarons<\/a> \u00e0 sa devanture. Son p\u00e8re Olivier avait perdu, en 2008, cette \u00e9toile retrouv\u00e9e.<\/p>\n<p style=\"text-align: justify\" data-start=\"705\" data-end=\"1000\" data-is-last-node=\"\" data-is-only-node=\"\">\u00a0<\/p>\n","protected":false},"excerpt":{"rendered":"Tr\u00e8s attendues par les professionnels de la gastronomie comme par le grand public, les distinctions du c\u00e9l\u00e8bre Guide&hellip;\n","protected":false},"author":2,"featured_media":803290,"comment_status":"","ping_status":"","sticky":false,"template":"","format":"standard","meta":{"footnotes":"","_share_on_mastodon":"0"},"categories":[2821],"tags":[1111,11,829,1777,674,1011,27,12,584,25],"class_list":["post-803289","post","type-post","status-publish","format-standard","has-post-thumbnail","category-rennes","tag-actu","tag-actualites","tag-bretagne","tag-eu","tag-europe","tag-fr","tag-france","tag-news","tag-rennes","tag-republique-francaise"],"share_on_mastodon":{"url":"https:\/\/pubeurope.com\/@fr\/116240147189357578","error":""},"_links":{"self":[{"href":"https:\/\/www.europesays.com\/fr\/wp-json\/wp\/v2\/posts\/803289","targetHints":{"allow":["GET"]}}],"collection":[{"href":"https:\/\/www.europesays.com\/fr\/wp-json\/wp\/v2\/posts"}],"about":[{"href":"https:\/\/www.europesays.com\/fr\/wp-json\/wp\/v2\/types\/post"}],"author":[{"embeddable":true,"href":"https:\/\/www.europesays.com\/fr\/wp-json\/wp\/v2\/users\/2"}],"replies":[{"embeddable":true,"href":"https:\/\/www.europesays.com\/fr\/wp-json\/wp\/v2\/comments?post=803289"}],"version-history":[{"count":0,"href":"https:\/\/www.europesays.com\/fr\/wp-json\/wp\/v2\/posts\/803289\/revisions"}],"wp:featuredmedia":[{"embeddable":true,"href":"https:\/\/www.europesays.com\/fr\/wp-json\/wp\/v2\/media\/803290"}],"wp:attachment":[{"href":"https:\/\/www.europesays.com\/fr\/wp-json\/wp\/v2\/media?parent=803289"}],"wp:term":[{"taxonomy":"category","embeddable":true,"href":"https:\/\/www.europesays.com\/fr\/wp-json\/wp\/v2\/categories?post=803289"},{"taxonomy":"post_tag","embeddable":true,"href":"https:\/\/www.europesays.com\/fr\/wp-json\/wp\/v2\/tags?post=803289"}],"curies":[{"name":"wp","href":"https:\/\/api.w.org\/{rel}","templated":true}]}}