{"id":803326,"date":"2026-03-16T18:17:18","date_gmt":"2026-03-16T18:17:18","guid":{"rendered":"https:\/\/www.europesays.com\/fr\/803326\/"},"modified":"2026-03-16T18:17:18","modified_gmt":"2026-03-16T18:17:18","slug":"le-proces-en-appel-de-nicolas-sarkozy-dans-laffaire-du-financement-libyen-souvre-a-paris","status":"publish","type":"post","link":"https:\/\/www.europesays.com\/fr\/803326\/","title":{"rendered":"Le proc\u00e8s en appel de Nicolas Sarkozy dans l&rsquo;affaire du financement libyen s&rsquo;ouvre \u00e0 Paris"},"content":{"rendered":"<p>Jusqu&rsquo;au 3 juin, l&rsquo;ancien pr\u00e9sident de la R\u00e9publique est jug\u00e9 en appel dans l&rsquo;affaire du financement libyen. Un dossier qui lui a valu une incarc\u00e9ration in\u00e9dite \u00e0 l&rsquo;automne.<\/p>\n<p>La libert\u00e9, ou la prison et le d\u00e9shonneur: l&rsquo;ex-pr\u00e9sident de la R\u00e9publique <a href=\"https:\/\/www.bfmtv.com\/politique\/nicolas-sarkozy_DN-200704120001.html\" title=\"Nicolas Sarkozy\" class=\"internal_link\" rel=\"nofollow noopener\" target=\"_blank\">Nicolas Sarkozy<\/a> affronte l&rsquo;une des \u00e9ch\u00e9ances les plus d\u00e9cisives de sa vie avec l&rsquo;ouverture ce lundi 16 mars du proc\u00e8s en appel de l&rsquo;<a href=\"https:\/\/www.bfmtv.com\/police-justice\/nicolas-sarkozy-juge-en-appel-dans-le-proces-libyen-du-16-mars-au-3-juin-prochain_AD-202511130409.html\" title=\"Nicolas Sarkozy jug\u00e9 en appel dans le proc\u00e8s libyen du 16 mars au 3 juin prochain\" class=\"internal_link\" rel=\"nofollow noopener\" target=\"_blank\">affaire du financement libyen<\/a>, qui lui a d\u00e9j\u00e0 valu une <a href=\"https:\/\/www.bfmtv.com\/police-justice\/les-images-du-depart-de-nicolas-sarkozy-vers-la-prison-de-la-sante-sous-les-acclamations-de-ses-partisans_AV-202510210296.html\" title=\"Les images du d\u00e9part de Nicolas Sarkozy vers la prison de la Sant\u00e9 sous les acclamations de ses partisans\" class=\"internal_link\" rel=\"nofollow noopener\" target=\"_blank\">incarc\u00e9ration in\u00e9dite \u00e0 l&rsquo;automne<\/a>.<\/p>\n<p>\u00c0 l&rsquo;occasion de cette audience, pr\u00e9vue jusqu&rsquo;au 3 juin dans le d\u00e9cor monumental de la premi\u00e8re chambre de la cour d&rsquo;appel de Paris, les enjeux ne sauraient \u00eatre plus \u00e9lev\u00e9s pour le pr\u00e9venu le plus c\u00e9l\u00e8bre de France, devenu l&rsquo;ann\u00e9e derni\u00e8re le premier ex-pr\u00e9sident (2007-2012) \u00e0 \u00eatre incarc\u00e9r\u00e9 de l&rsquo;histoire de la R\u00e9publique.<\/p>\n<p>Cinq ans de prison<\/p>\n<p>En septembre, le tribunal correctionnel de Paris l&rsquo;a d\u00e9clar\u00e9 coupable d&rsquo;association de malfaiteurs et l&rsquo;a condamn\u00e9 \u00e0 cinq ans d&#8217;emprisonnement ferme en raison d&rsquo;une \u00ab\u00a0corruption au plus haut niveau\u00a0\u00bb d&rsquo;une \u00ab\u00a0exceptionnelle gravit\u00e9\u00a0\u00bb. Entr\u00e9 le 21 octobre \u00e0 la <a href=\"https:\/\/www.bfmtv.com\/police-justice\/ce-que-l-on-sait-des-24-premieres-heures-de-detention-de-nicolas-sarkozy-a-la-prison-de-la-sante_AV-202510220325.html\" title=\"Ce que l&#039;on sait des 24 premi\u00e8res heures de d\u00e9tention de Nicolas Sarkozy \u00e0 la prison de la Sant\u00e9\" class=\"internal_link\" rel=\"nofollow noopener\" target=\"_blank\">prison de la Sant\u00e9<\/a> sous les cam\u00e9ras du monde entier, Nicolas Sarkozy a obtenu sa <a href=\"https:\/\/www.bfmtv.com\/police-justice\/le-droit-a-ete-applique-libere-sous-controle-judiciaire-nicolas-sarkozy-assure-que-la-verite-triomphera_AD-202511100777.html\" title=\"&quot;Le droit a \u00e9t\u00e9 appliqu\u00e9&quot;: lib\u00e9r\u00e9 sous contr\u00f4le judiciaire, Nicolas Sarkozy assure que &quot;la v\u00e9rit\u00e9 triomphera&quot;\" class=\"internal_link\" rel=\"nofollow noopener\" target=\"_blank\">mise en libert\u00e9 sous contr\u00f4le judiciaire<\/a> trois semaines plus tard.<\/p>\n<p><img width=\"1\" height=\"1\" class=\"lozad\"  alt=\"Tous les soirs dans Le Titre \u00e0 la Une, d\u00e9couvrez ce qui se cache derri\u00e8re les gros titres. Zacharie Legros vous raconte une histoire, un r\u00e9cit de vie, avec aussi le t\u00e9moignage intime de celles et ceux qui font l'actualit\u00e9.\"\/>\u201cPas de traitement privil\u00e9gi\u00e9\u201d: Nicolas Sarkozy \u00e9crou\u00e9 \u00e0 la Sant\u00e9, le r\u00e9cit d\u2019un emprisonnement historique<\/p>\n<p>Dans ce feuilleton politico-financier aux multiples m\u00e9andres, qui fait rage depuis 2011, l&rsquo;ancien champion de la droite est accus\u00e9 d&rsquo;avoir per\u00e7u des fonds secrets de la Libye du dictateur Mouammar Khadafi pour sa campagne pr\u00e9sidentielle victorieuse de 2007, ce qu&rsquo;il a toujours ni\u00e9 vigoureusement.<\/p>\n<p>En premi\u00e8re instance, le tribunal correctionnel l&rsquo;a relax\u00e9 pour trois des quatre infractions pour lesquelles il \u00e9tait jug\u00e9. Les juges ont estim\u00e9 que le financement libyen de la campagne \u00e9lectorale de 2007 n&rsquo;\u00e9tait pas \u00e9tabli, malgr\u00e9 l&rsquo;envoi corrobor\u00e9 de 6,5 millions d&rsquo;euros par la Libye en janvier et novembre 2006. Pour les magistrats, il n&rsquo;a pas \u00e9t\u00e9 apport\u00e9 la preuve que ces fonds ont effectivement atterri dans les caisses de la campagne qui a port\u00e9 Nicolas Sarkozy \u00e0 l&rsquo;\u00c9lys\u00e9e.<\/p>\n<p>Toutefois, ils ont jug\u00e9 que l&rsquo;ex-pr\u00e9sident avait effectivement laiss\u00e9 ses plus proches collaborateurs, <a href=\"https:\/\/www.bfmtv.com\/police-justice\/affaire-kadhafi-les-proches-de-nicolas-sarkozy-brice-hortefeux-et-claude-gueant-reconnus-coupables_AV-202509250478.html\" title=\"Affaire Kadhafi: les proches de Nicolas Sarkozy, Brice Hortefeux et Claude Gu\u00e9ant, condamn\u00e9s \u00e0 des peines allant jusqu&#039;\u00e0 six ans de prison\" class=\"internal_link\" rel=\"nofollow noopener\" target=\"_blank\">Claude Gu\u00e9ant et Brice Hortefeux<\/a>, d\u00e9marcher le pouvoir libyen en ce sens \u00e0 l&rsquo;occasion de rendez-vous secrets qu&rsquo;ils ont eus en Libye fin 2005 avec un proche de Mouammar Kadhafi, recherch\u00e9 par la justice fran\u00e7aise. L&rsquo;entourage de Nicolas Sarkozy n&rsquo;a pas souhait\u00e9 s&rsquo;exprimer avant l&rsquo;audience.<\/p>\n<p>Brice Hortefeux et Claude Gu\u00e9ant<\/p>\n<p>Outre Nicolas Sarkozy, aujourd&rsquo;hui \u00e2g\u00e9 de 71 ans, d\u00e9finitivement condamn\u00e9 dans les affaires Bismuth et Bygmalion, respectivement pour corruption et financement ill\u00e9gal de campagne, neuf autres pr\u00e9venus seront rejug\u00e9s \u00e0 l&rsquo;occasion de ce proc\u00e8s en appel.<\/p>\n<p>\u00ab\u00a0Le financement occulte de campagne \u00e9lectorale &#8211; qui repose sur un ensemble complexe d&rsquo;acteurs, de transactions financi\u00e8res et de montages juridiques &#8211; fragilise le pacte d\u00e9mocratique. Chaque euro d\u00e9tourn\u00e9 ou inject\u00e9 ill\u00e9galement est une atteinte directe \u00e0 la souverainet\u00e9\u00a0\u00bb, ont estim\u00e9 dans un communiqu\u00e9 les associations anticorruption Sherpa, Anticor et Transparency International France, parties civiles.<\/p>\n<p>Aux c\u00f4t\u00e9s de l&rsquo;ancien chef de l&rsquo;Etat doivent notamment compara\u00eetre son ex-bras droit Claude Gu\u00e9ant et l&rsquo;ancien ministre Brice Hortefeux, son ami de toujours.<\/p>\n<p>Secr\u00e9taire g\u00e9n\u00e9ral de l&rsquo;Elys\u00e9e sous la pr\u00e9sidence Sarkozy, Claude Gu\u00e9ant a \u00e9t\u00e9 l&rsquo;un des plus lourdement sanctionn\u00e9s en premi\u00e8re instance. Le tribunal l&rsquo;a condamn\u00e9 \u00e0 six ans de prison pour toute une s\u00e9rie de d\u00e9lits, dont corruption, trafic d&rsquo;influence passive ou encore faux et usage de faux.<\/p>\n<p>En raison de son \u00e9tat de sant\u00e9, il a \u00e9chapp\u00e9 au mandat de d\u00e9p\u00f4t et sa pr\u00e9sence au proc\u00e8s en appel est incertaine.<\/p>\n<p>Quant \u00e0 Brice Hortefeux, 67 ans, la justice lui reproche d&rsquo;avoir agi comme interm\u00e9diaire du financement \u00e0 travers le r\u00e9seau du Franco-Libanais <a href=\"https:\/\/www.bfmtv.com\/police-justice\/le-revirement-de-ziad-takieddine-signe-t-il-la-fin-des-ennuis-pour-nicolas-sarkozy_AN-202011120244.html\" title=\"Le revirement de Ziad Takieddine signe-t-il la fin des ennuis pour Nicolas Sarkozy?\" class=\"internal_link\" rel=\"nofollow noopener\" target=\"_blank\">Ziad Takieddine<\/a>. Ce personne central du dossier, qui avait \u00e9t\u00e9 jug\u00e9 en son absence devant le tribunal, est <a href=\"https:\/\/www.bfmtv.com\/police-justice\/l-homme-d-affaires-ziad-takieddine-personnage-cle-de-l-affaire-sarkozy-kadhafi-est-mort-a-l-age-de-75-ans_AN-202509230725.html\" title=\"L&#039;homme d&#039;affaires Ziad Takieddine, personnage cl\u00e9 de l&#039;affaire Sarkozy-Kadhafi, est mort \u00e0 l&#039;\u00e2ge de 75 ans\" class=\"internal_link\" rel=\"nofollow noopener\" target=\"_blank\">d\u00e9c\u00e9d\u00e9 juste avant le jugement<\/a>.<\/p>\n<p>Brice Hortefeux a \u00e9t\u00e9 condamn\u00e9 par le tribunal correctionnel \u00e0 deux ans de prison, une peine am\u00e9nageable \u00e0 effectuer sous bracelet \u00e0 domicile assortie de l&rsquo;ex\u00e9cution provisoire, et \u00e0 une amende de 50.000 euros.<\/p>\n<p>Sur le banc des pr\u00e9venus figure \u00e9galement l&rsquo;ex-ministre du Travail et du Budget Eric Woerth, qui fut le tr\u00e9sorier de la campagne de 2007. Sa relaxe en premi\u00e8re instance a fait l&rsquo;objet d&rsquo;un appel du parquet national financier (PNF).<\/p>\n<p>A l&rsquo;instar de Nicolas Sarkozy, les deux condamn\u00e9s \u00e9crou\u00e9s \u00e0 l&rsquo;issue du jugement de septembre, l&rsquo;interm\u00e9diaire Alexandre Djouhri et le banquier Wahib Nacer, ont \u00e9t\u00e9 mis en libert\u00e9 par la justice les semaines suivantes.<\/p>\n","protected":false},"excerpt":{"rendered":"Jusqu&rsquo;au 3 juin, l&rsquo;ancien pr\u00e9sident de la R\u00e9publique est jug\u00e9 en appel dans l&rsquo;affaire du financement libyen. Un&hellip;\n","protected":false},"author":2,"featured_media":803327,"comment_status":"","ping_status":"","sticky":false,"template":"","format":"standard","meta":{"footnotes":"","_share_on_mastodon":"0"},"categories":[1888],"tags":[1111,1928,11,1927,1777,674,1011,27,12,1926,626,1925,25],"class_list":["post-803326","post","type-post","status-publish","format-standard","has-post-thumbnail","category-paris","tag-actu","tag-actu-paris","tag-actualites","tag-actualites-paris","tag-eu","tag-europe","tag-fr","tag-france","tag-news","tag-news-paris","tag-paris","tag-paris-news","tag-republique-francaise"],"share_on_mastodon":{"url":"https:\/\/pubeurope.com\/@fr\/116240229768218705","error":""},"_links":{"self":[{"href":"https:\/\/www.europesays.com\/fr\/wp-json\/wp\/v2\/posts\/803326","targetHints":{"allow":["GET"]}}],"collection":[{"href":"https:\/\/www.europesays.com\/fr\/wp-json\/wp\/v2\/posts"}],"about":[{"href":"https:\/\/www.europesays.com\/fr\/wp-json\/wp\/v2\/types\/post"}],"author":[{"embeddable":true,"href":"https:\/\/www.europesays.com\/fr\/wp-json\/wp\/v2\/users\/2"}],"replies":[{"embeddable":true,"href":"https:\/\/www.europesays.com\/fr\/wp-json\/wp\/v2\/comments?post=803326"}],"version-history":[{"count":0,"href":"https:\/\/www.europesays.com\/fr\/wp-json\/wp\/v2\/posts\/803326\/revisions"}],"wp:featuredmedia":[{"embeddable":true,"href":"https:\/\/www.europesays.com\/fr\/wp-json\/wp\/v2\/media\/803327"}],"wp:attachment":[{"href":"https:\/\/www.europesays.com\/fr\/wp-json\/wp\/v2\/media?parent=803326"}],"wp:term":[{"taxonomy":"category","embeddable":true,"href":"https:\/\/www.europesays.com\/fr\/wp-json\/wp\/v2\/categories?post=803326"},{"taxonomy":"post_tag","embeddable":true,"href":"https:\/\/www.europesays.com\/fr\/wp-json\/wp\/v2\/tags?post=803326"}],"curies":[{"name":"wp","href":"https:\/\/api.w.org\/{rel}","templated":true}]}}