{"id":80333,"date":"2025-05-06T22:07:12","date_gmt":"2025-05-06T22:07:12","guid":{"rendered":"https:\/\/www.europesays.com\/fr\/80333\/"},"modified":"2025-05-06T22:07:12","modified_gmt":"2025-05-06T22:07:12","slug":"un-homme-poignarde-sur-la-place-de-la-comedie","status":"publish","type":"post","link":"https:\/\/www.europesays.com\/fr\/80333\/","title":{"rendered":"un homme poignard\u00e9 sur la place de la Com\u00e9die"},"content":{"rendered":"<p>            Par<br \/>\n        <strong><br \/>\n            <a href=\"https:\/\/actu.fr\/auteur\/metropoop\" title=\"Consulter tous les articles de R\u00e9daction M\u00e9tropolitain\" rel=\"nofollow noopener\" target=\"_blank\">R\u00e9daction M\u00e9tropolitain<\/a><br \/>\n        <\/strong><\/p>\n<p>        Publi\u00e9 le<\/p>\n<p>            6 mai 2025 \u00e0 17h35        <\/p>\n<p><strong>Ce mardi 6 mai 2025<\/strong>, vers 16h45, <strong>une violente agression<\/strong> a \u00e9clat\u00e9 <strong>sur la place de la Com\u00e9die<\/strong>, \u00e0 Montpellier. <strong>Un homme, d\u2019environ 35 ans, a \u00e9t\u00e9 bless\u00e9 par arme blanche<\/strong> \u00e0 quelques m\u00e8tres de l\u2019Office de tourisme. Plusieurs appels ont afflu\u00e9 quasi simultan\u00e9ment \u00e0 la police nationale, alertant d\u2019un homme bless\u00e9 sur la place pi\u00e9tonne.<\/p>\n<p>    <a href=\"https:\/\/www.google.com\/maps\/embed?pb=!1m18!1m12!1m3!1d23114.090373704526!2d3.8535167999999995!3d43.6011008!2m3!1f0!2f0!3f0!3m2!1i1024!2i768!4f13.1!3m3!1m2!1s0x12b6afa0b0ec1d21%3A0xac046d98c3fbd822!2sOffice%20de%20Tourisme%20%26%20des%20Congr%C3%A8s%20Montpellier%20M%C3%A9diterran%C3%A9e%20M%C3%A9tropole!5e0!3m2!1sen!2sfr!4v1746545264931!5m2!1sen!2sfr\" title=\"Ouvrie le lien\" rel=\"nofollow noopener\" target=\"_blank\">Cliquez ici pour visualiser le contenu<\/a><\/p>\n<p>L\u2019agresseur en fuite<\/p>\n<p class=\" wall-content\">Tr\u00e8s vite, les secours sont arriv\u00e9s sur les lieux. Deux m\u00e9decins du Sdis 34 ont \u00e9t\u00e9 d\u00e9p\u00each\u00e9s sur place. Ils ont pris en charge la victime, qui a subi deux coups de couteau au flanc droit, dont on ignore encore l\u2019\u00e9tat de sant\u00e9 exact. L\u2019auteur des faits a imm\u00e9diatement pris la fuite apr\u00e8s l\u2019agression. Il est activement recherch\u00e9 par les forces de l\u2019ordre.\u00a0<\/p>\n<p class=\" wall-content\"><strong>&gt; Plus d\u2019informations \u00e0 suivre<\/strong><\/p>\n<p class=\" wall-content\">Suivez toute l\u2019actualit\u00e9 de vos villes et m\u00e9dias favoris en vous inscrivant \u00e0 <a href=\"https:\/\/moncompte.actu.fr\" title=\"D\u00e9couvez Mon Actu\" rel=\"nofollow noopener\" data-trk=\"{&quot;cta&quot;:{&quot;action&quot;:&quot;https:\\\/\\\/moncompte.actu.fr&quot;,&quot;category&quot;:&quot;mon compte&quot;,&quot;from&quot;:&quot;article footer&quot;,&quot;name&quot;:&quot;Mon actu&quot;,&quot;type&quot;:&quot;cta&quot;}}\" target=\"_blank\">Mon Actu<\/a>.<\/p>\n","protected":false},"excerpt":{"rendered":"Par R\u00e9daction M\u00e9tropolitain Publi\u00e9 le 6 mai 2025 \u00e0 17h35 Ce mardi 6 mai 2025, vers 16h45, une&hellip;\n","protected":false},"author":2,"featured_media":80334,"comment_status":"","ping_status":"","sticky":false,"template":"","format":"standard","meta":{"footnotes":""},"categories":[9599],"tags":[1111,11,1777,674,118,1011,27,2208,12,2680,1072,1311,25,7501],"class_list":{"0":"post-80333","1":"post","2":"type-post","3":"status-publish","4":"format-standard","5":"has-post-thumbnail","7":"category-montpellier","8":"tag-actu","9":"tag-actualites","10":"tag-eu","11":"tag-europe","12":"tag-faits-divers","13":"tag-fr","14":"tag-france","15":"tag-montpellier","16":"tag-news","17":"tag-occitanie","18":"tag-police","19":"tag-pompiers","20":"tag-republique-francaise","21":"tag-violences-urbaines"},"share_on_mastodon":{"url":"https:\/\/pubeurope.com\/@fr\/114463168437478780","error":""},"_links":{"self":[{"href":"https:\/\/www.europesays.com\/fr\/wp-json\/wp\/v2\/posts\/80333","targetHints":{"allow":["GET"]}}],"collection":[{"href":"https:\/\/www.europesays.com\/fr\/wp-json\/wp\/v2\/posts"}],"about":[{"href":"https:\/\/www.europesays.com\/fr\/wp-json\/wp\/v2\/types\/post"}],"author":[{"embeddable":true,"href":"https:\/\/www.europesays.com\/fr\/wp-json\/wp\/v2\/users\/2"}],"replies":[{"embeddable":true,"href":"https:\/\/www.europesays.com\/fr\/wp-json\/wp\/v2\/comments?post=80333"}],"version-history":[{"count":0,"href":"https:\/\/www.europesays.com\/fr\/wp-json\/wp\/v2\/posts\/80333\/revisions"}],"wp:featuredmedia":[{"embeddable":true,"href":"https:\/\/www.europesays.com\/fr\/wp-json\/wp\/v2\/media\/80334"}],"wp:attachment":[{"href":"https:\/\/www.europesays.com\/fr\/wp-json\/wp\/v2\/media?parent=80333"}],"wp:term":[{"taxonomy":"category","embeddable":true,"href":"https:\/\/www.europesays.com\/fr\/wp-json\/wp\/v2\/categories?post=80333"},{"taxonomy":"post_tag","embeddable":true,"href":"https:\/\/www.europesays.com\/fr\/wp-json\/wp\/v2\/tags?post=80333"}],"curies":[{"name":"wp","href":"https:\/\/api.w.org\/{rel}","templated":true}]}}