{"id":80344,"date":"2025-05-06T22:14:24","date_gmt":"2025-05-06T22:14:24","guid":{"rendered":"https:\/\/www.europesays.com\/fr\/80344\/"},"modified":"2025-05-06T22:14:24","modified_gmt":"2025-05-06T22:14:24","slug":"pour-celebrer-les-80-ans-de-la-paix-en-europe-strasbourg-organise-une-guinguette-gratuite","status":"publish","type":"post","link":"https:\/\/www.europesays.com\/fr\/80344\/","title":{"rendered":"pour c\u00e9l\u00e9brer les 80 ans de la paix en Europe, Strasbourg organise une guinguette gratuite"},"content":{"rendered":"<p>    <img loading=\"lazy\" width=\"1800\" height=\"900\" src=\"https:\/\/www.europesays.com\/fr\/wp-content\/uploads\/2025\/04\/jeanne-callthepolice.jpg\" class=\"attachment-full size-full\" alt=\"\" id=\"imageLove\" decoding=\"async\"  \/><\/p>\n<p id=\"breadcrumbs\"><a href=\"https:\/\/pokaa.fr\/\" rel=\"nofollow noopener\" target=\"_blank\">Accueil<\/a> \/ <a href=\"https:\/\/pokaa.fr\/categories\/ses-sorties\/\" rel=\"nofollow noopener\" target=\"_blank\">Sorties<\/a> \/ 8 mai : pour c\u00e9l\u00e9brer les 80 ans de la paix en Europe, Strasbourg organise une guinguette gratuite<\/p>\n<p>                    Sorties<\/p>\n<p><strong>Pour comm\u00e9morer les 80 ans du 8 mai 1945, la capitulation du r\u00e9gime nazi, la fin de la Seconde Guerre mondiale mais aussi le d\u00e9but de la r\u00e9conciliation entre la France et l\u2019Allemagne, la Ville de Strasbourg organise toute une journ\u00e9e remplie d\u2019activit\u00e9s. Spoiler : \u00e7a va danser en fin de journ\u00e9e.<\/strong><\/p>\n<p>Le 8 mai 1945, le r\u00e9gime nazi capitulait, orchestrant la fin de la Seconde Guerre mondiale, qui avait men\u00e9 \u00e0 l\u2019annexion de Strasbourg par l\u2019Allemagne nazie. <strong>Une date synonyme de nouveau d\u00e9part pour Strasbourg, mais aussi pour la France et l\u2019Allemagne, qui se sont progressivement rapproch\u00e9es avec le temps<\/strong>. D\u2019abord en 1949 par la cr\u00e9ation du Conseil de l\u2019Europe, si\u00e9geant \u00e0 Strasbourg, puis le 9 mai 1950 par le Plan Schuman, d\u00e9sormais date de la Journ\u00e9e de l\u2019Europe, et enfin en 1951 par la cr\u00e9ation de la Communaut\u00e9 europ\u00e9enne du charbon et de l\u2019acier.<\/p>\n<p>Une coop\u00e9ration au centre de laquelle Strasbourg a jou\u00e9 un r\u00f4le majeur, puisqu\u2019elle est d\u00e9sormais connue comme la capitale europ\u00e9enne. <strong>Rien de plus normal, donc, qu\u2019en ce 8 mai 2025, pour les 80 ans de la fin de la Seconde Guerre mondiale, Strasbourg ait pr\u00e9vu un programme aux petits oignons pour comm\u00e9morer l\u2019histoire<\/strong>, afin de ne surtout pas la r\u00e9p\u00e9ter alors m\u00eame que le monde est \u00e0 nouveau menac\u00e9 par les tensions internationales et la mont\u00e9e des extr\u00eames.<\/p>\n<p>                <a href=\"https:\/\/pokaa.fr\/2025\/05\/02\/bougeons-pour-faire-lunion-en-mai-strasbourg-fete-leurope-avec-50-animations-gratuites\/\" rel=\"nofollow noopener\" target=\"_blank\"><br \/>\n                    <img width=\"450\" height=\"270\" src=\"https:\/\/www.europesays.com\/fr\/wp-content\/uploads\/2025\/05\/mirdass-2024-05-09-2873-450x270.jpg\" class=\"attachment-card-horizontal--same-subject size-card-horizontal--same-subject wp-post-image\" alt=\"\" decoding=\"async\" loading=\"lazy\"\/>                <\/a><\/p>\n<p>    <img width=\"800\" height=\"533\" src=\"https:\/\/www.europesays.com\/fr\/wp-content\/uploads\/2025\/05\/1746569662_162_mirdass-2024-05-09-2873-800x533.jpg\" class=\"attachment-image-size-L size-image-size-L\" alt=\"F\u00eate de l\u2019Europe\" decoding=\"async\" loading=\"lazy\"  \/>         F\u00eate de l&rsquo;Europe \u00a9 Abdesslam Mirdass pour Strasbourg Eurom\u00e9tropole \/ Document remis <\/p>\n<p>Le programme de la journ\u00e9e, qui se finira en dansant<\/p>\n<p>Ce 8 mai 2025, le programme de la f\u00eate de la victoire est vari\u00e9, ainsi que charg\u00e9. <strong>On commence \u00e0 11h place de la R\u00e9publique, pour la c\u00e9r\u00e9monie du souvenir<\/strong>. Ensuite, une d\u00e9ambulation cyclable encadr\u00e9e emm\u00e8nera les participant(e)s sur les traces du nazisme, de la d\u00e9portation et de la r\u00e9sistance \u00e0 Strasbourg, avec un d\u00e9part devant le Jardin M\u00e9moriel de la Place des Halles, r\u00e9cemment inaugur\u00e9. Malheureusement, cette d\u00e9ambulation est d\u00e9j\u00e0 compl\u00e8te.<\/p>\n<p>                <a href=\"https:\/\/pokaa.fr\/2025\/01\/27\/hommage-aux-victimes-de-la-shoah-strasbourg-a-inaugure-son-nouveau-jardin-memoriel\/\" rel=\"nofollow noopener\" target=\"_blank\"><br \/>\n                    <img width=\"450\" height=\"270\" src=\"https:\/\/www.europesays.com\/fr\/wp-content\/uploads\/2025\/05\/img-6371-2-grande-450x270.jpeg\" class=\"attachment-card-horizontal--same-subject size-card-horizontal--same-subject wp-post-image\" alt=\"\" decoding=\"async\" loading=\"lazy\"\/>                <\/a><\/p>\n<p>Sur les coups de 17h, il sera possible d\u2019assister \u00e0 un geste de l\u2019amiti\u00e9 entre Jeanne Barseghian et Wolfram Bitz, le maire de Kehl. <strong>Pour cela, il faudra se rendre sur la passerelle Mimram au jardin des Deux-Rives<\/strong>, symbole embl\u00e9matique du caract\u00e8re transfrontalier de Strasbourg. Un moment d\u2019amiti\u00e9 franco-allemand mis en sc\u00e8ne et accompagn\u00e9 par des lectures du Conseil des Jeunes de Strasbourg et des coll\u00e9giens de la Ville de Strasbourg.<\/p>\n<p>Enfin, et c\u2019est l\u00e0 le clou du spectacle, <strong>une guinguette sera organis\u00e9e sur la place Broglie aux alentours de 19h<\/strong>. Une mani\u00e8re de c\u00e9l\u00e9brer cette journ\u00e9e de mani\u00e8re plus festive, avec sa famille et ses ami(e)s. Pour participer, <a href=\"https:\/\/my.weezevent.com\/guinguette-de-la-commemoration-du-8-mai-1945\" target=\"_blank\" rel=\"noopener nofollow\">il suffit juste de s\u2019inscrire gratuitement en suivant ce lien<\/a>. De quoi repartir de cette journ\u00e9e symbolique le corps fourbu et l\u2019esprit d\u00e9tendu.<\/p>\n<p>    <img width=\"800\" height=\"478\" src=\"https:\/\/www.europesays.com\/fr\/wp-content\/uploads\/2025\/05\/47943-052-800x478.jpeg\" class=\"attachment-image-size-L size-image-size-L\" alt=\"47943_052\" decoding=\"async\" loading=\"lazy\"  \/>         \u00a9 Conseil de l&rsquo;Europe \/ Document remis <\/p>\n<p>            8 mai 1945 \u2013 2025 : Strasbourg, c\u0153ur battant d\u2019une Europe en paix<\/p>\n<p>            Quoi ? <\/p>\n<p>Journ\u00e9e de comm\u00e9moration du 8 mai, date de la fin de la Seconde Guerre mondiale<\/p>\n<p>                Quand ?<\/p>\n<p>8 mai 2025<\/p>\n<p>            o\u00f9 ?<\/p>\n<p>Place de la R\u00e9publique, jardin des Deux-Rives et place Broglie<\/p>\n<p>                Plus d&rsquo;infos ?<\/p>\n<p><a href=\"https:\/\/www.strasbourg.eu\/-\/8-mai-1945-2025-strasbourg-c%C5%93ur-battant-d-une-europe-en-paix\" target=\"_blank\" rel=\"noopener nofollow\">Programme<\/a><\/p>\n<p><a href=\"https:\/\/my.weezevent.com\/guinguette-de-la-commemoration-du-8-mai-1945\" target=\"_blank\" rel=\"noopener nofollow\">Inscription guinguette<\/a><\/p>\n","protected":false},"excerpt":{"rendered":"Accueil \/ Sorties \/ 8 mai : pour c\u00e9l\u00e9brer les 80 ans de la paix en Europe, Strasbourg&hellip;\n","protected":false},"author":2,"featured_media":80345,"comment_status":"","ping_status":"","sticky":false,"template":"","format":"standard","meta":{"footnotes":""},"categories":[2820],"tags":[18719,1111,11,1777,674,1011,27,775,12,2403,25,640],"class_list":{"0":"post-80344","1":"post","2":"type-post","3":"status-publish","4":"format-standard","5":"has-post-thumbnail","7":"category-strasbourg","8":"tag-8-mai","9":"tag-actu","10":"tag-actualites","11":"tag-eu","12":"tag-europe","13":"tag-fr","14":"tag-france","15":"tag-grand-est","16":"tag-news","17":"tag-paix","18":"tag-republique-francaise","19":"tag-strasbourg"},"share_on_mastodon":{"url":"https:\/\/pubeurope.com\/@fr\/114463196149667641","error":""},"_links":{"self":[{"href":"https:\/\/www.europesays.com\/fr\/wp-json\/wp\/v2\/posts\/80344","targetHints":{"allow":["GET"]}}],"collection":[{"href":"https:\/\/www.europesays.com\/fr\/wp-json\/wp\/v2\/posts"}],"about":[{"href":"https:\/\/www.europesays.com\/fr\/wp-json\/wp\/v2\/types\/post"}],"author":[{"embeddable":true,"href":"https:\/\/www.europesays.com\/fr\/wp-json\/wp\/v2\/users\/2"}],"replies":[{"embeddable":true,"href":"https:\/\/www.europesays.com\/fr\/wp-json\/wp\/v2\/comments?post=80344"}],"version-history":[{"count":0,"href":"https:\/\/www.europesays.com\/fr\/wp-json\/wp\/v2\/posts\/80344\/revisions"}],"wp:featuredmedia":[{"embeddable":true,"href":"https:\/\/www.europesays.com\/fr\/wp-json\/wp\/v2\/media\/80345"}],"wp:attachment":[{"href":"https:\/\/www.europesays.com\/fr\/wp-json\/wp\/v2\/media?parent=80344"}],"wp:term":[{"taxonomy":"category","embeddable":true,"href":"https:\/\/www.europesays.com\/fr\/wp-json\/wp\/v2\/categories?post=80344"},{"taxonomy":"post_tag","embeddable":true,"href":"https:\/\/www.europesays.com\/fr\/wp-json\/wp\/v2\/tags?post=80344"}],"curies":[{"name":"wp","href":"https:\/\/api.w.org\/{rel}","templated":true}]}}