{"id":80369,"date":"2025-05-06T22:27:13","date_gmt":"2025-05-06T22:27:13","guid":{"rendered":"https:\/\/www.europesays.com\/fr\/80369\/"},"modified":"2025-05-06T22:27:13","modified_gmt":"2025-05-06T22:27:13","slug":"cinema-a-marseille-castellane-programmation-seances-et-films-a-laffiche-pres-du-metro","status":"publish","type":"post","link":"https:\/\/www.europesays.com\/fr\/80369\/","title":{"rendered":"Cin\u00e9ma \u00e0 Marseille Castellane : programmation, s\u00e9ances et films \u00e0 l&rsquo;affiche pr\u00e8s du m\u00e9tro"},"content":{"rendered":"<p>Je d\u00e9ambule souvent autour de la <strong>place Castellane \u00e0 Marseille<\/strong>, cette zone si vibrante qui a vu d\u00e9filer tant de cin\u00e9philes pendant des d\u00e9cennies. Le <strong>cin\u00e9ma Le C\u00e9sar<\/strong>, v\u00e9ritable institution culturelle marseillaise, traverse actuellement une p\u00e9riode charni\u00e8re apr\u00e8s sa fermeture en septembre 2023. Bonne nouvelle pour tous les amateurs du 7e art : la <strong>Ville de Marseille a pr\u00e9empt\u00e9 le fonds de commerce<\/strong> de cet \u00e9tablissement iconique. Une d\u00e9marche qui t\u00e9moigne d\u2019une r\u00e9elle ambition municipale de conserver la vocation cin\u00e9matographique et culturelle de ce lieu embl\u00e9matique. Analysons ensemble la situation actuelle et les perspectives d\u2019avenir qui se dessinent pour ce joyau du patrimoine culturel marseillais.<\/p>\n<p>La renaissance du cin\u00e9ma Le C\u00e9sar : un projet culturel ambitieux pour Castellane<br \/>\nL\u2019histoire d\u2019un lieu embl\u00e9matique<\/p>\n<p>C\u2019est en 1938 que <strong>Marcel Pagnol ouvre Le C\u00e9sar<\/strong> dans un ancien entrep\u00f4t de bus, donnant naissance \u00e0 un espace culturel qui allait marquer l\u2019histoire de Marseille. Si tu cherches des <a href=\"https:\/\/www.newsofmarseille.com\/top-10-activites-incontournables-marseille-decouvrez-cite-phoceenne-autrement-00102492025.html\" rel=\"nofollow noopener\" target=\"_blank\">activit\u00e9s incontournables \u00e0 Marseille<\/a>, ce cin\u00e9ma en faisait partie depuis 85 ans. Avec ses trois salles intimistes, cet \u00e9tablissement labellis\u00e9 art et essai a accueilli plusieurs g\u00e9n\u00e9rations de Marseillais passionn\u00e9s. Je me souviens encore des files d\u2019attente qui s\u2019y formaient lors des avant-premi\u00e8res, t\u00e9moignant de l\u2019attachement profond des habitants \u00e0 ce lieu de culture populaire.<\/p>\n<p>Le C\u00e9sar est devenu au fil des d\u00e9cennies bien plus qu\u2019un simple cin\u00e9ma : un v\u00e9ritable carrefour culturel o\u00f9 se croisaient \u00e9tudiants, familles et cin\u00e9philes avertis. Sa programmation exigeante mais accessible en avait fait un <strong>pilier du paysage culturel marseillais<\/strong>, participant activement \u00e0 la vie sociale du quartier Castellane.<\/p>\n<p>Les raisons de la fermeture en 2023<\/p>\n<p>Repris en 2017 par Jean Mizrahi, Le C\u00e9sar a malheureusement d\u00fb faire face \u00e0 des d\u00e9fis \u00e9conomiques insurmontables. La principale raison de sa fermeture ? Un <strong>loyer devenu \u00e9conomiquement insoutenable<\/strong> qui absorbait pr\u00e8s de la moiti\u00e9 de ses revenus en 2022. Une situation financi\u00e8re intenable qui a rendu l\u2019exploitation non viable selon le g\u00e9rant. J\u2019ai pu constater que les travaux de prolongement du tramway T3 n\u2019ont rien arrang\u00e9, compliquant l\u2019acc\u00e8s au cin\u00e9ma et r\u00e9duisant m\u00e9caniquement sa fr\u00e9quentation.<\/p>\n<p>Ces difficult\u00e9s ont abouti \u00e0 la fermeture d\u00e9finitive des portes en septembre 2023, laissant un vide culturel immense dans le quartier. Le silence qui r\u00e8gne d\u00e9sormais dans ces salles historiques m\u2019attriste chaque fois que je passe devant sa fa\u00e7ade embl\u00e9matique.<\/p>\n<p>La pr\u00e9emption par la Ville de Marseille<\/p>\n<p>Face \u00e0 cette situation critique, la municipalit\u00e9 a d\u00e9cid\u00e9 d\u2019intervenir en usant de son <strong>droit de pr\u00e9emption commercial pour acqu\u00e9rir le fonds de commerce<\/strong> \u00e0 la place du repreneur pressenti. Cette d\u00e9marche in\u00e9dite valide l\u2019importance symbolique accord\u00e9e au C\u00e9sar. Rebecca Bernardi, adjointe aux commerces, ne cache pas l\u2019urgence de l\u2019op\u00e9ration : \u00ab\u00a0C\u2019est all\u00e9 tr\u00e8s vite, Le C\u00e9sar, \u00e7a parle \u00e0 tout le monde\u00a0\u00bb.<\/p>\n<p>Jean-Marc Coppola, adjoint \u00e0 la Culture, avait auparavant tent\u00e9 une m\u00e9diation entre l\u2019exploitant et les propri\u00e9taires, soulignant que la future activit\u00e9 pourrait \u00ab\u00a0valoriser le lieu tout en restant compatible avec une dimension commerciale\u00a0\u00bb. Olivia Fortin, maire des 6-8, affiche sa fiert\u00e9 quant \u00e0 cette initiative qui pr\u00e9figure la dynamique souhait\u00e9e pour ce quartier et la place Castellane.<\/p>\n<p>Le futur appel \u00e0 projets<\/p>\n<p>La Ville pr\u00e9voit maintenant de lancer un <strong>appel \u00e0 projets dans les prochains mois<\/strong> pour favoriser l\u2019implantation d\u2019une activit\u00e9 commerciale attractive qui conservera la vocation cin\u00e9matographique du lieu. Avant de finaliser le cahier des charges, un benchmark d\u2019autres mod\u00e8les existants sera entrepris, accompagn\u00e9 d\u2019une \u00e9valuation minutieuse de l\u2019\u00e9tat des locaux.<\/p>\n<p>Cette d\u00e9marche r\u00e9fl\u00e9chie vise \u00e0 garantir la viabilit\u00e9 du futur projet tout en respectant l\u2019\u00e2me et l\u2019histoire du C\u00e9sar. Je suis impatient de d\u00e9couvrir les propositions qui \u00e9mergeront de cet appel, esp\u00e9rant qu\u2019elles sauront conjuguer exigence culturelle et r\u00e9alisme \u00e9conomique.<\/p>\n<p>Les perspectives pour la Place Castellane<\/p>\n<p>Cette pr\u00e9emption s\u2019inscrit dans une vision plus large de revitalisation de la <strong>place Castellane comme espace populaire, vivant et culturel<\/strong>. Elle refl\u00e8te la strat\u00e9gie municipale de ma\u00eetriser les futures implantations commerciales tout en renfor\u00e7ant l\u2019attractivit\u00e9 \u00e9conomique de Marseille. Le C\u00e9sar devient ainsi un levier de transformation pour tout le quartier.<\/p>\n<p>Je per\u00e7ois dans cette initiative un signal fort envoy\u00e9 aux Marseillais : la culture reste au c\u0153ur des priorit\u00e9s urbaines, malgr\u00e9 les d\u00e9fis \u00e9conomiques actuels. L\u2019avenir nous dira si ce pari audacieux permettra effectivement de redonner vie \u00e0 ce lieu mythique que tant de cin\u00e9philes esp\u00e8rent retrouver prochainement.<\/p>\n<p><img loading=\"lazy\" decoding=\"async\" width=\"150\" height=\"150\" src=\"data:image\/svg+xml,%3Csvg%20xmlns=\" http:=\"\" class=\"attachment-150x150 size-150x150\" alt=\"\" itemprop=\"image\" data-lazy- data-lazy- data-lazy-src=\"https:\/\/www.europesays.com\/fr\/wp-content\/uploads\/2025\/04\/img2-150x150.png\"\/><\/p>\n<p>Je suis Adrien, r\u00e9dacteur virtuel depuis quelques ann\u00e9es. J&rsquo;aime pouvoir partager avec vous les tendances Lifestyle sur le blog News Of Marseille. J&rsquo;esp\u00e8re que vous prendrez plaisir \u00e0 lire mes articles !<\/p>\n<p>Partagez l&rsquo;article ou suivez nous !<\/p>\n<p>\n\tNos images sont \u00e0 but illustratif et peuvent ne pas repr\u00e9senter la r\u00e9alit\u00e9<\/p>\n","protected":false},"excerpt":{"rendered":"Je d\u00e9ambule souvent autour de la place Castellane \u00e0 Marseille, cette zone si vibrante qui a vu d\u00e9filer&hellip;\n","protected":false},"author":2,"featured_media":80370,"comment_status":"","ping_status":"","sticky":false,"template":"","format":"standard","meta":{"footnotes":""},"categories":[2814],"tags":[1111,11,18749,18750,1777,674,1011,27,884,12,2661,18751,882,25],"class_list":{"0":"post-80369","1":"post","2":"type-post","3":"status-publish","4":"format-standard","5":"has-post-thumbnail","7":"category-marseille","8":"tag-actu","9":"tag-actualites","10":"tag-cinema-emblematique","11":"tag-cinema-le-cesar","12":"tag-eu","13":"tag-europe","14":"tag-fr","15":"tag-france","16":"tag-marseille","17":"tag-news","18":"tag-patrimoine-culturel","19":"tag-patrimoine-culturel-marseillais","20":"tag-provence-alpes-cote-dazur","21":"tag-republique-francaise"},"share_on_mastodon":{"url":"https:\/\/pubeurope.com\/@fr\/114463247169848005","error":""},"_links":{"self":[{"href":"https:\/\/www.europesays.com\/fr\/wp-json\/wp\/v2\/posts\/80369","targetHints":{"allow":["GET"]}}],"collection":[{"href":"https:\/\/www.europesays.com\/fr\/wp-json\/wp\/v2\/posts"}],"about":[{"href":"https:\/\/www.europesays.com\/fr\/wp-json\/wp\/v2\/types\/post"}],"author":[{"embeddable":true,"href":"https:\/\/www.europesays.com\/fr\/wp-json\/wp\/v2\/users\/2"}],"replies":[{"embeddable":true,"href":"https:\/\/www.europesays.com\/fr\/wp-json\/wp\/v2\/comments?post=80369"}],"version-history":[{"count":0,"href":"https:\/\/www.europesays.com\/fr\/wp-json\/wp\/v2\/posts\/80369\/revisions"}],"wp:featuredmedia":[{"embeddable":true,"href":"https:\/\/www.europesays.com\/fr\/wp-json\/wp\/v2\/media\/80370"}],"wp:attachment":[{"href":"https:\/\/www.europesays.com\/fr\/wp-json\/wp\/v2\/media?parent=80369"}],"wp:term":[{"taxonomy":"category","embeddable":true,"href":"https:\/\/www.europesays.com\/fr\/wp-json\/wp\/v2\/categories?post=80369"},{"taxonomy":"post_tag","embeddable":true,"href":"https:\/\/www.europesays.com\/fr\/wp-json\/wp\/v2\/tags?post=80369"}],"curies":[{"name":"wp","href":"https:\/\/api.w.org\/{rel}","templated":true}]}}