{"id":80373,"date":"2025-05-06T22:29:17","date_gmt":"2025-05-06T22:29:17","guid":{"rendered":"https:\/\/www.europesays.com\/fr\/80373\/"},"modified":"2025-05-06T22:29:17","modified_gmt":"2025-05-06T22:29:17","slug":"la-compagnie-departementale-dintervention-deployee","status":"publish","type":"post","link":"https:\/\/www.europesays.com\/fr\/80373\/","title":{"rendered":"la Compagnie d\u00e9partementale d&rsquo;intervention d\u00e9ploy\u00e9e"},"content":{"rendered":"<p>Nouvel \u00e9pisode de violences urbaines \u00e0 Meyzieu, dans l\u2019est lyonnais. Pas de bless\u00e9, mais plusieurs impacts de balles ont \u00e9t\u00e9 relev\u00e9s dans la nuit du 5 au 6 mai, dans le quartier du Mathiolan, \u00e0 Meyzieu.<\/p>\n<p>Les tirs ont retenti aux alentours\u00a0d&rsquo;1h du matin, rue Saint-Mathieux.\u00a0D\u2019apr\u00e8s nos informations, il pourrait s\u2019agir d\u2019une arme longue. Plusieurs impacts de balles ont \u00e9t\u00e9 identifi\u00e9s sur des murs et des v\u00e9hicules stationn\u00e9s dans la rue.<\/p>\n<p>Aucun bless\u00e9 n\u2019a \u00e9t\u00e9 signal\u00e9. \u00c0 ce stade, aucune interpellation n\u2019a eu lieu. Une enqu\u00eate confi\u00e9e \u00e0 la Division de la Criminalit\u00e9 Territoriale (DCT)\u00a0est en cours pour d\u00e9terminer les circonstances exactes de ces tirs et identifier le ou les auteurs.<\/p>\n<p>La Compagnie d\u00e9partementale d&rsquo;intervention (CDI) sera d\u00e9ploy\u00e9e ce mardi soir dans le secteur.<\/p>\n<blockquote class=\"twitter-tweet\"><p>&#13;<\/p>\n<p dir=\"ltr\" lang=\"fr\">Tirs \u00e0 Meyzieu, dans le quartier du Mathiolan. Une fois de plus, la violence explose. Je m\u2019\u00e9tais d\u00e9j\u00e0 saisie de ces probl\u00e8mes d\u2019ins\u00e9curit\u00e9 : les habitants n\u2019en peuvent plus. Je me rendrai sur place pour leur t\u00e9moigner mon soutien et exiger des actes forts.<a href=\"https:\/\/twitter.com\/lyonmag?ref_src=twsrc%5Etfw\" target=\"_blank\" rel=\"noopener\">@lyonmag<\/a> <a href=\"https:\/\/twitter.com\/leprogreslyon?ref_src=twsrc%5Etfw\" target=\"_blank\" rel=\"noopener\">@leprogreslyon<\/a>\u2026<\/p>\n<p>&#13;<br \/>\n\u2014 Tiffany Joncour (@Tiffany_Joncour) <a href=\"https:\/\/twitter.com\/Tiffany_Joncour\/status\/1919671841402106082?ref_src=twsrc%5Etfw\" target=\"_blank\" rel=\"noopener\">May 6, 2025<\/a><\/p><\/blockquote>\n<p>\t\t  <script async src=\"https:\/\/platform.twitter.com\/widgets.js\" charset=\"utf-8\"><\/script><\/p>\n","protected":false},"excerpt":{"rendered":"Nouvel \u00e9pisode de violences urbaines \u00e0 Meyzieu, dans l\u2019est lyonnais. Pas de bless\u00e9, mais plusieurs impacts de balles&hellip;\n","protected":false},"author":2,"featured_media":80374,"comment_status":"","ping_status":"","sticky":false,"template":"","format":"standard","meta":{"footnotes":""},"categories":[1889],"tags":[1111,11,2813,2190,2430,1109,251,1112,2811,1777,674,118,1011,27,1922,1110,1114,2428,2810,12,241,316,25,2812,517,800],"class_list":{"0":"post-80373","1":"post","2":"type-post","3":"status-publish","4":"format-standard","5":"has-post-thumbnail","7":"category-lyon","8":"tag-actu","9":"tag-actualites","10":"tag-article","11":"tag-asvel","12":"tag-auvergne-rhone-alpes","13":"tag-breves","14":"tag-culture","15":"tag-depeches","16":"tag-economique","17":"tag-eu","18":"tag-europe","19":"tag-faits-divers","20":"tag-fr","21":"tag-france","22":"tag-info","23":"tag-informations","24":"tag-infos","25":"tag-lyon","26":"tag-lyonmag","27":"tag-news","28":"tag-ol","29":"tag-politique","30":"tag-republique-francaise","31":"tag-sociale","32":"tag-sport","33":"tag-transports"},"share_on_mastodon":{"url":"https:\/\/pubeurope.com\/@fr\/114463254966940002","error":""},"_links":{"self":[{"href":"https:\/\/www.europesays.com\/fr\/wp-json\/wp\/v2\/posts\/80373","targetHints":{"allow":["GET"]}}],"collection":[{"href":"https:\/\/www.europesays.com\/fr\/wp-json\/wp\/v2\/posts"}],"about":[{"href":"https:\/\/www.europesays.com\/fr\/wp-json\/wp\/v2\/types\/post"}],"author":[{"embeddable":true,"href":"https:\/\/www.europesays.com\/fr\/wp-json\/wp\/v2\/users\/2"}],"replies":[{"embeddable":true,"href":"https:\/\/www.europesays.com\/fr\/wp-json\/wp\/v2\/comments?post=80373"}],"version-history":[{"count":0,"href":"https:\/\/www.europesays.com\/fr\/wp-json\/wp\/v2\/posts\/80373\/revisions"}],"wp:featuredmedia":[{"embeddable":true,"href":"https:\/\/www.europesays.com\/fr\/wp-json\/wp\/v2\/media\/80374"}],"wp:attachment":[{"href":"https:\/\/www.europesays.com\/fr\/wp-json\/wp\/v2\/media?parent=80373"}],"wp:term":[{"taxonomy":"category","embeddable":true,"href":"https:\/\/www.europesays.com\/fr\/wp-json\/wp\/v2\/categories?post=80373"},{"taxonomy":"post_tag","embeddable":true,"href":"https:\/\/www.europesays.com\/fr\/wp-json\/wp\/v2\/tags?post=80373"}],"curies":[{"name":"wp","href":"https:\/\/api.w.org\/{rel}","templated":true}]}}