{"id":803862,"date":"2026-03-16T23:50:13","date_gmt":"2026-03-16T23:50:13","guid":{"rendered":"https:\/\/www.europesays.com\/fr\/803862\/"},"modified":"2026-03-16T23:50:13","modified_gmt":"2026-03-16T23:50:13","slug":"zebaobu-dominique-cagnard-au-printemps-des-poetes-a-melesse-2","status":"publish","type":"post","link":"https:\/\/www.europesays.com\/fr\/803862\/","title":{"rendered":"Z\u00e9baobu, Dominique Cagnard au Printemps des po\u00e8tes \u00e0 Melesse"},"content":{"rendered":"<p>En partenariat avec la Station th\u00e9\u00e2tre de La M\u00e9zi\u00e8re, au nord de Rennes\u00a0(Ille-et-Vilaine), le Printemps des po\u00e8tes, manifestation nationale, revient \u00e0 la m\u00e9diath\u00e8que melessienne. <strong>\u00ab\u00a0On participe r\u00e9guli\u00e8rement \u00e0 ce rendez-vous afin de mettre en avant la po\u00e9sie<\/strong>, indique Lucile Renard, responsable de ce lieu empreint de culture. <strong>Le projet a \u00e9t\u00e9 initi\u00e9 en voulant d\u00e9cliner la po\u00e9sie avec des \u00e9l\u00e8ves de CM1 et CM2, ainsi qu\u2019avec<\/strong> <strong>\u00a0les coll\u00e9giens de la classe de 5e\u00a0C.\u00a0\u00bb<\/strong>  Lesquels ont particip\u00e9 pr\u00e9alablement \u00e0 des ateliers lecture \u00e0 haute voix.<\/p>\n<p>La faune et la flore malgache<\/p>\n<p>Le chemin po\u00e9tique se poursuivra cette semaine avec plusieurs moments forts. <strong>\u00ab\u00a0Dominique Cagnard, auteur de Z\u00e9baobu, sera pr\u00e9sent \u00e0 la m\u00e9diath\u00e8que pour \u00e9changer avec le public<\/strong>, invite Gwena\u00ebl De Boodt, directeur de la Station th\u00e9\u00e2tre. <strong>Il proposera des lectures de ses propres po\u00e8mes, ainsi que d\u2019autres auteurs, comme Philippe Jaccotet et Jules Mougin.\u00a0\u00bb<\/strong> Po\u00e8te attach\u00e9 au merveilleux de l\u2019enfance mais libre de toute \u00e9cole, Dominique Cagnard rentre alors de Madagascar avec Z\u00e9baobu, qu\u2019il pr\u00e9sente aujourd\u2019hui.<\/p>\n<p>L\u2019auteur contera des extraits de Z\u00e9baobu. <strong>\u00ab\u00a0\u00c9dit\u00e9 par la Station th\u00e9\u00e2tre, cet ouvrage \u00e9voque la faune et la flore malgache<\/strong>, rapporte le directeur de la Station th\u00e9\u00e2tre.<strong> Dans cet ouvrage,<\/strong> <strong>il offre \u00e0 l\u2019Acad\u00e9micien centenaire Ren\u00e9 de\u00a0Obaldia ce long po\u00e8me tropical qui t\u00e9moigne de leur familiarit\u00e9 d\u2019\u00e9criture.\u00a0\u00bb<\/strong><\/p>\n<p>Mercredi 18\u00a0mars 2026, \u00e0 16\u00a0h, rencontre avec l\u2019auteur Dominique Cagnard \u00e0 la m\u00e9diath\u00e8que de Melesse, avec des extraits de Z\u00e9baobu, suivis d\u2019un \u00e9change, tout public avec entr\u00e9e libre. Samedi 21\u00a0mars, \u00e0 20\u00a0h, et dimanche 22\u00a0mars, \u00e0 15\u00a0h, \u00e0 la Station th\u00e9\u00e2tre de La M\u00e9zi\u00e8re, spectacle Z\u00e9baobu avec\u00a0Dominique Cagnard, Gwena\u00ebl De Boodt et Morgane Le Cuff \u00e0 la harpe. R\u00e9servations sur resalastationthatre@gmail.com ou au t\u00e9l.\u00a002\u00a099\u00a069\u00a028\u00a009. Tarifs\u00a0: plein 11\u00a0\u20ac\u00a0; 7\u00a0\u20ac pour les moins de 12\u00a0ans.<\/p>\n<p>\u00a0<\/p>\n","protected":false},"excerpt":{"rendered":"En partenariat avec la Station th\u00e9\u00e2tre de La M\u00e9zi\u00e8re, au nord de Rennes\u00a0(Ille-et-Vilaine), le Printemps des po\u00e8tes, manifestation&hellip;\n","protected":false},"author":2,"featured_media":803748,"comment_status":"","ping_status":"","sticky":false,"template":"","format":"standard","meta":{"footnotes":"","_share_on_mastodon":"0"},"categories":[2821],"tags":[1111,11,829,88140,7908,1777,674,1011,27,9113,12,88141,4767,584,25,88139],"class_list":["post-803862","post","type-post","status-publish","format-standard","has-post-thumbnail","category-rennes","tag-actu","tag-actualites","tag-bretagne","tag-cagnard","tag-dominique","tag-eu","tag-europe","tag-fr","tag-france","tag-melesse","tag-news","tag-poetes","tag-printemps","tag-rennes","tag-republique-francaise","tag-zebaobu"],"share_on_mastodon":{"url":"","error":""},"_links":{"self":[{"href":"https:\/\/www.europesays.com\/fr\/wp-json\/wp\/v2\/posts\/803862","targetHints":{"allow":["GET"]}}],"collection":[{"href":"https:\/\/www.europesays.com\/fr\/wp-json\/wp\/v2\/posts"}],"about":[{"href":"https:\/\/www.europesays.com\/fr\/wp-json\/wp\/v2\/types\/post"}],"author":[{"embeddable":true,"href":"https:\/\/www.europesays.com\/fr\/wp-json\/wp\/v2\/users\/2"}],"replies":[{"embeddable":true,"href":"https:\/\/www.europesays.com\/fr\/wp-json\/wp\/v2\/comments?post=803862"}],"version-history":[{"count":0,"href":"https:\/\/www.europesays.com\/fr\/wp-json\/wp\/v2\/posts\/803862\/revisions"}],"wp:featuredmedia":[{"embeddable":true,"href":"https:\/\/www.europesays.com\/fr\/wp-json\/wp\/v2\/media\/803748"}],"wp:attachment":[{"href":"https:\/\/www.europesays.com\/fr\/wp-json\/wp\/v2\/media?parent=803862"}],"wp:term":[{"taxonomy":"category","embeddable":true,"href":"https:\/\/www.europesays.com\/fr\/wp-json\/wp\/v2\/categories?post=803862"},{"taxonomy":"post_tag","embeddable":true,"href":"https:\/\/www.europesays.com\/fr\/wp-json\/wp\/v2\/tags?post=803862"}],"curies":[{"name":"wp","href":"https:\/\/api.w.org\/{rel}","templated":true}]}}