{"id":804090,"date":"2026-03-17T02:10:23","date_gmt":"2026-03-17T02:10:23","guid":{"rendered":"https:\/\/www.europesays.com\/fr\/804090\/"},"modified":"2026-03-17T02:10:23","modified_gmt":"2026-03-17T02:10:23","slug":"une-petition-reclame-larret-de-la-vente-de-pieges-a-colle-dans-un-hypermarche","status":"publish","type":"post","link":"https:\/\/www.europesays.com\/fr\/804090\/","title":{"rendered":"une p\u00e9tition r\u00e9clame l\u2019arr\u00eat de la vente de pi\u00e8ges \u00e0 colle dans un hypermarch\u00e9"},"content":{"rendered":"<p>                    Par<br \/>\n        <strong><br \/>\n            <a href=\"https:\/\/actu.fr\/auteur\/maxime-turberville\" title=\"Consulter tous les articles de Maxime Turberville\" rel=\"nofollow noopener\" target=\"_blank\">Maxime Turberville<\/a><br \/>\n                    <\/strong><\/p>\n<p>        Publi\u00e9 le<\/p>\n<p>            16 mars 2026 \u00e0 17h48        <\/p>\n<p>\u00ab<a href=\"https:\/\/www.mesopinions.com\/petition\/animaux\/e-leclerc-noyal-vilaine-stop-aux\/277801\" rel=\"nofollow noopener\" target=\"_blank\">\u2009E.Leclerc Noyal-sur-Vilaine\u2009: stop aux pi\u00e8ges \u00e0 colle<\/a>\u2009\u00bb. C\u2019est le nom de la p\u00e9tition en ligne lanc\u00e9e par une cliente de l\u2019<b>Hypermarch\u00e9 de Noyal-sur-Vilaine <\/b>(Ille-et-Vilaine). Sign\u00e9e par <b>plus de 18\u2009000\u00a0personnes<\/b>, lundi 16\u00a0mars 2026, elle est soutenue par l\u2019association PAZ (Projet Animaux Zoopolis).<\/p>\n<p>\u00ab\u2009D\u2019une cruaut\u00e9 sans nom\u2009\u00bb<\/p>\n<p class=\" wall-content\">Dans cette p\u00e9tition, une cliente raconte avoir remarqu\u00e9 \u00ab\u2009<b>avec horreur<\/b>\u2009\u00bb, mais sans pr\u00e9ciser la date, que le magasin vendait des pi\u00e8ges \u00e0 colle visant les rongeurs.<\/p>\n<p class=\" wall-content\">\u00ab\u2009Ces types de dispositifs sont d\u2019une cruaut\u00e9 sans nom\u2009\u00bb, \u00e9crit-elle.<\/p>\n<p class=\" wall-content\">Pour elle et l\u2019association PAZ, l\u2019animal qui se retrouve pi\u00e9g\u00e9 sur ces produits y restera \u00ab\u2009immobilis\u00e9 jusqu\u2019\u00e0 ce qu\u2019il meure d\u2019\u00e9puisement d\u2019avoir tent\u00e9 de s\u2019\u00e9chapper, de faim ou de soif\u2009\u00bb.<\/p>\n<p class=\" wall-content\">Elle ajoute\u2009:<\/p>\n<p>Vid\u00e9os : en ce moment sur Actu<\/p>\n<blockquote class=\"ac-article-quote wall-content\">\n<p>La mort est lente et extr\u00eamement douloureuse\u2009: la peur s\u2019installe, la lutte pour fuir s\u2019intensifie, mais la mort ne survient qu\u2019au bout de plusieurs heures, parfois plusieurs jours\u2009! Certains animaux pris aux pi\u00e8ges peuvent aller jusqu\u2019\u00e0 se ronger les membres ou s\u2019arracher la peau pour tenter de se lib\u00e9rer.\u00a0Il est tout simplement scandaleux qu\u2019une enseigne comme E.Leclerc accepte toujours de commercialiser ces produits.<\/p>\n<\/blockquote>\n<p>Les \u00e9lections municipales 2026<\/p>\n<p>Suivez toutes les actualit\u00e9s des municipales 2026 dans une seule newsletter.<\/p>\n<p>    <a href=\"http:\/\/actu.fr\/newsletter\/#encampagne_preview\" class=\"ac-btn ac-btn--corner ac-btn--medium ac-btn--blue800\" rel=\"nofollow noopener\" target=\"_blank\">S&rsquo;inscrire<\/a><\/p>\n<p>La direction en contact avec la cliente<\/p>\n<p class=\" wall-content\">L\u2019association PAZ, qui soutient la cliente, m\u00e8ne une campagne <b>visant l\u2019interdiction des pi\u00e8ges \u00e0 colle \u00e0 travers des p\u00e9titions notamment.<\/b><\/p>\n<p class=\" wall-content\">Elle indique que \u00ab\u2009nombreuses enseignes\u2009\u00bb ont d\u2019ailleurs cess\u00e9 de les distribuer. C\u2019est pour cela qu\u2019elle demande de retirer \u00ab\u2009imm\u00e9diatement les pi\u00e8ges \u00e0 colle des rayons\u2009\u00bb de l\u2019hypermarch\u00e9 de Noyal-sur-Vilaine.<\/p>\n<p class=\" wall-content\"><b>Un magasin que l\u2019association dit avoir contact\u00e9 une \u00ab<\/b>\u2009premi\u00e8re fois en 2025 pour la sensibiliser \u00e0 la cruaut\u00e9 des pi\u00e8ges \u00e0 colle\u2009\u00bb et lui demander de cesser de les commercialiser, puis une seconde fois le 11\u00a0mars 2026 pour l\u2019informer du lancement de la p\u00e9tition.<\/p>\n<p class=\" wall-content\">Contact\u00e9, l\u2019hypermarch\u00e9 noyalais ne souhaite pas commenter le sujet et indique simplement avoir des \u00ab\u2009\u00e9changes\u2009\u00bb avec la cliente m\u00e9contente. On ne sait pas si les produits sont encore vendus en magasin.<\/p>\n<p class=\" wall-content\">Personnalisez votre actualit\u00e9 en ajoutant vos villes et m\u00e9dias en favori avec <a href=\"https:\/\/moncompte.actu.fr\" title=\"D\u00e9couvez Mon Actu\" rel=\"nofollow noopener\" data-trk=\"{&quot;cta&quot;:{&quot;action&quot;:&quot;https:\\\/\\\/moncompte.actu.fr&quot;,&quot;category&quot;:&quot;mon compte&quot;,&quot;from&quot;:&quot;article footer&quot;,&quot;name&quot;:&quot;Mon actu&quot;,&quot;type&quot;:&quot;cta&quot;}}\" target=\"_blank\">Mon Actu<\/a>.<\/p>\n","protected":false},"excerpt":{"rendered":"Par Maxime Turberville Publi\u00e9 le 16 mars 2026 \u00e0 17h48 \u00ab\u2009E.Leclerc Noyal-sur-Vilaine\u2009: stop aux pi\u00e8ges \u00e0 colle\u2009\u00bb. C\u2019est&hellip;\n","protected":false},"author":2,"featured_media":804091,"comment_status":"","ping_status":"","sticky":false,"template":"","format":"standard","meta":{"footnotes":"","_share_on_mastodon":"0"},"categories":[2821],"tags":[1111,11,829,1777,674,1011,27,2529,12,584,25,104],"class_list":["post-804090","post","type-post","status-publish","format-standard","has-post-thumbnail","category-rennes","tag-actu","tag-actualites","tag-bretagne","tag-eu","tag-europe","tag-fr","tag-france","tag-intermarche","tag-news","tag-rennes","tag-republique-francaise","tag-societe"],"share_on_mastodon":{"url":"https:\/\/pubeurope.com\/@fr\/116242089658659223","error":""},"_links":{"self":[{"href":"https:\/\/www.europesays.com\/fr\/wp-json\/wp\/v2\/posts\/804090","targetHints":{"allow":["GET"]}}],"collection":[{"href":"https:\/\/www.europesays.com\/fr\/wp-json\/wp\/v2\/posts"}],"about":[{"href":"https:\/\/www.europesays.com\/fr\/wp-json\/wp\/v2\/types\/post"}],"author":[{"embeddable":true,"href":"https:\/\/www.europesays.com\/fr\/wp-json\/wp\/v2\/users\/2"}],"replies":[{"embeddable":true,"href":"https:\/\/www.europesays.com\/fr\/wp-json\/wp\/v2\/comments?post=804090"}],"version-history":[{"count":0,"href":"https:\/\/www.europesays.com\/fr\/wp-json\/wp\/v2\/posts\/804090\/revisions"}],"wp:featuredmedia":[{"embeddable":true,"href":"https:\/\/www.europesays.com\/fr\/wp-json\/wp\/v2\/media\/804091"}],"wp:attachment":[{"href":"https:\/\/www.europesays.com\/fr\/wp-json\/wp\/v2\/media?parent=804090"}],"wp:term":[{"taxonomy":"category","embeddable":true,"href":"https:\/\/www.europesays.com\/fr\/wp-json\/wp\/v2\/categories?post=804090"},{"taxonomy":"post_tag","embeddable":true,"href":"https:\/\/www.europesays.com\/fr\/wp-json\/wp\/v2\/tags?post=804090"}],"curies":[{"name":"wp","href":"https:\/\/api.w.org\/{rel}","templated":true}]}}