{"id":804092,"date":"2026-03-17T02:11:23","date_gmt":"2026-03-17T02:11:23","guid":{"rendered":"https:\/\/www.europesays.com\/fr\/804092\/"},"modified":"2026-03-17T02:11:23","modified_gmt":"2026-03-17T02:11:23","slug":"a-rennes-action-contre-la-faim-organise-une-course-caritative-dimanche-22-mars-2026","status":"publish","type":"post","link":"https:\/\/www.europesays.com\/fr\/804092\/","title":{"rendered":"\u00c0 Rennes, Action contre la faim organise une course caritative dimanche 22\u00a0mars 2026"},"content":{"rendered":"<tr wp_automatic_readability=\"6.8561643835616\">\n<td valign=\"middle\" align=\"center\" class=\"col-logo\" wp_automatic_readability=\"5\">\n    <img decoding=\"async\" src=\"https:\/\/maville.com\/design\/images\/logo-of-monetise.svg?version=20130627\" alt=\"logo Ouest-France\" height=\"66\" loading=\"lazy\"\/><\/p>\n<p>Contenu r\u00e9serv\u00e9 aux abonn\u00e9s<\/p>\n<\/td>\n<td class=\"col-titre\">\n\t\t\tLundi 16 mars 2026 20:01<br \/>\n\t\t\t<a class=\"icon-bulle sizeL count\" href=\"#ancreAvis\"><br \/>\n\t&#8230;<br \/>\n<\/a><\/td>\n<\/tr>\n<p>\t\t<a class=\"mavillebox2 elmt-photo\" href=\"https:\/\/maville.com\/photosmvi\/2026\/03\/16\/P35807590D7236608G.jpg\" title=\" En mars\u00a02025, Action contre la faim avait r\u00e9uni plus de 160\u00a0joggeurs \u00e0 Rennes\u00a0(Ille-et-Vilaine).  \u00a9  Archives Ouest-France  \" rel=\"galerie_actu nofollow noopener\" target=\"_blank\"><br \/>\n\t<img decoding=\"async\" src=\"https:\/\/www.europesays.com\/fr\/wp-content\/uploads\/2026\/03\/P35807590D7236608G_crop_640-330_.jpg\" alt=\"photo  en mars\u00a02025, action contre la faim avait r\u00e9uni plus de 160\u00a0joggeurs \u00e0 rennes\u00a0(ille-et-vilaine).  \u00a9  archives ouest-france \" loading=\"lazy\"\/><br \/>\n\t1<br \/>\n<\/a><\/p>\n<p class=\"elmt-legende\"> En mars\u00a02025, Action contre la faim avait r\u00e9uni plus de 160\u00a0joggeurs \u00e0 Rennes\u00a0(Ille-et-Vilaine).  \u00a9  Archives Ouest-France  <\/p>\n<p>\t\tDimanche 22\u00a0mars 2026, Action contre la faim invite les volontaires \u00e0 courir aux praires Saint-Martin, \u00e0 Rennes\u00a0(Ille-et-Vilaine) en faveur de l\u2019Irak, de l\u2019Afghanistan, du Burkina Faso et de la R\u00e9publique centrafricaine.<\/p>\n<p><b>Cet article est r\u00e9serv\u00e9 aux abonn\u00e9s<\/b><\/p>\n<p>Pour un acc\u00e8s imm\u00e9diat, abonnez-vous<\/p>\n<p><b>1\u00e8re semaine offerte<\/b><\/p>\n<p>\t\t Ouest-France \u00a0\u00a0<br \/>\n\t\tOuest-France<\/p>\n<p>Retrouvez d&rsquo;autres actus sur la commune de :<\/p>\n","protected":false},"excerpt":{"rendered":"Contenu r\u00e9serv\u00e9 aux abonn\u00e9s Lundi 16 mars 2026 20:01 &#8230; 1 En mars\u00a02025, Action contre la faim avait&hellip;\n","protected":false},"author":2,"featured_media":804093,"comment_status":"","ping_status":"","sticky":false,"template":"","format":"standard","meta":{"footnotes":"","_share_on_mastodon":"0"},"categories":[2821],"tags":[5734,10508,631,1111,11,829,71092,6466,6664,1777,674,30256,1011,27,918,12,9271,584,25],"class_list":["post-804092","post","type-post","status-publish","format-standard","has-post-thumbnail","category-rennes","tag-5734","tag-10508","tag-action","tag-actu","tag-actualites","tag-bretagne","tag-caritative","tag-course","tag-dimanche","tag-eu","tag-europe","tag-faim","tag-fr","tag-france","tag-mars","tag-news","tag-organise","tag-rennes","tag-republique-francaise"],"share_on_mastodon":{"url":"https:\/\/pubeurope.com\/@fr\/116242093662727231","error":""},"_links":{"self":[{"href":"https:\/\/www.europesays.com\/fr\/wp-json\/wp\/v2\/posts\/804092","targetHints":{"allow":["GET"]}}],"collection":[{"href":"https:\/\/www.europesays.com\/fr\/wp-json\/wp\/v2\/posts"}],"about":[{"href":"https:\/\/www.europesays.com\/fr\/wp-json\/wp\/v2\/types\/post"}],"author":[{"embeddable":true,"href":"https:\/\/www.europesays.com\/fr\/wp-json\/wp\/v2\/users\/2"}],"replies":[{"embeddable":true,"href":"https:\/\/www.europesays.com\/fr\/wp-json\/wp\/v2\/comments?post=804092"}],"version-history":[{"count":0,"href":"https:\/\/www.europesays.com\/fr\/wp-json\/wp\/v2\/posts\/804092\/revisions"}],"wp:featuredmedia":[{"embeddable":true,"href":"https:\/\/www.europesays.com\/fr\/wp-json\/wp\/v2\/media\/804093"}],"wp:attachment":[{"href":"https:\/\/www.europesays.com\/fr\/wp-json\/wp\/v2\/media?parent=804092"}],"wp:term":[{"taxonomy":"category","embeddable":true,"href":"https:\/\/www.europesays.com\/fr\/wp-json\/wp\/v2\/categories?post=804092"},{"taxonomy":"post_tag","embeddable":true,"href":"https:\/\/www.europesays.com\/fr\/wp-json\/wp\/v2\/tags?post=804092"}],"curies":[{"name":"wp","href":"https:\/\/api.w.org\/{rel}","templated":true}]}}